{"id":215185,"date":"2025-06-24T09:34:10","date_gmt":"2025-06-24T09:34:10","guid":{"rendered":"https:\/\/www.europesays.com\/de\/215185\/"},"modified":"2025-06-24T09:34:10","modified_gmt":"2025-06-24T09:34:10","slug":"bundesverwaltungsgericht-hebt-verbot-des-compact-magazins-auf-2","status":"publish","type":"post","link":"https:\/\/www.europesays.com\/de\/215185\/","title":{"rendered":"Bundesverwaltungsgericht hebt Verbot des Compact-Magazins auf"},"content":{"rendered":"<p class=\"metatextline\">Stand: 24.06.2025 11:00 Uhr<\/p>\n<p class=\"textabsatz columns twelve  m-ten  m-offset-one l-eight l-offset-two\">\n        <strong>Das rechtsextreme Magazin Compact kann weiter erscheinen. Das Bundesverwaltungsgericht hat das Verbot aufgehoben, das die damalige Bundesinnenministerin Faeser im Sommer 2024 erlassen hatte.<\/strong>\n    <\/p>\n<p class=\"textabsatz m-ten m-offset-one l-eight l-offset-two columns twelve\">\nDas Bundesverwaltungsgericht in Leipzig hat das Verbot des Compact-Magazins aufgehoben, das die damalige Bundesinnenministerin Nancy Faeser im Sommer 2024 erlassen hatte.\u00a0Damit kann das rechtsextreme Magazin weiter erscheinen.<\/p>\n<p class=\"textabsatz m-ten m-offset-one l-eight l-offset-two columns twelve\">\n&#8222;Das Grundgesetz garantiert selbst den Feinden der Verfassung die Meinungs- und Pressefreiheit&#8220;, begr\u00fcndete der Vorsitzende Richter Ingo Kraft die Entscheidung. Zwar gebe es zahlreiche polemische und zugespitzte \u00c4u\u00dferungen. Die Grenze zur Verfassungsfeindlichkeit sei jedoch nicht \u00fcberschritten, so das Gericht.\u00a0<\/p>\n<p class=\"textabsatz m-ten m-offset-one l-eight l-offset-two columns twelve\">\nAuch die von Compact bedienten Verschw\u00f6rungstheorien und geschichtsrevisionistischen Betrachtungen fielen unter den Schutz der Meinungsfreiheit und &#8222;verm\u00f6gen das Vereinsverbot nicht zu rechtfertigen&#8220;.<\/p>\n<p class=\"textabsatz m-ten m-offset-one l-eight l-offset-two columns twelve\">\nDie Bundesrichter best\u00e4tigten damit ihre Entscheidung aus dem Eilverfahren im vergangenen August. Damals <a href=\"https:\/\/www.tagesschau.de\/inland\/innenpolitik\/compact-verbot-aufgehoben-102.html\" title=\"Bundesverwaltungsgericht setzt Compact-Verbot teils vorl\u00e4ufig au\u00dfer Vollzug\" rel=\"nofollow noopener\" target=\"_blank\">hatten sie das Verbot vorl\u00e4ufig ausgesetzt<\/a>, sodass das Blatt vorerst weiter erscheinen konnte. Nun hat der zust\u00e4ndige 6. Senat im Hauptsacheverfahren seine endg\u00fcltige Entscheidung getroffen.<\/p>\n<p>    Els\u00e4sser: &#8222;Auch die AfD wird davon profitieren&#8220;<\/p>\n<p class=\"textabsatz m-ten m-offset-one l-eight l-offset-two columns twelve\">\nCompact-Chefredakteur J\u00fcrgen Els\u00e4sser zeigte sich erfreut \u00fcber das Urteil. Er wertete den juristischen Erfolg als doppelten Erfolg. &#8222;Auch die AfD wird davon profitieren&#8220;, sagte er nach der Verhandlung. &#8222;Wenn es unm\u00f6glich ist, Compact zu verbieten, ist es auch nicht m\u00f6glich, die AfD zu verbieten, der ja dasselbe vorgeworfen wird wie uns.&#8220;<\/p>\n<p class=\"textabsatz m-ten m-offset-one l-eight l-offset-two columns twelve\">\nDas Bundesinnenministerium hatte das Magazin im Sommer 2024 verboten und es als &#8222;zentrales Sprachrohr der rechtsextremistischen Szene&#8220; bezeichnet. Laut Ministerium ist die Compact-Magazin GmbH seit L\u00e4ngerem im Fokus des Verfassungsschutzes und wurde Ende 2021 als gesichert rechtsextremistische Vereinigung eingestuft und beobachtet.\u00a0<\/p>\n<p>    Aussagen durch Presse- und Meinungsfreiheit gedeckt?<\/p>\n<p class=\"textabsatz m-ten m-offset-one l-eight l-offset-two columns twelve\">\nDas 2010 gegr\u00fcndete Medienunternehmen hatte seinen Sitz fr\u00fcher im brandenburgischen Falkensee, inzwischen sitzt es in St\u00f6\u00dfen in Sachsen-Anhalt. Die Auflage des Compact-Magazins liegt nach Gerichtsangaben bei 40.000 Exemplaren, der Online-TV-Kanal erreicht bis zu 460.000 Klicks.\u00a0<\/p>\n<p class=\"textabsatz m-ten m-offset-one l-eight l-offset-two columns twelve\">\nZentrale Frage war, ob Aussagen des Medienunternehmens noch durch die Presse- und Meinungsfreiheit gedeckt sind &#8211; oder ob sie verfassungsfeindlich sind und eine konkrete Gef\u00e4hrdung darstellen. Entscheidend f\u00fcr die Bewertung dabei war, ob verfassungswidrige Inhalte pr\u00e4gend f\u00fcr Compact sind.<\/p>\n<p class=\"textabsatz m-ten m-offset-one l-eight l-offset-two columns twelve\"> Aktenzeichen: BVerwG 6 A 4.24<\/p>\n","protected":false},"excerpt":{"rendered":"Stand: 24.06.2025 11:00 Uhr Das rechtsextreme Magazin Compact kann weiter erscheinen. Das Bundesverwaltungsgericht hat das Verbot aufgehoben, das&hellip;\n","protected":false},"author":2,"featured_media":215093,"comment_status":"","ping_status":"","sticky":false,"template":"","format":"standard","meta":{"footnotes":"","_share_on_mastodon":"0"},"categories":[5],"tags":[60259,1764,13,14,15,770,12,10,8,9,11],"class_list":["post-215185","post","type-post","status-publish","format-standard","has-post-thumbnail","category-nachrichten","tag-compact","tag-eilmeldung","tag-headlines","tag-nachrichten","tag-news","tag-rechtsextremismus","tag-schlagzeilen","tag-top-news","tag-top-meldungen","tag-topmeldungen","tag-topnews"],"share_on_mastodon":{"url":"https:\/\/pubeurope.com\/@de\/114737660773793429","error":""},"_links":{"self":[{"href":"https:\/\/www.europesays.com\/de\/wp-json\/wp\/v2\/posts\/215185","targetHints":{"allow":["GET"]}}],"collection":[{"href":"https:\/\/www.europesays.com\/de\/wp-json\/wp\/v2\/posts"}],"about":[{"href":"https:\/\/www.europesays.com\/de\/wp-json\/wp\/v2\/types\/post"}],"author":[{"embeddable":true,"href":"https:\/\/www.europesays.com\/de\/wp-json\/wp\/v2\/users\/2"}],"replies":[{"embeddable":true,"href":"https:\/\/www.europesays.com\/de\/wp-json\/wp\/v2\/comments?post=215185"}],"version-history":[{"count":0,"href":"https:\/\/www.europesays.com\/de\/wp-json\/wp\/v2\/posts\/215185\/revisions"}],"wp:featuredmedia":[{"embeddable":true,"href":"https:\/\/www.europesays.com\/de\/wp-json\/wp\/v2\/media\/215093"}],"wp:attachment":[{"href":"https:\/\/www.europesays.com\/de\/wp-json\/wp\/v2\/media?parent=215185"}],"wp:term":[{"taxonomy":"category","embeddable":true,"href":"https:\/\/www.europesays.com\/de\/wp-json\/wp\/v2\/categories?post=215185"},{"taxonomy":"post_tag","embeddable":true,"href":"https:\/\/www.europesays.com\/de\/wp-json\/wp\/v2\/tags?post=215185"}],"curies":[{"name":"wp","href":"https:\/\/api.w.org\/{rel}","templated":true}]}}