{"id":215270,"date":"2025-06-24T10:21:08","date_gmt":"2025-06-24T10:21:08","guid":{"rendered":"https:\/\/www.europesays.com\/de\/215270\/"},"modified":"2025-06-24T10:21:08","modified_gmt":"2025-06-24T10:21:08","slug":"torsten-peuker-uebernimmt-ab-1-7-die-kommissarische-leitung-fuer-die-mdr-programmdirektion-leipzig","status":"publish","type":"post","link":"https:\/\/www.europesays.com\/de\/215270\/","title":{"rendered":"Torsten Peuker \u00fcbernimmt ab 1.7. die kommissarische Leitung f\u00fcr die MDR-Programmdirektion Leipzig"},"content":{"rendered":"<p class=\"text\">\nIn der vergangenen Woche hatte MDR-Intendant Ralf Ludwig zun\u00e4chst den MDR-Rundfunkrat und anschlie\u00dfend die MDR-Mitarbeitenden informiert, dass die gemeinsame Leitungsposition f\u00fcr Halle und Leipzig demn\u00e4chst ausgeschrieben werden soll.\u00a0\n<\/p>\n<p><strong>MDR-Intendant Ralf Ludwig: <\/strong><\/p>\n<p class=\"text\">\n\u201eIch danke Torsten Peuker, dass er die vor\u00fcbergehende kommissarische Leitung der Programmdirektion Leipzig ab 1.7.2025 \u00fcbernimmt. Wir wollen die gemeinsame Leitung von PD Leipzig und PD Halle ab Januar dauerhaft neu besetzen und werden daf\u00fcr zeitnah die Stellenausschreibung ver\u00f6ffentlichen. Jana Brandt wird unver\u00e4ndert als Direktorin die Programmdirektion Halle f\u00fchren. Ich m\u00f6chte Jana Brandt meinen gro\u00dfen Dank und tiefen Respekt aussprechen, dass sie zus\u00e4tzlich zu ihren Aufgaben in Halle mehr als ein Jahr lang auch die Programmdirektion Leipzig kommissarisch gef\u00fchrt hat.\u201c\n<\/p>\n<p class=\"text\">\nTorsten Peuker wird die kommissarische Leitung in einem klar definierten \u00fcberschaubaren Zeitraum wahrnehmen. Er war bisher auch bereits stellvertretend f\u00fcr die Leitung der PD Leipzig aktiv. Torsten Peuker arbeitet seit 1991 f\u00fcr den MDR und verf\u00fcgt \u00fcber jahrelange Erfahrung in Management- und Programmprozessen.\n<\/p>\n<p>\nKontakt f\u00fcr Medien:<br \/>\nMDR<br \/>Kommunikations- und Mediendesk<br \/>E-Mail: kommunikation-desk@mdr.de<\/p>\n","protected":false},"excerpt":{"rendered":"In der vergangenen Woche hatte MDR-Intendant Ralf Ludwig zun\u00e4chst den MDR-Rundfunkrat und anschlie\u00dfend die MDR-Mitarbeitenden informiert, dass die&hellip;\n","protected":false},"author":2,"featured_media":215271,"comment_status":"","ping_status":"","sticky":false,"template":"","format":"standard","meta":{"footnotes":""},"categories":[1832],"tags":[3364,29,30,71,81,39244,39243,180,859,173],"class_list":{"0":"post-215270","1":"post","2":"type-post","3":"status-publish","4":"format-standard","5":"has-post-thumbnail","7":"category-leipzig","8":"tag-de","9":"tag-deutschland","10":"tag-germany","11":"tag-leipzig","12":"tag-mdr","13":"tag-mitteldeutscher-rundfunk","14":"tag-presseinformation","15":"tag-pressemeldung","16":"tag-sachsen","17":"tag-unternehmen"},"share_on_mastodon":{"url":"https:\/\/pubeurope.com\/@de\/114737845622259001","error":""},"_links":{"self":[{"href":"https:\/\/www.europesays.com\/de\/wp-json\/wp\/v2\/posts\/215270","targetHints":{"allow":["GET"]}}],"collection":[{"href":"https:\/\/www.europesays.com\/de\/wp-json\/wp\/v2\/posts"}],"about":[{"href":"https:\/\/www.europesays.com\/de\/wp-json\/wp\/v2\/types\/post"}],"author":[{"embeddable":true,"href":"https:\/\/www.europesays.com\/de\/wp-json\/wp\/v2\/users\/2"}],"replies":[{"embeddable":true,"href":"https:\/\/www.europesays.com\/de\/wp-json\/wp\/v2\/comments?post=215270"}],"version-history":[{"count":0,"href":"https:\/\/www.europesays.com\/de\/wp-json\/wp\/v2\/posts\/215270\/revisions"}],"wp:featuredmedia":[{"embeddable":true,"href":"https:\/\/www.europesays.com\/de\/wp-json\/wp\/v2\/media\/215271"}],"wp:attachment":[{"href":"https:\/\/www.europesays.com\/de\/wp-json\/wp\/v2\/media?parent=215270"}],"wp:term":[{"taxonomy":"category","embeddable":true,"href":"https:\/\/www.europesays.com\/de\/wp-json\/wp\/v2\/categories?post=215270"},{"taxonomy":"post_tag","embeddable":true,"href":"https:\/\/www.europesays.com\/de\/wp-json\/wp\/v2\/tags?post=215270"}],"curies":[{"name":"wp","href":"https:\/\/api.w.org\/{rel}","templated":true}]}}