{"id":215444,"date":"2025-06-24T11:52:13","date_gmt":"2025-06-24T11:52:13","guid":{"rendered":"https:\/\/www.europesays.com\/de\/215444\/"},"modified":"2025-06-24T11:52:13","modified_gmt":"2025-06-24T11:52:13","slug":"fruehlingsfest-in-muenchen-zum-60-jubilaeum-wird-eine-woche-laenger-gefeiert-muenchen","status":"publish","type":"post","link":"https:\/\/www.europesays.com\/de\/215444\/","title":{"rendered":"Fr\u00fchlingsfest in M\u00fcnchen: Zum 60. Jubil\u00e4um wird eine Woche l\u00e4nger gefeiert &#8211; M\u00fcnchen"},"content":{"rendered":"<p data-manual=\"paragraph\" data-schema-org-speakable=\"true\" class=\"css-1ylqqlw\">Das Fr\u00fchlingsfest auf der Theresienwiese wird im kommenden Jahr drei statt zwei Wochen dauern. Das hat die SPD-Stadtratsfraktion in einer Pressemitteilung bekannt gegeben. Demnach habe der Ausschuss f\u00fcr Arbeit und Wirtschaft die Verl\u00e4ngerung \u201emit breiter Zustimmung\u201c beschlossen. Hintergrund ist das 60. Jubil\u00e4um des Fr\u00fchlingsfestes, das zum ersten Mal 1965 stattfand.<\/p>\n<p><a href=\"https:\/\/www.sueddeutsche.de\/muenchen\/gute-nachrichten-muenchen-whatsapp-kanal-sueddeutsche-zeitung-1.6315833\" aria-label=\"Artikelverlinkung:\" data-track-szde=\"{&quot;event&quot;:&quot;teaser_clicked&quot;,&quot;teaser_clicked&quot;:{&quot;article_title&quot;:&quot;gute_nachrichten_aus_muenchen_jetzt_auf_whatsapp_abonnieren&quot;,&quot;doctype&quot;:&quot;&quot;,&quot;label&quot;:&quot;&quot;,&quot;main_topic&quot;:&quot;muenchen&quot;,&quot;object_id&quot;:&quot;sz.1.6315833&quot;,&quot;pcat&quot;:&quot;free&quot;,&quot;section&quot;:&quot;muenchen&quot;,&quot;teaser_type&quot;:&quot;article_teaser_top&quot;}}\" data-manual=\"teaser-url\" data-tb-link=\"\" aria-labelledby=\"teaser-httpswwwsueddeutschedemuenchengute-nachrichten-muenchen-whatsapp-kanal-sueddeutsche-zeitung-16315833\" class=\"css-14tg8sh\" target=\"_blank\" rel=\"noopener\"><img decoding=\"async\" src=\"https:\/\/www.europesays.com\/de\/wp-content\/uploads\/2025\/06\/1750765933_994_97c098fc-5b07-45f5-80e8-251184ccdd3f.jpeg\"   alt=\"\" loading=\"lazy\" class=\"css-8atqhb\"\/><\/p>\n<p>SZ Good News<\/p>\n<p>:Gute Nachrichten aus M\u00fcnchen \u2013 jetzt auf Whatsapp abonnieren<\/p>\n<p class=\"css-a6ecqs\" data-manual=\"teaser-text\" data-tb-description=\"\" data-schema-org-speakable=\"true\">Mehr positive Neuigkeiten im Alltag: Die S\u00fcddeutsche Zeitung verbreitet jeden Tag auf Whatsapp ausschlie\u00dflich sch\u00f6ne und heitere Nachrichten aus M\u00fcnchen und der Region. So k\u00f6nnen Sie ihn abonnieren.<\/p>\n<p data-manual=\"paragraph\" data-schema-org-speakable=\"true\" class=\"css-1ylqqlw\">Das Fr\u00fchlingsfest beginnt im kommenden Jahr am 17. April und endet am 10. Mai. Um das Fest m\u00f6glichst vielen Menschen zug\u00e4nglich zu machen, sei in der dritten Woche ein zus\u00e4tzlicher Familientag mit g\u00fcnstigeren Preisen f\u00fcr Fahrgesch\u00e4fte geplant, hei\u00dft es in der Mitteilung weiter: \u201eAu\u00dferdem veranstalten die Schausteller einen Bummeltag mit g\u00fcnstigem oder kostenlosem Programm.\u201c Davon, so die SPD, k\u00f6nnten auch Familien profitieren, die wirtschaftlich schlechter gestellt seien. In diesem Jahr gab es jeweils am Dienstag sogenannte Familiennachmittage mit reduzierten Preisen von 12 bis 19 Uhr.<\/p>\n","protected":false},"excerpt":{"rendered":"Das Fr\u00fchlingsfest auf der Theresienwiese wird im kommenden Jahr drei statt zwei Wochen dauern. Das hat die SPD-Stadtratsfraktion&hellip;\n","protected":false},"author":2,"featured_media":215445,"comment_status":"","ping_status":"","sticky":false,"template":"","format":"standard","meta":{"footnotes":""},"categories":[1827],"tags":[772,29,16745,30,2810,23730,3311,2636,1268,149,2959,69257],"class_list":{"0":"post-215444","1":"post","2":"type-post","3":"status-publish","4":"format-standard","5":"has-post-thumbnail","7":"category-muenchen","8":"tag-bayern","9":"tag-deutschland","10":"tag-freizeit-in-muenchen","11":"tag-germany","12":"tag-kinder-und-familie-in-muenchen","13":"tag-leben-und-gesellschaft-in-bayern","14":"tag-leben-und-gesellschaft-in-muenchen","15":"tag-ludwigsvorstadt","16":"tag-muenchen","17":"tag-sueddeutsche-zeitung","18":"tag-theresienwiese","19":"tag-volksfeste-in-bayern"},"share_on_mastodon":{"url":"https:\/\/pubeurope.com\/@de\/114738204568412298","error":""},"_links":{"self":[{"href":"https:\/\/www.europesays.com\/de\/wp-json\/wp\/v2\/posts\/215444","targetHints":{"allow":["GET"]}}],"collection":[{"href":"https:\/\/www.europesays.com\/de\/wp-json\/wp\/v2\/posts"}],"about":[{"href":"https:\/\/www.europesays.com\/de\/wp-json\/wp\/v2\/types\/post"}],"author":[{"embeddable":true,"href":"https:\/\/www.europesays.com\/de\/wp-json\/wp\/v2\/users\/2"}],"replies":[{"embeddable":true,"href":"https:\/\/www.europesays.com\/de\/wp-json\/wp\/v2\/comments?post=215444"}],"version-history":[{"count":0,"href":"https:\/\/www.europesays.com\/de\/wp-json\/wp\/v2\/posts\/215444\/revisions"}],"wp:featuredmedia":[{"embeddable":true,"href":"https:\/\/www.europesays.com\/de\/wp-json\/wp\/v2\/media\/215445"}],"wp:attachment":[{"href":"https:\/\/www.europesays.com\/de\/wp-json\/wp\/v2\/media?parent=215444"}],"wp:term":[{"taxonomy":"category","embeddable":true,"href":"https:\/\/www.europesays.com\/de\/wp-json\/wp\/v2\/categories?post=215444"},{"taxonomy":"post_tag","embeddable":true,"href":"https:\/\/www.europesays.com\/de\/wp-json\/wp\/v2\/tags?post=215444"}],"curies":[{"name":"wp","href":"https:\/\/api.w.org\/{rel}","templated":true}]}}