{"id":215582,"date":"2025-06-24T13:06:17","date_gmt":"2025-06-24T13:06:17","guid":{"rendered":"https:\/\/www.europesays.com\/de\/215582\/"},"modified":"2025-06-24T13:06:17","modified_gmt":"2025-06-24T13:06:17","slug":"warum-carsharing-in-duesseldorf-so-gut-funktioniert","status":"publish","type":"post","link":"https:\/\/www.europesays.com\/de\/215582\/","title":{"rendered":"Warum Carsharing in D\u00fcsseldorf so gut funktioniert\u00a0"},"content":{"rendered":"<p class=\"text_ohne_einzug richtext text-em-55 !leading-serif mx-6 desktop:mx-0\"> Seit in D\u00fcsseldorf die Mobilit\u00e4tsstationen wie Pilze aus dem Boden schie\u00dfen, ist auch das Carsharing auf dem Vormarsch. Sukzessive werden alle Stadtbezirke mit solchen Sammelstellen f\u00fcr eine umweltgerechte Mobilit\u00e4t ausgestattet, und immer werden dabei auch Parkpl\u00e4tze f\u00fcr das Carsharing ber\u00fccksichtigt \u2013 sowohl stationsbasiert als auch Free-Floating. W\u00e4hrend bei der ersten Variante die Fahrzeuge an einem festen Parkplatz (wie eben an einer Mobilit\u00e4tsstation) abgestellt und abgeholt werden m\u00fcssen, k\u00f6nnen Free-Floater \u00fcberall in D\u00fcsseldorf innerhalb des Gesch\u00e4ftsbereichs des jeweiligen Unternehmens geparkt werden.<\/p>\n","protected":false},"excerpt":{"rendered":"Seit in D\u00fcsseldorf die Mobilit\u00e4tsstationen wie Pilze aus dem Boden schie\u00dfen, ist auch das Carsharing auf dem Vormarsch.&hellip;\n","protected":false},"author":2,"featured_media":215583,"comment_status":"","ping_status":"","sticky":false,"template":"","format":"standard","meta":{"footnotes":""},"categories":[1831],"tags":[14078,3364,29,69314,3405,30813,15909,69316,30,1466,5108,5113,1209,44523,69315],"class_list":{"0":"post-215582","1":"post","2":"type-post","3":"status-publish","4":"format-standard","5":"has-post-thumbnail","7":"category-duesseldorf","8":"tag-carsharing","9":"tag-de","10":"tag-deutschland","11":"tag-dittgen","12":"tag-duesseldorf","13":"tag-floating","14":"tag-free","15":"tag-funktioniert","16":"tag-germany","17":"tag-mobilitaet","18":"tag-mobilitaetsstation","19":"tag-mobilitaetsstationen","20":"tag-nordrhein-westfalen","21":"tag-stadtbezirke","22":"tag-stationsbasiert"},"share_on_mastodon":{"url":"https:\/\/pubeurope.com\/@de\/114738495288060236","error":""},"_links":{"self":[{"href":"https:\/\/www.europesays.com\/de\/wp-json\/wp\/v2\/posts\/215582","targetHints":{"allow":["GET"]}}],"collection":[{"href":"https:\/\/www.europesays.com\/de\/wp-json\/wp\/v2\/posts"}],"about":[{"href":"https:\/\/www.europesays.com\/de\/wp-json\/wp\/v2\/types\/post"}],"author":[{"embeddable":true,"href":"https:\/\/www.europesays.com\/de\/wp-json\/wp\/v2\/users\/2"}],"replies":[{"embeddable":true,"href":"https:\/\/www.europesays.com\/de\/wp-json\/wp\/v2\/comments?post=215582"}],"version-history":[{"count":0,"href":"https:\/\/www.europesays.com\/de\/wp-json\/wp\/v2\/posts\/215582\/revisions"}],"wp:featuredmedia":[{"embeddable":true,"href":"https:\/\/www.europesays.com\/de\/wp-json\/wp\/v2\/media\/215583"}],"wp:attachment":[{"href":"https:\/\/www.europesays.com\/de\/wp-json\/wp\/v2\/media?parent=215582"}],"wp:term":[{"taxonomy":"category","embeddable":true,"href":"https:\/\/www.europesays.com\/de\/wp-json\/wp\/v2\/categories?post=215582"},{"taxonomy":"post_tag","embeddable":true,"href":"https:\/\/www.europesays.com\/de\/wp-json\/wp\/v2\/tags?post=215582"}],"curies":[{"name":"wp","href":"https:\/\/api.w.org\/{rel}","templated":true}]}}