{"id":215589,"date":"2025-06-24T13:10:10","date_gmt":"2025-06-24T13:10:10","guid":{"rendered":"https:\/\/www.europesays.com\/de\/215589\/"},"modified":"2025-06-24T13:10:10","modified_gmt":"2025-06-24T13:10:10","slug":"longi-praesentiert-hibc-modul-mit-weltweit-erster-700-watt-leistung-bei-259","status":"publish","type":"post","link":"https:\/\/www.europesays.com\/de\/215589\/","title":{"rendered":"LONGi pr\u00e4sentiert HIBC-Modul mit weltweit erster 700 Watt Leistung bei 25,9 % &#8230;"},"content":{"rendered":"<p class=\"date\">24.06.2025 \u2013 15:02<\/p>\n<p class=\"customer\">\n                        <a class=\"story-customer\" title=\"weiter zum newsroom von LONGi Green Energy Technology Co., Ltd.\" href=\"https:\/\/www.presseportal.de\/nr\/168623\" rel=\"nofollow noopener\" target=\"_blank\">LONGi Green Energy Technology Co., Ltd.<\/a>\n                    <\/p>\n<p><a data-category=\"citylink-story-view\" data-action=\"click\" data-label=\"Citylink in Meldungsansicht\" class=\"story-city event-trigger\" href=\"https:\/\/www.presseportal.de\/regional\/Frankfurt%20am%20Main\" title=\"News aus Frankfurt am Main \" rel=\"nofollow noopener\" target=\"_blank\">Frankfurt am Main<\/a> (ots)<\/p>\n<p> Auf der 18. Internationalen Solar New Energy Convention (SNEC) 2025 pr\u00e4sentierte LONGi seine neue HIBC-Technologie (Hybrid Interdigitated Back Contact) und stellte das weltweit erste industriell gefertigte Solarmodul mit einer Leistung von \u00fcber 700 W im Standardformat 2382 \u00d7 1134 mm vor. Das Modul erreicht eine Leistungsdichte von 259 W\/m\u00b2 und einen Modulwirkungsgrad von 25,9 %. Damit setzt LONGi erneut Ma\u00dfst\u00e4be in der industriellen Photovoltaik. Das HIBC von LONGi ist derzeit das effizienteste, industriell gefertigte Solarmodul weltweit. <\/p>\n<p> LONGi hat die HIBC-Technologie in weniger als drei Jahren entwickelte. Sie kombiniert leistungsstarke HJT-Passivierung &#8211; eine Hybridpassivierung aus Hoch- und Niedertemperaturprozessen &#8211; mit einer R\u00fcckkontakt-Architektur. Dadurch ist eine hohe Skalierbarkeit gew\u00e4hrleistet. Eine hohe Zelldichte erh\u00f6ht zus\u00e4tzlich die aktive Modulfl\u00e4che von 93,2 % auf 95,1 %, wodurch mehr Licht aufgenommen werden kann &#8211; bei dauerhaft hoher Zuverl\u00e4ssigkeit. <\/p>\n<p> Im Vergleich zu typischen 700-W-Modulen (2384 \u00d7 1303 mm) erzielt das HIBC-Modul von LONGi 34 W\/m\u00b2 mehr Leistungsdichte, w\u00e4hrend es 0,4 m\u00b2 weniger Fl\u00e4che ben\u00f6tigt. Damit stellt es die g\u00e4ngige Annahme &#8222;gr\u00f6\u00dfer ist besser&#8220; infrage und unterstreicht die Notwendigkeit, die Leistungsdichte als neue technische Kennzahl in der Industrie standardm\u00e4\u00dfig zu etablieren. So kann eine h\u00f6here Leistungstransparenz gegen\u00fcber Kunden geschaffen werden. <\/p>\n<p> &#8222;Die Modulleistung allein durch Fl\u00e4chenvergr\u00f6\u00dferung zu erh\u00f6hen, bringt dem Kunden nur einen begrenzten Mehrwert. Gleichzeitig steigen die Risiken f\u00fcr Zuverl\u00e4ssigkeit und Qualit\u00e4t deutlich an,&#8220; sagte Zhong Baoshen, Chairman von LONGi. <\/p>\n<p> Auf der Pressekonferenz w\u00fcrdigte Professor Martin Green, auch bekannt als der &#8222;Vater der Solarenergie&#8220;, die Innovationskraft von LONGi: &#8222;Die HIBC-Technologie von LONGi steht an der Spitze der aktualisierten globalen Effizienz-Rangliste &#8211; ein Ergebnis unerm\u00fcdlicher Entwicklungsarbeit.&#8220; <\/p>\n<p> Im Mai brachte LONGi die EcoLife-Serie f\u00fcr den Wohnbereich auf den Markt. Das leistungsst\u00e4rkste Modul der Serie basiert ebenfalls auf der HIBC-Technologie, erreicht einen Zellwirkungsgrad von bis zu 27,3 % und einen Modulwirkungsgrad von \u00fcber 25 %. <\/p>\n<p> Im April 2025 erst best\u00e4tigte das ISFH (Institut f\u00fcr Solarenergieforschung Hameln) einen neuen Weltrekord-Wirkungsgrad von 27,81 % f\u00fcr eine HIBC-Zelle von LONGi. <\/p>\n<p> Zur vollst\u00e4ndigen Pressemitteilung:  <a target=\"_blank\" class=\"uri-ext outbound\" rel=\"noopener nofollow\" href=\"https:\/\/ots.de\/6vxgoE\">https:\/\/ots.de\/6vxgoE<\/a><\/p>\n<p class=\"contact-headline\">Pressekontakt:<\/p>\n<p class=\"contact-text\">nadinebuetow@longi.com<\/p>\n<p class=\"originator\">Original-Content von: LONGi Green Energy Technology Co., Ltd., \u00fcbermittelt durch news aktuell<\/p>\n","protected":false},"excerpt":{"rendered":"24.06.2025 \u2013 15:02 LONGi Green Energy Technology Co., Ltd. Frankfurt am Main (ots) Auf der 18. Internationalen Solar&hellip;\n","protected":false},"author":2,"featured_media":108,"comment_status":"","ping_status":"","sticky":false,"template":"","format":"standard","meta":{"footnotes":""},"categories":[1829],"tags":[29,9700,2050,2051,30,2052,69318,1523,178,180,179,181,425],"class_list":{"0":"post-215589","1":"post","2":"type-post","3":"status-publish","4":"format-standard","5":"has-post-thumbnail","7":"category-frankfurt-am-main","8":"tag-deutschland","9":"tag-erneuerbare-energien","10":"tag-frankfurt","11":"tag-frankfurt-am-main","12":"tag-germany","13":"tag-hessen","14":"tag-hibc","15":"tag-photovoltaik","16":"tag-presse","17":"tag-pressemeldung","18":"tag-pressemitteilung","19":"tag-pressemitteilungen","20":"tag-technologie"},"share_on_mastodon":{"url":"https:\/\/pubeurope.com\/@de\/114738510090651611","error":""},"_links":{"self":[{"href":"https:\/\/www.europesays.com\/de\/wp-json\/wp\/v2\/posts\/215589","targetHints":{"allow":["GET"]}}],"collection":[{"href":"https:\/\/www.europesays.com\/de\/wp-json\/wp\/v2\/posts"}],"about":[{"href":"https:\/\/www.europesays.com\/de\/wp-json\/wp\/v2\/types\/post"}],"author":[{"embeddable":true,"href":"https:\/\/www.europesays.com\/de\/wp-json\/wp\/v2\/users\/2"}],"replies":[{"embeddable":true,"href":"https:\/\/www.europesays.com\/de\/wp-json\/wp\/v2\/comments?post=215589"}],"version-history":[{"count":0,"href":"https:\/\/www.europesays.com\/de\/wp-json\/wp\/v2\/posts\/215589\/revisions"}],"wp:featuredmedia":[{"embeddable":true,"href":"https:\/\/www.europesays.com\/de\/wp-json\/wp\/v2\/media\/108"}],"wp:attachment":[{"href":"https:\/\/www.europesays.com\/de\/wp-json\/wp\/v2\/media?parent=215589"}],"wp:term":[{"taxonomy":"category","embeddable":true,"href":"https:\/\/www.europesays.com\/de\/wp-json\/wp\/v2\/categories?post=215589"},{"taxonomy":"post_tag","embeddable":true,"href":"https:\/\/www.europesays.com\/de\/wp-json\/wp\/v2\/tags?post=215589"}],"curies":[{"name":"wp","href":"https:\/\/api.w.org\/{rel}","templated":true}]}}