{"id":215605,"date":"2025-06-24T13:19:11","date_gmt":"2025-06-24T13:19:11","guid":{"rendered":"https:\/\/www.europesays.com\/de\/215605\/"},"modified":"2025-06-24T13:19:11","modified_gmt":"2025-06-24T13:19:11","slug":"kriminalitaet-berlin-beschliesst-messerverbot-in-bussen-und-bahnen","status":"publish","type":"post","link":"https:\/\/www.europesays.com\/de\/215605\/","title":{"rendered":"Kriminalit\u00e4t: Berlin beschlie\u00dft Messerverbot in Bussen und Bahnen"},"content":{"rendered":"<p class=\"paragraph article__item\">\u00a0\u00a0\u00a0Berlinweit gilt k\u00fcnftig ein Waffen- und Messerverbot in Bussen und Bahnen. Eine entsprechende neue Rechtsverordnung hat der Senat bei seiner j\u00fcngsten Sitzung beschlossen, wie Innensenatorin Iris Spranger (SPD) anschlie\u00dfend mitteilte. Das Verbot soll voraussichtlich Mitte Juli in Kraft treten.\n<\/p>\n<p>Aktuelles<\/p>\n<p>                <a href=\"https:\/\/www.zeit.de\/gesellschaft\/zeitgeschehen\/2025-06\/muenchen-schusswaffeneinsatz-messerangriff\" data-ct-label=\"M\u00fcnchen: Polizei erschie\u00dft Frau nach Messerangriff\" target=\"_blank\" rel=\"noopener\"><\/p>\n<p>                        M\u00fcnchen:<br \/>\n                        Polizei erschie\u00dft Frau nach Messerangriff<\/p>\n<p>                <\/a><\/p>\n<p>                <a href=\"https:\/\/www.zeit.de\/gesellschaft\/zeitgeschehen\/2025-06\/oesterreich-polizei-amoklauf-graz-rohrbombe\" data-ct-label=\"\u00d6sterreich: Alle Verletzten nach Amoklauf in Graz in stabilem Zustand\" target=\"_blank\" rel=\"noopener\"><\/p>\n<p>                        \u00d6sterreich:<br \/>\n                        Alle Verletzten nach Amoklauf in Graz in stabilem Zustand<\/p>\n<p>                <\/a><\/p>\n<p>                <a href=\"https:\/\/www.zeit.de\/gesellschaft\/zeitgeschehen\/2025-05\/hamburg-hauptbahnhof-messerangriff-frau-gesteht-tat\" data-ct-label=\"Messerangriff in Hamburg: Tatverd\u00e4chtige r\u00e4umt Angriff in Hamburger Hauptbahnhof ein\" target=\"_blank\" rel=\"noopener\"><\/p>\n<p>                        Messerangriff in Hamburg:<br \/>\n                        Tatverd\u00e4chtige r\u00e4umt Angriff in Hamburger Hauptbahnhof ein<\/p>\n<p>                <\/a><\/p>\n<p class=\"paragraph article__item\">Das macht es der <a class=\"rtr-entity\" href=\"https:\/\/www.zeit.de\/thema\/polizei\" target=\"_blank\" rel=\"noopener\">Polizei<\/a> leichter: Sie bekommt mit der neuen Rechtslage die M\u00f6glichkeit, unabh\u00e4ngig von konkreten Verdachtsmomenten zu kontrollieren, ob jemand zum Beispiel in der U-Bahn eine Waffe bei sich hat. Bisher war das nicht erlaubt.\u00a0\n<\/p>\n<p class=\"paragraph article__item\">Nach einer t\u00f6dlichen Messerattacke in einer U-Bahn hatte die Innenverwaltung bereits Mitte April eine Ausweitung des Waffen- und Messerverbots auf den \u00d6PNV angek\u00fcndigt. Ein Waffen- und Messerverbot gilt bereits im G\u00f6rlitzer Park, am Kottbusser Tor in Kreuzberg und am Leopoldplatz im Wedding.\n<\/p>\n<p class=\"paragraph article__item\">Die Polizei beobachtet bundesweit eine Zunahme von Messerangriffen im \u00f6ffentlichen Raum. Laut Kriminalstatistik wurden in <a class=\"rtr-entity\" href=\"https:\/\/www.zeit.de\/thema\/berlin\" target=\"_blank\" rel=\"noopener\">Berlin<\/a> im vergangenen Jahr insgesamt 3.412 F\u00e4lle erfasst. Mehr als die H\u00e4lfte der Messerangriffe (51,7 Prozent, 1.765 F\u00e4lle) erfolgten in der \u00d6ffentlichkeit.\n<\/p>\n<p class=\"paragraph article__item\">\u00a9 dpa-infocom, dpa:250624-930-710694\/1<\/p>\n","protected":false},"excerpt":{"rendered":"\u00a0\u00a0\u00a0Berlinweit gilt k\u00fcnftig ein Waffen- und Messerverbot in Bussen und Bahnen. Eine entsprechende neue Rechtsverordnung hat der Senat&hellip;\n","protected":false},"author":2,"featured_media":215606,"comment_status":"","ping_status":"","sticky":false,"template":"","format":"standard","meta":{"footnotes":""},"categories":[1825],"tags":[1941,1939,296,1937,29,30,21425,1584,19221,1940,15,1938,121,69321,184],"class_list":{"0":"post-215605","1":"post","2":"type-post","3":"status-publish","4":"format-standard","5":"has-post-thumbnail","7":"category-berlin","8":"tag-aktuelle-nachrichten-aus-berlin","9":"tag-aktuelle-news-aus-berlin","10":"tag-berlin","11":"tag-berlin-news","12":"tag-deutschland","13":"tag-germany","14":"tag-iris-spranger","15":"tag-kriminalitaet","16":"tag-messerverbot","17":"tag-nachrichten-aus-berlin","18":"tag-news","19":"tag-news-aus-berlin","20":"tag-polizei","21":"tag-rechtsverordnung","22":"tag-spd"},"share_on_mastodon":{"url":"https:\/\/pubeurope.com\/@de\/114738545642490091","error":""},"_links":{"self":[{"href":"https:\/\/www.europesays.com\/de\/wp-json\/wp\/v2\/posts\/215605","targetHints":{"allow":["GET"]}}],"collection":[{"href":"https:\/\/www.europesays.com\/de\/wp-json\/wp\/v2\/posts"}],"about":[{"href":"https:\/\/www.europesays.com\/de\/wp-json\/wp\/v2\/types\/post"}],"author":[{"embeddable":true,"href":"https:\/\/www.europesays.com\/de\/wp-json\/wp\/v2\/users\/2"}],"replies":[{"embeddable":true,"href":"https:\/\/www.europesays.com\/de\/wp-json\/wp\/v2\/comments?post=215605"}],"version-history":[{"count":0,"href":"https:\/\/www.europesays.com\/de\/wp-json\/wp\/v2\/posts\/215605\/revisions"}],"wp:featuredmedia":[{"embeddable":true,"href":"https:\/\/www.europesays.com\/de\/wp-json\/wp\/v2\/media\/215606"}],"wp:attachment":[{"href":"https:\/\/www.europesays.com\/de\/wp-json\/wp\/v2\/media?parent=215605"}],"wp:term":[{"taxonomy":"category","embeddable":true,"href":"https:\/\/www.europesays.com\/de\/wp-json\/wp\/v2\/categories?post=215605"},{"taxonomy":"post_tag","embeddable":true,"href":"https:\/\/www.europesays.com\/de\/wp-json\/wp\/v2\/tags?post=215605"}],"curies":[{"name":"wp","href":"https:\/\/api.w.org\/{rel}","templated":true}]}}