{"id":215777,"date":"2025-06-24T14:50:09","date_gmt":"2025-06-24T14:50:09","guid":{"rendered":"https:\/\/www.europesays.com\/de\/215777\/"},"modified":"2025-06-24T14:50:09","modified_gmt":"2025-06-24T14:50:09","slug":"masernepidemie-in-bolivien-gemeldet-latinapress-nachrichten","status":"publish","type":"post","link":"https:\/\/www.europesays.com\/de\/215777\/","title":{"rendered":"Masernepidemie in Bolivien gemeldet \u00bb latinapress Nachrichten"},"content":{"rendered":"<p>Die bolivianischen Gesundheitsbeh\u00f6rden haben 50 F\u00e4lle von Masern und weitere 300 Verdachtsf\u00e4lle best\u00e4tigt. Dies f\u00fchrte zur Ausrufung einer Epidemie vor allem in Santa Cruz, wobei auch in La Paz und Potos\u00ed weitere F\u00e4lle festgestellt wurden. Der Ausbruch, von dem Personen im Alter von 9 Monaten bis 42 Jahren betroffen sind, ist auf niedrige Impfquoten zur\u00fcckzuf\u00fchren, wobei 30 % der Kinder nicht geimpft sind. Der Vizeminister f\u00fcr Epidemiologie und \u00dcberwachung, Max Enr\u00edquez, betonte die Notwendigkeit von Massenimpfungen, insbesondere in Schulen, wobei 500.000 Impfdosen zur Verf\u00fcgung stehen. \u201eDie letzten F\u00e4lle hatten wir 2020 w\u00e4hrend der Pandemie, die wir unter Kontrolle bringen konnten. Im Jahr 2023 konnten drei weitere F\u00e4lle einged\u00e4mmt werden. Jetzt haben wir jedoch 50 best\u00e4tigte F\u00e4lle, was uns offiziell in eine epidemische Situation versetzt\u201c, erkl\u00e4rte Enriquez auf einer Pressekonferenz.<\/p>\n<p>Er wies auch darauf hin, dass 70 % der F\u00e4lle Menschen unter 19 Jahren betrafen, haupts\u00e4chlich Kinder unter f\u00fcnf Jahren. \u201eEs gibt mehr als 300 Verdachtsf\u00e4lle, die untersucht werden. Bei einem Verdachtsfall aktivieren wir die Sperrbrigaden, um Verdachtsf\u00e4lle einzud\u00e4mmen. Wir sind sehr anf\u00e4llig f\u00fcr die Ansammlung von ungeimpften Kindern. Deshalb bitten wir darum und werden die Impfungen in den Bildungseinrichtungen durchf\u00fchren\u201c, f\u00fcgte er hinzu. \u201eWir haben 50 F\u00e4lle. Davon sind 47 in Santa Cruz best\u00e4tigt. Dann haben wir einen Fall in Potos\u00ed und zwei F\u00e4lle in La Paz\u201c, erg\u00e4nzte Enr\u00edquez.<\/p>\n<p>\u00a9 2009 &#8211; 2025 ag\u00eancia latinapress News &amp; Media. Alle Rechte vorbehalten. S\u00e4mtliche Inhalte dieser Webseite sind urheberrechtlich gesch\u00fctzt. Vervielf\u00e4ltigung und Verbreitung nur mit vorheriger schriftlicher Genehmigung von <a href=\"https:\/\/latina-press.com\/impressum\/\" target=\"_blank\" rel=\"noopener\">IAP<\/a> gestattet. Namentlich gekennzeichnete Artikel und Leser- berichte geben nicht unbedingt die Meinung der Redaktion wieder. F\u00fcr Einsendungen und R\u00fcckmeldungen bitte das <a href=\"https:\/\/latina-press.com\/kontakt\/\" target=\"_blank\" rel=\"noopener\">Kontaktformular<\/a> verwenden. <\/p>\n","protected":false},"excerpt":{"rendered":"Die bolivianischen Gesundheitsbeh\u00f6rden haben 50 F\u00e4lle von Masern und weitere 300 Verdachtsf\u00e4lle best\u00e4tigt. Dies f\u00fchrte zur Ausrufung einer&hellip;\n","protected":false},"author":2,"featured_media":215778,"comment_status":"","ping_status":"","sticky":false,"template":"","format":"standard","meta":{"footnotes":""},"categories":[137],"tags":[29,30,141,232,3581,45278],"class_list":{"0":"post-215777","1":"post","2":"type-post","3":"status-publish","4":"format-standard","5":"has-post-thumbnail","7":"category-gesundheit","8":"tag-deutschland","9":"tag-germany","10":"tag-gesundheit","11":"tag-health","12":"tag-lateinamerika","13":"tag-wissenschaft-gesundheit"},"share_on_mastodon":{"url":"https:\/\/pubeurope.com\/@de\/114738903371122198","error":""},"_links":{"self":[{"href":"https:\/\/www.europesays.com\/de\/wp-json\/wp\/v2\/posts\/215777","targetHints":{"allow":["GET"]}}],"collection":[{"href":"https:\/\/www.europesays.com\/de\/wp-json\/wp\/v2\/posts"}],"about":[{"href":"https:\/\/www.europesays.com\/de\/wp-json\/wp\/v2\/types\/post"}],"author":[{"embeddable":true,"href":"https:\/\/www.europesays.com\/de\/wp-json\/wp\/v2\/users\/2"}],"replies":[{"embeddable":true,"href":"https:\/\/www.europesays.com\/de\/wp-json\/wp\/v2\/comments?post=215777"}],"version-history":[{"count":0,"href":"https:\/\/www.europesays.com\/de\/wp-json\/wp\/v2\/posts\/215777\/revisions"}],"wp:featuredmedia":[{"embeddable":true,"href":"https:\/\/www.europesays.com\/de\/wp-json\/wp\/v2\/media\/215778"}],"wp:attachment":[{"href":"https:\/\/www.europesays.com\/de\/wp-json\/wp\/v2\/media?parent=215777"}],"wp:term":[{"taxonomy":"category","embeddable":true,"href":"https:\/\/www.europesays.com\/de\/wp-json\/wp\/v2\/categories?post=215777"},{"taxonomy":"post_tag","embeddable":true,"href":"https:\/\/www.europesays.com\/de\/wp-json\/wp\/v2\/tags?post=215777"}],"curies":[{"name":"wp","href":"https:\/\/api.w.org\/{rel}","templated":true}]}}