{"id":216163,"date":"2025-06-24T18:19:11","date_gmt":"2025-06-24T18:19:11","guid":{"rendered":"https:\/\/www.europesays.com\/de\/216163\/"},"modified":"2025-06-24T18:19:11","modified_gmt":"2025-06-24T18:19:11","slug":"dieses-verlassene-gefaengnis-reizt-entdecker-bis-heute","status":"publish","type":"post","link":"https:\/\/www.europesays.com\/de\/216163\/","title":{"rendered":"Dieses verlassene Gef\u00e4ngnis reizt Entdecker bis heute"},"content":{"rendered":"<p>Lost Place in Bremen <\/p>\n<p>Dieses verlassene Gef\u00e4ngnis fasziniert bis heute<\/p>\n<p>Aktualisiert am 24.06.2025 &#8211; 19:21 UhrLesedauer: 2 Min.<\/p>\n<p><a href=\"#focus-0\" class=\"transition-colors duration-200 focus-within:text-magenta block text-current relative\" data-sctrack=\"FocusGalleryImage.Reference\"><img fetchpriority=\"high\" data-testid=\"Opener.Image\" style=\"--lqipURL:url('https:\/\/images.t-online.de\/2025\/05\/FYwYTmkCnh-O\/0x28:585x329\/fit-in\/150x0\/filters:blur(25)\/eingangsbereich-zur-jva-im-blockland-archivfoto-seit-2004-stehen-die-gebaeude-leer-und-verfallen-zusehends.jpg')\"   loading=\"eager\" src=\"https:\/\/www.europesays.com\/de\/wp-content\/uploads\/2025\/06\/eingangsbereich-zur-jva-im-blockland-archivfoto-seit-2004-stehen-die-gebaeude-leer-und-verfallen-zus.jpeg\" alt=\"Eingangsbereich zur JVA im Blockland (Archivfoto): Seit 2004 stehen die Geb\u00e4ude leer und verfallen zusehends.\" title=\"Eingangsbereich zur JVA im Blockland (Archivfoto): Seit 2004 stehen die Geb\u00e4ude leer und verfallen zusehends.\" width=\"585\" height=\"329\" class=\"bg-[url:var(--lqipURL)] bg-cover bg-center flex h-full w-full max-w-full\" decoding=\"async\"\/><img style=\"--width:32;--height:32\" loading=\"lazy\" src=\"https:\/\/www.t-online.de\/s\/paper\/_next\/static\/media\/zoom-in.f7dae02f.svg\" alt=\"Vergr\u00f6\u00dfern des Bildes\" title=\"Vergr\u00f6\u00dfern des Bildes\" class=\"block h-[calc(var(--height)_\/_16_*_1rem)] w-[calc(var(--width)_\/_16_*_1rem)] max-w-none absolute bottom-8 right-8 rounded-4 bg-snow p-8\" decoding=\"async\"\/><\/a><\/p>\n<p>Eingangsbereich zur JVA im Blockland (Archivfoto): Seit 2004 stehen die Geb\u00e4ude leer und verfallen zusehends. (Quelle: Der Senator f\u00fcr Wirtschaft, Arbeit und H\u00e4fen)<\/p>\n<p class=\"font-bold text-18 leading-17\">Einst wurden hier Jugendliche inhaftiert, heute vegetiert das fr\u00fchere Gel\u00e4nde der JVA im Bremer Blockland vor sich hin \u2013 und entwickelte sich zu einem beliebten Lost Place.<\/p>\n<p class=\"text-18 leading-17\">Mitten im idyllischen Bremer Blockland, umgeben von weitl\u00e4ufigen Wiesen und Wasserl\u00e4ufen, liegt ein Ort, der noch bis in die 2000er Jahre f\u00fcr Disziplin und Gefangenschaft stand \u2013 heute jedoch zunehmend verf\u00e4llt: die ehemalige Jugend-Justizvollzugsanstalt (JVA) an der Carl-Krohne-Stra\u00dfe. Seit ihrer Schlie\u00dfung im Jahr 2004 hat sich das Gel\u00e4nde zu einem der markantesten Lost Places in <a class=\"transition-colors duration-200 cursor-pointer text-inherit no-underline text-salemsfur md:hover:text-magenta md:hover:border-magenta md:focus:text-magenta border-current border-b border-solid break-words\" href=\"https:\/\/www.t-online.de\/region\/bremen\/\" data-sctrack=\"BodyAnchor\" rel=\"nofollow noopener\" target=\"_blank\">Bremen<\/a> entwickelt.<\/p>\n<p class=\"text-18 leading-17\">Errichtet 1966, diente die JVA Blockland als moderne Jugendstrafanstalt mit 260 Haftpl\u00e4tzen. Sie war Teil einer Reformbewegung im Jugendstrafvollzug, die auf Resozialisierung und Bildung setzte. Doch mit der Zeit \u00e4nderten sich die Konzepte, und die Zahl der Inhaftierten nahm ab. 2004 wurden die letzten Jugendlichen nach Oslebshausen verlegt und die Anstalt geschlossen.<\/p>\n<p class=\"text-18 leading-17\">Seit der Schlie\u00dfung steht das Gel\u00e4nde leer. Pl\u00e4ne f\u00fcr eine Nachnutzung gab es viele: ein Heim f\u00fcr unbegleitete minderj\u00e4hrige Fl\u00fcchtlinge, ein Festivalgel\u00e4nde oder ein Zentrum f\u00fcr soziale Projekte. Doch bis heute wurde keine dieser Ideen umgesetzt. Die Geb\u00e4ude sind marode, teilweise mit Asbest belastet und die Infrastruktur veraltet. Eine Machbarkeitsstudie f\u00fcr ein Festivalgel\u00e4nde, erstellt vom Hannoveraner Unternehmen Endboss, wurde mittlerweile verworfen.<\/p>\n<p class=\"text-18 leading-17\">Trotz oder gerade wegen des Verfalls zieht der Ort Fotografen, sogenannte Urban Explorer und Neugierige an. Die verrosteten Gitter, \u00fcberwucherten Wege und verblassten Graffitis erz\u00e4hlen Geschichten von einer Zeit, die l\u00e4ngst vergangen ist. Der Charme des Verlassenen macht die ehemalige JVA bis heute zu einem faszinierenden Lost Place.<\/p>\n<p class=\"text-18 leading-17\">Was aus dem Areal wird? Ungewiss. W\u00e4hrend einige auf eine kulturelle oder soziale Nutzung hoffen, stehen dem rechtliche und bauliche H\u00fcrden entgegen. Zu marode sind viele Geb\u00e4ude, zu hoch offenbar die Kosten, um wieder Leben auf dem Gel\u00e4nde einziehen zu lassen.<\/p>\n<p class=\"text-18 leading-17\">Hinweis: Das Betreten des Gel\u00e4ndes birgt Gefahren und ist verboten. Die bestehenden Regeln sollten respektiert und das Gel\u00e4nde nur mit ausdr\u00fccklicher Genehmigung betreten werden.<\/p>\n","protected":false},"excerpt":{"rendered":"Lost Place in Bremen Dieses verlassene Gef\u00e4ngnis fasziniert bis heute Aktualisiert am 24.06.2025 &#8211; 19:21 UhrLesedauer: 2 Min.&hellip;\n","protected":false},"author":2,"featured_media":216164,"comment_status":"","ping_status":"","sticky":false,"template":"","format":"standard","meta":{"footnotes":""},"categories":[1824],"tags":[47761,2420,69443,3364,29,30,5575],"class_list":{"0":"post-216163","1":"post","2":"type-post","3":"status-publish","4":"format-standard","5":"has-post-thumbnail","7":"category-bremen","8":"tag-blockland","9":"tag-bremen","10":"tag-carl-krohne-strasse","11":"tag-de","12":"tag-deutschland","13":"tag-germany","14":"tag-justizvollzugsanstalt"},"share_on_mastodon":{"url":"https:\/\/pubeurope.com\/@de\/114739725213435034","error":""},"_links":{"self":[{"href":"https:\/\/www.europesays.com\/de\/wp-json\/wp\/v2\/posts\/216163","targetHints":{"allow":["GET"]}}],"collection":[{"href":"https:\/\/www.europesays.com\/de\/wp-json\/wp\/v2\/posts"}],"about":[{"href":"https:\/\/www.europesays.com\/de\/wp-json\/wp\/v2\/types\/post"}],"author":[{"embeddable":true,"href":"https:\/\/www.europesays.com\/de\/wp-json\/wp\/v2\/users\/2"}],"replies":[{"embeddable":true,"href":"https:\/\/www.europesays.com\/de\/wp-json\/wp\/v2\/comments?post=216163"}],"version-history":[{"count":0,"href":"https:\/\/www.europesays.com\/de\/wp-json\/wp\/v2\/posts\/216163\/revisions"}],"wp:featuredmedia":[{"embeddable":true,"href":"https:\/\/www.europesays.com\/de\/wp-json\/wp\/v2\/media\/216164"}],"wp:attachment":[{"href":"https:\/\/www.europesays.com\/de\/wp-json\/wp\/v2\/media?parent=216163"}],"wp:term":[{"taxonomy":"category","embeddable":true,"href":"https:\/\/www.europesays.com\/de\/wp-json\/wp\/v2\/categories?post=216163"},{"taxonomy":"post_tag","embeddable":true,"href":"https:\/\/www.europesays.com\/de\/wp-json\/wp\/v2\/tags?post=216163"}],"curies":[{"name":"wp","href":"https:\/\/api.w.org\/{rel}","templated":true}]}}