{"id":216297,"date":"2025-06-24T19:33:13","date_gmt":"2025-06-24T19:33:13","guid":{"rendered":"https:\/\/www.europesays.com\/de\/216297\/"},"modified":"2025-06-24T19:33:13","modified_gmt":"2025-06-24T19:33:13","slug":"wdr-sport-paralympische-bewegung-neuer-ipc-campus-in-bonn-eroeffnet","status":"publish","type":"post","link":"https:\/\/www.europesays.com\/de\/216297\/","title":{"rendered":"WDR-Sport: Paralympische Bewegung: Neuer IPC-Campus in Bonn er\u00f6ffnet"},"content":{"rendered":"<p class=\"metatextline\">Stand: 24.06.2025 19:14 Uhr<\/p>\n<p class=\"textabsatz columns twelve  m-ten  m-offset-one l-eight l-offset-two\">\n        <strong><strong>In Anwesenheit des nordrhein-westf\u00e4lischen Ministerpr\u00e4sidenten Hendrik W\u00fcst ist am Dienstag in Bonn die neue Zentrale des Internationalen Paralympischen Komitees er\u00f6ffnet worden.<\/strong><\/strong>\n    <\/p>\n<p class=\"textabsatz m-ten m-offset-one l-eight l-offset-two columns twelve\">\nDer IPC-Campus am Rhein ist in der ehemaligen Landesvertretung Nordrhein-Westfalens beim Bund untergebracht. Nach umfangreichen Renovierungsarbeiten z\u00e4hlt der Bau zu den B\u00fcrogeb\u00e4uden Deutschlands mit den wenigsten Barrieren.<\/p>\n<p class=\"textabsatz m-ten m-offset-one l-eight l-offset-two columns twelve\">\n&#8222;Die Einweihung des IPC-Campus ist ein gro\u00dfer Moment f\u00fcr das Sportland Nordrhein-Westfalen und unterstreicht unser klares Bekenntnis zu Inklusion, Barrierefreiheit und sportlicher Exzellenz. Nordrhein-Westfalen ist bereit, um nachhaltig und auf h\u00f6chstem Niveau Olympische und Paralympische Spiele auszurichten&#8220;, sagte CDU-Politiker W\u00fcst.<\/p>\n<p>    W\u00fcst: &#8222;Kraft des Sports f\u00fcr eine inklusivere Gesellschaft&#8220;<\/p>\n<p class=\"textabsatz--contains-image  m-six l-five textabsatz columns twelve\">\n42 Millionen Euro hat das Land NRW in den Campus investiert. &#8222;Das neue Zuhause des IPC in <a href=\"https:\/\/www1.wdr.de\/uebersicht-bonn-100.html\" title=\"Bonn\" class=\"textlink--extern\" target=\"_blank\" rel=\"noopener nofollow\">Bonn<\/a> unterstreicht auch die Kraft des Sports f\u00fcr eine inklusivere Gesellschaft&#8220;, sagte W\u00fcst.<\/p>\n<p class=\"absatzbild__info__text\">\n                        Ministerpr\u00e4sident von NRW: Hendrik W\u00fcst\n                    <\/p>\n<p class=\"textabsatz m-ten m-offset-one l-eight l-offset-two columns twelve\">\nAndrew Parsons, Pr\u00e4sident des Internationalen Paralympischen Komitees, sprach von einem &#8222;Meilenstein in der Entwicklung und Geschichte des IPC&#8220; und sprach dem Land NRW, der Bundesregierung und der Stadt Bonn seinen Dank aus. &#8222;Das IPC ist stolz darauf, Bonn seit 1999 unsere Heimat zu nennen \u2013 eine Stadt, die es uns erm\u00f6glicht hat, als Organisation zu wachsen und unsere transformative Arbeit weltweit noch wirkungsvoller zu gestalten.&#8220;<\/p>\n<p>    IPC 1989 in D\u00fcsseldorf gegr\u00fcndet<\/p>\n<p class=\"textabsatz m-ten m-offset-one l-eight l-offset-two columns twelve\">\nDas IPC war 1989 in D\u00fcsseldorf gegr\u00fcndet worden. Seit 1999 sa\u00df die Organisation an der Adenauerallee in einem Geb\u00e4ude gegen\u00fcber des Palais Schaumburg in Bonn, dem ehemaligen Amtssitz des Bundeskanzlers zu Zeiten der &#8222;Rheinischen Republik&#8220;.<\/p>\n<p class=\"textabsatz m-ten m-offset-one l-eight l-offset-two columns twelve\">\nDer neue Campus umfasst ein vollst\u00e4ndig barrierefreies Auditorium mit 170 Sitzpl\u00e4tzen, 157 barrierefreien Arbeitspl\u00e4tzen, sechs Aufz\u00fcgen, barrierefreien Toiletten und Teek\u00fcchen auf jeder Etage. Dazu gibt es automatische T\u00fcren f\u00fcr einen leichteren Zugang sowie taktile Leitsysteme f\u00fcr Menschen mit Sehbehinderung. Zudem bietet das Geb\u00e4ude als erstes in Deutschland eine Indoor-Navigation per Smartphone-App an. 280 G\u00e4ste waren zur Er\u00f6ffnung gekommen.<\/p>\n<p class=\"textabsatz m-ten m-offset-one l-eight l-offset-two columns twelve\"><strong>Unsere Quellen<\/strong>:<\/p>\n<ul class=\"bulletpoint-list \">\n<li>Sport-Informations-Dienst<\/li>\n<\/ul>\n<p>                                        <a class=\"backlink__link\" href=\"https:\/\/www1.wdr.de\/sport\/mehr-sport\/ipc-campus-bonn-eroeffnet-100.html\" rel=\"nofollow noopener\" target=\"_blank\"><\/p>\n<p>                                                <img decoding=\"async\" src=\"https:\/\/images.sportschau.de\/image\/9ef70e2e-6dd6-4b18-afd2-7063c40e8939\/AAABlap_yqU\/AAABkZLrr6A\/original\/lra-wdr-logo-100.svg\" alt=\"Westdeutscher Rundfunk\"\/><\/p>\n<p>                                        <\/a><\/p>\n","protected":false},"excerpt":{"rendered":"Stand: 24.06.2025 19:14 Uhr In Anwesenheit des nordrhein-westf\u00e4lischen Ministerpr\u00e4sidenten Hendrik W\u00fcst ist am Dienstag in Bonn die neue&hellip;\n","protected":false},"author":2,"featured_media":216298,"comment_status":"","ping_status":"","sticky":false,"template":"","format":"standard","meta":{"footnotes":""},"categories":[1842],"tags":[1741,3364,29,30,69479,1209,265,225],"class_list":{"0":"post-216297","1":"post","2":"type-post","3":"status-publish","4":"format-standard","5":"has-post-thumbnail","7":"category-bonn","8":"tag-bonn","9":"tag-de","10":"tag-deutschland","11":"tag-germany","12":"tag-ipc","13":"tag-nordrhein-westfalen","14":"tag-sport","15":"tag-wdr"},"share_on_mastodon":{"url":"https:\/\/pubeurope.com\/@de\/114740016261498978","error":""},"_links":{"self":[{"href":"https:\/\/www.europesays.com\/de\/wp-json\/wp\/v2\/posts\/216297","targetHints":{"allow":["GET"]}}],"collection":[{"href":"https:\/\/www.europesays.com\/de\/wp-json\/wp\/v2\/posts"}],"about":[{"href":"https:\/\/www.europesays.com\/de\/wp-json\/wp\/v2\/types\/post"}],"author":[{"embeddable":true,"href":"https:\/\/www.europesays.com\/de\/wp-json\/wp\/v2\/users\/2"}],"replies":[{"embeddable":true,"href":"https:\/\/www.europesays.com\/de\/wp-json\/wp\/v2\/comments?post=216297"}],"version-history":[{"count":0,"href":"https:\/\/www.europesays.com\/de\/wp-json\/wp\/v2\/posts\/216297\/revisions"}],"wp:featuredmedia":[{"embeddable":true,"href":"https:\/\/www.europesays.com\/de\/wp-json\/wp\/v2\/media\/216298"}],"wp:attachment":[{"href":"https:\/\/www.europesays.com\/de\/wp-json\/wp\/v2\/media?parent=216297"}],"wp:term":[{"taxonomy":"category","embeddable":true,"href":"https:\/\/www.europesays.com\/de\/wp-json\/wp\/v2\/categories?post=216297"},{"taxonomy":"post_tag","embeddable":true,"href":"https:\/\/www.europesays.com\/de\/wp-json\/wp\/v2\/tags?post=216297"}],"curies":[{"name":"wp","href":"https:\/\/api.w.org\/{rel}","templated":true}]}}