{"id":216590,"date":"2025-06-24T22:16:12","date_gmt":"2025-06-24T22:16:12","guid":{"rendered":"https:\/\/www.europesays.com\/de\/216590\/"},"modified":"2025-06-24T22:16:12","modified_gmt":"2025-06-24T22:16:12","slug":"notfaelle-waldbrand-nahe-nuernberg-wohnheim-vorsorglich-evakuiert","status":"publish","type":"post","link":"https:\/\/www.europesays.com\/de\/216590\/","title":{"rendered":"Notf\u00e4lle: Waldbrand nahe N\u00fcrnberg &#8211; Wohnheim vorsorglich evakuiert"},"content":{"rendered":"<p class=\"paragraph article__item\">Ein Waldbrand s\u00fcdlich von <a class=\"rtr-entity\" href=\"https:\/\/www.zeit.de\/thema\/nuernberg\" rel=\"nofollow noopener\" target=\"_blank\">N\u00fcrnberg<\/a> hat einen Gro\u00dfeinsatz von Feuerwehr, Polizei und Rettungskr\u00e4ften ausgel\u00f6st. Rund 400 Einsatzkr\u00e4fte brachten den Brand bei Wendelstein im Landkreis Roth nach Angaben eines Feuerwehrsprechers am Abend schlie\u00dflich unter Kontrolle. Zuvor war demnach vorsorglich eine Einrichtung f\u00fcr betreutes Wohnen evakuiert worden &#8211; die betroffenen Menschen wurden in einer Halle im Ort untergebracht. Weitere Evakuierungen seien nicht n\u00f6tig, hie\u00df es dann von Polizei und Feuerwehr. Und auch die Menschen, die zwischenzeitlich ihr Heim verlassen mussten, sollten am sp\u00e4teren Abend wieder dorthin zur\u00fcck k\u00f6nnen.\n<\/p>\n<p>Aktuelles<\/p>\n<p>                <a href=\"https:\/\/www.zeit.de\/wissen\/umwelt\/2025-06\/waldbrand-kroatien-griechenland-brandstiftung-klima\" data-ct-label=\"Feuerwehr: Urlauber fliehen vor Br\u00e4nden in Kroatien und Griechenland\" rel=\"nofollow noopener\" target=\"_blank\"><\/p>\n<p>                        Feuerwehr:<br \/>\n                        Urlauber fliehen vor Br\u00e4nden in Kroatien und Griechenland<\/p>\n<p>                <\/a><\/p>\n<p>                <a href=\"https:\/\/www.zeit.de\/gesellschaft\/zeitgeschehen\/2025-06\/feuer-waldbrand-adria-kroatien-tourismus\" data-ct-label=\"Trockenheit: Urlauber fliehen vor Waldbrand an Kroatiens Adria\" rel=\"nofollow noopener\" target=\"_blank\"><\/p>\n<p>                        Trockenheit:<br \/>\n                        Urlauber fliehen vor Waldbrand an Kroatiens Adria<\/p>\n<p>                <\/a><\/p>\n<p>                <a href=\"https:\/\/www.zeit.de\/wissen\/umwelt\/2025-06\/waldbrand-chios-griechenland-feuerwehr\" data-ct-label=\"Griechenland: Feuerwehr k\u00e4mpft gegen Waldbr\u00e4nde auf griechischer Insel\" rel=\"nofollow noopener\" target=\"_blank\"><\/p>\n<p>                        Griechenland:<br \/>\n                        Feuerwehr k\u00e4mpft gegen Waldbr\u00e4nde auf griechischer Insel<\/p>\n<p>                <\/a><\/p>\n<p class=\"paragraph article__item\">Das Feuer sei einged\u00e4mmt und breite sich nicht weiter aus, sagte der Sprecher am Abend. Weil der Brand zwischenzeitlich bis zu 100 Meter an den Ort herangekommen sei, habe man sich f\u00fcr die vorsorgliche Evakuierung des Wohnheims entschieden. Sp\u00e4ter berichtete der Sprecher, der Brand sei gel\u00f6scht, man sei aber noch mit Nachl\u00f6scharbeiten gegen Glutnester besch\u00e4ftigt.\n<\/p>\n<p>        Hubschrauber im L\u00f6scheinsatz        <\/p>\n<p class=\"paragraph article__item\">Betroffen war bis zum Abend eine Fl\u00e4che von rund 8.000 Quadratmetern. Neben mehreren Feuerwehren war auch ein Polizeihubschrauber im Einsatz, der die L\u00f6scharbeiten unterst\u00fctzte. Da nicht alle Wege in dem dichten Wald von der Feuerwehr befahren werden konnten, wurde zudem die Bergwacht mit zwei Quads hinzugezogen.\n<\/p>\n<p class=\"paragraph article__item\">Verletzt wurde durch den Brand zun\u00e4chst niemand. Die Rauchwolke zog den Angaben zufolge in s\u00fcd\u00f6stliche Richtung zu den angrenzenden Gemeinden.\u00a0\n<\/p>\n<p class=\"paragraph article__item\">Der Deutsche Wetterdienst hatte die Waldbrandgefahr in dem Bereich zuletzt als hoch eingestuft. Insgesamt herrscht in vielen Teilen Bayerns derzeit eine hohe Gefahr von Waldbr\u00e4nden.\n<\/p>\n<p class=\"paragraph article__item\">\u00a9 dpa-infocom, dpa:250624-930-711508\/5<\/p>\n","protected":false},"excerpt":{"rendered":"Ein Waldbrand s\u00fcdlich von N\u00fcrnberg hat einen Gro\u00dfeinsatz von Feuerwehr, Polizei und Rettungskr\u00e4ften ausgel\u00f6st. Rund 400 Einsatzkr\u00e4fte brachten&hellip;\n","protected":false},"author":2,"featured_media":216591,"comment_status":"","ping_status":"","sticky":false,"template":"","format":"standard","meta":{"footnotes":""},"categories":[1837],"tags":[4652,772,3364,29,30,69570,15,4338,23266,3783,69419],"class_list":{"0":"post-216590","1":"post","2":"type-post","3":"status-publish","4":"format-standard","5":"has-post-thumbnail","7":"category-nuernberg","8":"tag-wald","9":"tag-bayern","10":"tag-de","11":"tag-deutschland","12":"tag-germany","13":"tag-landkreis-roth","14":"tag-news","15":"tag-notfall","16":"tag-notfaelle","17":"tag-nuernberg","18":"tag-wendelstein"},"share_on_mastodon":{"url":"https:\/\/pubeurope.com\/@de\/114740657123226084","error":""},"_links":{"self":[{"href":"https:\/\/www.europesays.com\/de\/wp-json\/wp\/v2\/posts\/216590","targetHints":{"allow":["GET"]}}],"collection":[{"href":"https:\/\/www.europesays.com\/de\/wp-json\/wp\/v2\/posts"}],"about":[{"href":"https:\/\/www.europesays.com\/de\/wp-json\/wp\/v2\/types\/post"}],"author":[{"embeddable":true,"href":"https:\/\/www.europesays.com\/de\/wp-json\/wp\/v2\/users\/2"}],"replies":[{"embeddable":true,"href":"https:\/\/www.europesays.com\/de\/wp-json\/wp\/v2\/comments?post=216590"}],"version-history":[{"count":0,"href":"https:\/\/www.europesays.com\/de\/wp-json\/wp\/v2\/posts\/216590\/revisions"}],"wp:featuredmedia":[{"embeddable":true,"href":"https:\/\/www.europesays.com\/de\/wp-json\/wp\/v2\/media\/216591"}],"wp:attachment":[{"href":"https:\/\/www.europesays.com\/de\/wp-json\/wp\/v2\/media?parent=216590"}],"wp:term":[{"taxonomy":"category","embeddable":true,"href":"https:\/\/www.europesays.com\/de\/wp-json\/wp\/v2\/categories?post=216590"},{"taxonomy":"post_tag","embeddable":true,"href":"https:\/\/www.europesays.com\/de\/wp-json\/wp\/v2\/tags?post=216590"}],"curies":[{"name":"wp","href":"https:\/\/api.w.org\/{rel}","templated":true}]}}