{"id":216743,"date":"2025-06-24T23:37:21","date_gmt":"2025-06-24T23:37:21","guid":{"rendered":"https:\/\/www.europesays.com\/de\/216743\/"},"modified":"2025-06-24T23:37:21","modified_gmt":"2025-06-24T23:37:21","slug":"1-fc-nuernberg-mahir-emreli-unterschreibt-beim-1-fc-kaiserslautern","status":"publish","type":"post","link":"https:\/\/www.europesays.com\/de\/216743\/","title":{"rendered":"1. FC N\u00fcrnberg: Mahir Emreli unterschreibt beim 1. FC Kaiserslautern"},"content":{"rendered":"<p>Nach Ache-Abgang\u00a0<\/p>\n<p>                                    <img decoding=\"async\" src=\"https:\/\/www.europesays.com\/de\/wp-content\/uploads\/2025\/05\/mahir-emreli-1-fc-nurnberg-2-bundesliga-1730644068-153212.jpg\" title=\"1. FC N\u00fcrnberg: Mahir Emreli unterschreibt beim 1. FC Kaiserslautern\" alt=\"1. FC N\u00fcrnberg: Mahir Emreli unterschreibt beim 1. FC Kaiserslautern\"\/><\/p>\n<p>\n                                       \u00a9IMAGO\n                                    <\/p>\n<p>Der Artikel erschien in erster Fassung am 19. Juni und wurde nach der Fixmeldung aktualisiert<\/p>\n<p><a title=\"Mahir Emreli\" href=\"https:\/\/www.transfermarkt.de\/mahir-emreli\/profil\/spieler\/255957\" rel=\"nofollow noopener\" target=\"_blank\">Mahir Emreli<\/a> bleibt nach seinem Vertragsende beim <a title=\"1.FC N\u00fcrnberg\" href=\"https:\/\/www.transfermarkt.de\/1-fc-nurnberg\/startseite\/verein\/4\" rel=\"nofollow noopener\" target=\"_blank\">1. FC N\u00fcrnberg<\/a> in der 2. Bundesliga. Der 27 Jahre alte St\u00fcrmer aus Aserbaidschan wurde, nachdem dar\u00fcber zuvor mehrere Tage lang berichtet worden war, am Dienstagabend beim\u00a0<a title=\"1.FC Kaiserslautern\" href=\"https:\/\/www.transfermarkt.de\/1-fc-kaiserslautern\/startseite\/verein\/2\" rel=\"nofollow noopener\" target=\"_blank\">1. FC Kaiserslautern<\/a>\u00a0vorgestellt. Dort hat er dem Vernehmen nach ein bis 2027 g\u00fcltiges Arbeitspapier unterschrieben. Das ebenfalls interessierte <a title=\"Hannover 96\" href=\"https:\/\/www.transfermarkt.de\/hannover-96\/startseite\/verein\/42\" rel=\"nofollow noopener\" target=\"_blank\">Hannover 96<\/a> soll nach der Verpflichtung von Kiels <a title=\"Benedikt Pichler\" href=\"https:\/\/www.transfermarkt.de\/benedikt-pichler\/profil\/spieler\/331362\" rel=\"nofollow noopener\" target=\"_blank\">Benedikt Pichler<\/a> (27) aus dem Poker ausgestiegen sein.<\/p>\n<p><\/p>\n<p>\u201eWir freuen uns, dass wir Mahir trotz weiterer Angebote davon \u00fcberzeugen konnten, sich dem 1. FC Kaiserslautern anzuschlie\u00dfen\u201c,\u00a0sagte FCK-Sportdirektor Marcel Klos in einer Vereinsmitteilung. \u201eEr hat bei seinen bisherigen Stationen, aber auch besonders in der vergangenen Saison in N\u00fcrnberg, seine Torgef\u00e4hrlichkeit unter Beweis gestellt. Durch seine Schnelligkeit, seine Laufbereitschaft und Abschlussst\u00e4rke, gepaart mit seiner Flexibilit\u00e4t in der Offensive, bringt er die richtigen Qualit\u00e4ten mit, um unser Angriffsspiel hochwertig zu besetzen. Mit seiner Erfahrung sind wir \u00fcberzeugt, dass Mahir nicht nur auf, sondern auch neben dem Platz eine wichtige Rolle einnehmen kann. Wir freuen uns, dass er daf\u00fcr brennt, seinen weiteren Weg gemeinsam mit uns zu gehen.\u201c<\/p>\n<p>Emrelis Gehaltsforderungen f\u00fcr 1. FC N\u00fcrnberg zu hoch?<\/p>\n<p>Der Nationalspieler hatte bei seinem Wechsel von Dinamo Zagreb nach N\u00fcrnberg im August 2024 f\u00fcr ein Jahr unterschrieben, dem Vernehmen nach mit Option auf Verl\u00e4ngerung. In diesem Zeitraum erzielte er elf Tore in 25 Spielen, nur Rekordzu- und -abgang <a title=\"Stefanos Tzimas\" href=\"https:\/\/www.transfermarkt.de\/stefanos-tzimas\/profil\/spieler\/950091\" rel=\"nofollow noopener\" target=\"_blank\">Stefanos Tzimas<\/a> (19, wechselt nach Brighton) kam auf einen Treffer mehr. Sieben seiner Tore markierte Emreli seit dem 29. Spieltag. Trotzdem entschied sich der Club, nicht zu verl\u00e4ngern \u2013 auch, weil der Angreifer hohe Gehaltsforderungen gehabt haben soll.<\/p>\n<p><\/p>\n<p>\u201eWir wissen, bei welch gro\u00dfen Vereinen Mahir schon gespielt und was er da in der ersten Liga verdient hat. Trotzdem hat er gesagt, dass er zu mir kommen will, weil er sich auf die Zusammenarbeit so freute. Aber so gut er das dann gemacht und so viel Arbeit er uns gekostet hat, am Ende muss man ehrlich sagen: Wir hatten wohl keine Chance. Die Beziehung zwischen uns zerst\u00f6rt das aber nicht\u201c, hatte N\u00fcrnberg-Trainer Miroslav Klose zuletzt gesagt.<\/p>\n<p>Beim FCK herrschte nach dem Abgang von Top-Torj\u00e4ger <a title=\"Ragnar Ache\" href=\"https:\/\/www.transfermarkt.de\/ragnar-ache\/profil\/spieler\/416380\" rel=\"nofollow noopener\" target=\"_blank\">Ragnar Ache<\/a> (26) zum 1. FC K\u00f6ln f\u00fcr 4,5 Millionen Euro Handlungsbedarf im Sturm. F\u00fcr die Position hatten die Roten Teufel zuletzt auch schon <a title=\"Ivan Prtajin\" href=\"https:\/\/www.transfermarkt.de\/ivan-prtajin\/profil\/spieler\/340700\" rel=\"nofollow noopener\" target=\"_blank\">Ivan Prtajin<\/a> (29) f\u00fcr eine Mio. Euro von Union Berlin verpflichtet. \u00a0\u00a0\u00a0\u00a0\u00a0\u00a0\u00a0<\/p>\n<p><\/p>\n<p>\u00a0\u00a0\u00a0\u00a0\u00a0<\/p>\n","protected":false},"excerpt":{"rendered":"Nach Ache-Abgang\u00a0 \u00a9IMAGO Der Artikel erschien in erster Fassung am 19. Juni und wurde nach der Fixmeldung aktualisiert&hellip;\n","protected":false},"author":2,"featured_media":88986,"comment_status":"","ping_status":"","sticky":false,"template":"","format":"standard","meta":{"footnotes":""},"categories":[1837],"tags":[7974,783,621,772,3364,29,30,36901,3783],"class_list":{"0":"post-216743","1":"post","2":"type-post","3":"status-publish","4":"format-standard","5":"has-post-thumbnail","7":"category-nuernberg","8":"tag-1-fc-kaiserslautern","9":"tag-1-fc-nuernberg","10":"tag-2-bundesliga","11":"tag-bayern","12":"tag-de","13":"tag-deutschland","14":"tag-germany","15":"tag-mahir-emreli","16":"tag-nuernberg"},"share_on_mastodon":{"url":"https:\/\/pubeurope.com\/@de\/114740975783944443","error":""},"_links":{"self":[{"href":"https:\/\/www.europesays.com\/de\/wp-json\/wp\/v2\/posts\/216743","targetHints":{"allow":["GET"]}}],"collection":[{"href":"https:\/\/www.europesays.com\/de\/wp-json\/wp\/v2\/posts"}],"about":[{"href":"https:\/\/www.europesays.com\/de\/wp-json\/wp\/v2\/types\/post"}],"author":[{"embeddable":true,"href":"https:\/\/www.europesays.com\/de\/wp-json\/wp\/v2\/users\/2"}],"replies":[{"embeddable":true,"href":"https:\/\/www.europesays.com\/de\/wp-json\/wp\/v2\/comments?post=216743"}],"version-history":[{"count":0,"href":"https:\/\/www.europesays.com\/de\/wp-json\/wp\/v2\/posts\/216743\/revisions"}],"wp:featuredmedia":[{"embeddable":true,"href":"https:\/\/www.europesays.com\/de\/wp-json\/wp\/v2\/media\/88986"}],"wp:attachment":[{"href":"https:\/\/www.europesays.com\/de\/wp-json\/wp\/v2\/media?parent=216743"}],"wp:term":[{"taxonomy":"category","embeddable":true,"href":"https:\/\/www.europesays.com\/de\/wp-json\/wp\/v2\/categories?post=216743"},{"taxonomy":"post_tag","embeddable":true,"href":"https:\/\/www.europesays.com\/de\/wp-json\/wp\/v2\/tags?post=216743"}],"curies":[{"name":"wp","href":"https:\/\/api.w.org\/{rel}","templated":true}]}}