{"id":217572,"date":"2025-06-25T07:11:10","date_gmt":"2025-06-25T07:11:10","guid":{"rendered":"https:\/\/www.europesays.com\/de\/217572\/"},"modified":"2025-06-25T07:11:10","modified_gmt":"2025-06-25T07:11:10","slug":"borussia-moenchengladbach-warum-nico-elvedi-immer-flinker-wird-sport","status":"publish","type":"post","link":"https:\/\/www.europesays.com\/de\/217572\/","title":{"rendered":"Borussia M\u00f6nchengladbach: Warum Nico Elvedi immer flinker wird | Sport"},"content":{"rendered":"<p><b>Am 1. Juli 2025 steht Nico Elvedi (28) seit exakt 10 Jahren in Gladbach unter Vertrag \u2013 mittlerweile ist der Schweizer der dienst\u00e4lteste Feldspieler im Borussia-Kader.<\/b><\/p>\n<p>Wenn die Vorbereitung am 4. Juli mit den medizinischen Tests startet, geht Elvedi bereits in seine 11. Saison als Fohlen-Profi. <\/p>\n<p>Bittere Bayern-Pleite: San\u00e9 verballert gleich 2 Mega-Chancen<a href=\"https:\/\/www.bild.de\/sport\/fussball\/bittere-bayern-pleite-kane-klaut-kimmich-das-tor-685ad15554413a513d770517\" class=\"anchor\" target=\"_blank\" rel=\"noopener\"><img decoding=\"async\" width=\"992\" height=\"558\" alt=\"Teaser-Bild\" src=\"https:\/\/www.europesays.com\/de\/wp-content\/uploads\/2025\/06\/a1bc0ff801b0b98128d419cc4dfab8fa,dbee918f\"   class=\"landscape teaser__image\" loading=\"lazy\"\/><\/a><\/p>\n<p>Quelle: DAZN25.06.2025<\/p>\n<p>Im Gladbacher Mitglieder-Magazin \u201eFohlenEcho \u2013 Das Magazin\u201c spricht Elvedi nun \u00fcber die lange Zeit bei den Fohlen: \u201eDas ist schon heftig, wenn ich jetzt dar\u00fcber nachdenke. Als ich als junger Spieler hierherkam, konnte ich noch gar nicht realisieren, wie gro\u00df dieser Verein ist. Solange bei einem solchen Klub zu sein, macht mich stolz.\u201c<\/p>\n<p><b>In seinen bisher 285 Bundesliga-Spielen hat er als Verteidiger auch immer mal wieder selbst ein Tor erzielt \u2013 nur in seinen beiden ersten Spielzeiten ging er leer aus.<\/b><\/p>\n<p>Lesen Sie auch<\/p>\n<p><b>In den letzten acht Jahren hat er in jeder Bundesliga-Saison mindestens einmal getroffen \u2013 nur f\u00fcnf Spieler in der Gladbach-Historie (Herbert Wimmer, Hans-J\u00f6rg Criens, Hans-G\u00fcnter Bruns, Oscar Wendt und Karlheinz Pflipsen) schafften eine noch l\u00e4ngere Serie.<\/b><\/p>\n<p>Elvedi: \u201eDas ist ziemlich cool. Es d\u00fcrfte aber gerne mal wieder mehr als ein Saisontor sein. Daran k\u00f6nnte ich noch arbeiten.\u201c<\/p>\n<p><b>15 Bundesliga-Spiele fehlen ihm noch, um die 300er-Marke im Gladbach-Trikot zu knacken. Auch das schafften vor ihm lediglich sieben Fohlen: Berti Vogts (419), Uwe Kamps (390), Hacki Wimmer (366), Patrick Herrmann (351), Christian Hochst\u00e4tter (339), Hans-G\u00fcnter Bruns (331) und Wolfgang Kleff (321).<\/b><\/p>\n<p>Die Fitness, noch einige <a href=\"https:\/\/www.bild.de\/sport\/fussball\/borussia-moenchengladbach\/startseite-borussia-moenchengladbach-31074418.bild.html\" class=\"text-link\" target=\"_blank\" rel=\"noopener\">Gladbach<\/a>-Partien folgen zu lassen, hat der Schweizer definitiv. Seit der vergangenen <a href=\"https:\/\/www.bild.de\/sport\/fussball\/bundesliga\/bundesliga-startseite-52368768.bild.html\" class=\"text-link\" target=\"_blank\" rel=\"noopener\">Bundesliga<\/a>-Saison setzt Elvedi auf einen pers\u00f6nlichen Ern\u00e4hrungsberater, der ihm auch\u00a0 Essenspl\u00e4ne aufstellt.<\/p>\n<p><b>Die Folge \u2013 statt urspr\u00fcnglich 86 Kilogramm K\u00f6rpergewicht ist der Schweizer inzwischen bei 82 Kilo angekommen.  Elvedi: \u201eDie richtige Ern\u00e4hrung ist ein wichtiger Bestandteil eines Profisportlers. Mehr Energie zu haben bedeutet auch im Kopf fitter zu sein. Ich merke, dass ich flinker bin.\u201c<\/b><\/p>\n","protected":false},"excerpt":{"rendered":"Am 1. Juli 2025 steht Nico Elvedi (28) seit exakt 10 Jahren in Gladbach unter Vertrag \u2013 mittlerweile&hellip;\n","protected":false},"author":2,"featured_media":217573,"comment_status":"","ping_status":"","sticky":false,"template":"","format":"standard","meta":{"footnotes":""},"categories":[1849],"tags":[815,3364,29,69832,538,548,663,3934,30,13,4455,14,15,1209,12,817,819,45,10735],"class_list":{"0":"post-217572","1":"post","2":"type-post","3":"status-publish","4":"format-standard","5":"has-post-thumbnail","7":"category-moenchengladbach","8":"tag-borussia-moenchengladbach","9":"tag-de","10":"tag-deutschland","11":"tag-elvedi-nico","12":"tag-erste-bundesliga","13":"tag-eu","14":"tag-europa","15":"tag-europe","16":"tag-germany","17":"tag-headlines","18":"tag-moenchengladbach","19":"tag-nachrichten","20":"tag-news","21":"tag-nordrhein-westfalen","22":"tag-schlagzeilen","23":"tag-seoane-gerardo","24":"tag-sport-leuchtturm-essen","25":"tag-texttospeech","26":"tag-virkus-roland"},"share_on_mastodon":{"url":"https:\/\/pubeurope.com\/@de\/114742760822849302","error":""},"_links":{"self":[{"href":"https:\/\/www.europesays.com\/de\/wp-json\/wp\/v2\/posts\/217572","targetHints":{"allow":["GET"]}}],"collection":[{"href":"https:\/\/www.europesays.com\/de\/wp-json\/wp\/v2\/posts"}],"about":[{"href":"https:\/\/www.europesays.com\/de\/wp-json\/wp\/v2\/types\/post"}],"author":[{"embeddable":true,"href":"https:\/\/www.europesays.com\/de\/wp-json\/wp\/v2\/users\/2"}],"replies":[{"embeddable":true,"href":"https:\/\/www.europesays.com\/de\/wp-json\/wp\/v2\/comments?post=217572"}],"version-history":[{"count":0,"href":"https:\/\/www.europesays.com\/de\/wp-json\/wp\/v2\/posts\/217572\/revisions"}],"wp:featuredmedia":[{"embeddable":true,"href":"https:\/\/www.europesays.com\/de\/wp-json\/wp\/v2\/media\/217573"}],"wp:attachment":[{"href":"https:\/\/www.europesays.com\/de\/wp-json\/wp\/v2\/media?parent=217572"}],"wp:term":[{"taxonomy":"category","embeddable":true,"href":"https:\/\/www.europesays.com\/de\/wp-json\/wp\/v2\/categories?post=217572"},{"taxonomy":"post_tag","embeddable":true,"href":"https:\/\/www.europesays.com\/de\/wp-json\/wp\/v2\/tags?post=217572"}],"curies":[{"name":"wp","href":"https:\/\/api.w.org\/{rel}","templated":true}]}}