{"id":217903,"date":"2025-06-25T10:12:31","date_gmt":"2025-06-25T10:12:31","guid":{"rendered":"https:\/\/www.europesays.com\/de\/217903\/"},"modified":"2025-06-25T10:12:31","modified_gmt":"2025-06-25T10:12:31","slug":"verteidigung-grossbritannien-will-atomwaffenfaehige-us-kampfflugzeuge-kaufen","status":"publish","type":"post","link":"https:\/\/www.europesays.com\/de\/217903\/","title":{"rendered":"Verteidigung: Gro\u00dfbritannien will atomwaffenf\u00e4hige US-Kampfflugzeuge kaufen"},"content":{"rendered":"<p class=\"paragraph article__item\">Die britische Regierung will atomwaffenf\u00e4hige<br \/>\nUS-Kampfflugzeuge kaufen.\u00a0Demnach sollen mindestens zw\u00f6lf\u00a0F-35A-Jets\u00a0bestellt werden, die\u00a0<a href=\"https:\/\/www.zeit.de\/thema\/atomwaffe\" class=\"\" target=\"_blank\" rel=\"nofollow noopener\">Nuklearwaffen<\/a>\u00a0abwerfen k\u00f6nnen.\u00a0Der Kauf der Kampfflugzeuge des US-Herstellers Lockheed Martin soll es der<br \/>\nbritischen <a class=\"rtr-entity\" href=\"https:\/\/www.zeit.de\/thema\/luftwaffe\" rel=\"nofollow noopener\" target=\"_blank\">Luftwaffe<\/a> erm\u00f6glichen, zum ersten Mal seit dem Ende des Kalten<br \/>\nKrieges Atomwaffen zu tragen.\n<\/p>\n<p class=\"paragraph article__item\">&#8222;In einer Zeit radikaler Ungewissheit k\u00f6nnen wir den<br \/>\nFrieden nicht mehr als selbstverst\u00e4ndlich betrachten&#8220;, sagte<br \/>\nPremierminister <a href=\"https:\/\/www.zeit.de\/thema\/keir-starmer\" class=\"\" target=\"_blank\" rel=\"nofollow noopener\">Keir Starmer<\/a>. &#8222;Deshalb investiert meine Regierung in<br \/>\nunsere nationale Sicherheit.&#8220; <a href=\"https:\/\/www.zeit.de\/politik\/ausland\/2025-06\/faq-nato-stuktur-aufbau\" class=\"\" target=\"_blank\" rel=\"nofollow noopener\">Nato<\/a>-Generalsekret\u00e4r <a class=\"rtr-entity\" href=\"https:\/\/www.zeit.de\/thema\/mark-rutte\" rel=\"nofollow noopener\" target=\"_blank\">Mark Rutte<\/a> begr\u00fc\u00dfte den<br \/>\ngeplanten Kauf. &#8222;Dies ist ein weiterer robuster britischer Beitrag zur<br \/>\n<a href=\"https:\/\/www.zeit.de\/thema\/nato\" class=\"\" target=\"_blank\" rel=\"nofollow noopener\">Nato<\/a>&#8222;, sagte er.\n<\/p>\n<p>                        Aufr\u00fcstung der U-Boot-Flotte        <\/p>\n<p class=\"paragraph article__item\"><a class=\"rtr-entity\" href=\"https:\/\/www.zeit.de\/thema\/grossbritannien\" rel=\"nofollow noopener\" target=\"_blank\">Gro\u00dfbritannien<\/a> erh\u00f6ht seine<br \/>\nVerteidigungsausgaben und r\u00fcstet seine Streitkr\u00e4fte auf, darunter <a href=\"https:\/\/www.zeit.de\/politik\/ausland\/2025-06\/grossbritannien-u-boot-flotte-aufruestung\" class=\"\" target=\"_blank\" rel=\"nofollow noopener\">auch die<br \/>\nU-Boot-Flotte<\/a>. Die Regierung begr\u00fcndet dies mit der zunehmenden Feindseligkeit<br \/>\nRusslands, w\u00e4hrend sich die Vereinigten Staaten unter Pr\u00e4sident Donald Trump<br \/>\nvon ihrer traditionellen Rolle als Verteidiger der europ\u00e4ischen Sicherheit<br \/>\nzur\u00fcckziehen.\u00a0Die jetzige Kehrtwende markiere die bedeutendste St\u00e4rkung des Abschreckungsprogramms seit Jahrzehnten, teilte die britische Regierung mit.\n<\/p>\n<p class=\"paragraph article__item\">Gro\u00dfbritanniens nukleare<br \/>\nAbschreckung st\u00fctzt sich derzeit ausschlie\u00dflich auf das U-Boot-System Trident.<br \/>\nDieses sorgte im vergangenen Jahr f\u00fcr Schlagzeilen, als ein Test scheiterte \u2013 der zweite Fehlschlag in Folge, nachdem bereits 2016 ein Versuch misslungen war.\u00a0\n<\/p>\n<p>        80 Millionen US-Dollar pro St\u00fcck        <\/p>\n<p class=\"paragraph article__item\">Die auf einen St\u00fcckpreis von rund 80 Millionen US-Dollar (umgerechnet 70 Millionen Euro) gesch\u00e4tzten Kampfflugzeuge geh\u00f6ren zu einer schon l\u00e4nger geplanten Massenbestellung von 138 F-35-Jets. Neu ist, dass zw\u00f6lf dieser Flugzeuge nun auch zum Einsatz von\u00a0taktischen US-Atomwaffen\u00a0vom Typ B61\u00a0bef\u00e4higt sein sollen.\u00a0Taktische <a class=\"rtr-entity\" href=\"https:\/\/www.zeit.de\/thema\/nuklearwaffe\" rel=\"nofollow noopener\" target=\"_blank\">Kernwaffen<\/a> sind f\u00fcr den Einsatz auf dem<br \/>\nSchlachtfeld gedacht, im Gegensatz zu strategischen Waffen, die \u00fcber gro\u00dfe<br \/>\nEntfernungen abgefeuert werden k\u00f6nnen.\n<\/p>\n<p class=\"paragraph article__item\">Gro\u00dfbritannien br\u00e4uchte wahrscheinlich<br \/>\ndie Vereinigten Staaten, um diese Waffen f\u00fcr den Einsatz in den Flugzeugen zu<br \/>\nliefern, sagte ein britischer Regierungsvertreter der Nachrichtenagentur<br \/>\nReuters.\u00a0Die USA hatten 2008 ihre letzten Atomwaffen aus Gro\u00dfbritannien<br \/>\nabgezogen.\u00a0In Europa haben neben Russland nur Gro\u00dfbritannien und Frankreich eigene Atomwaffen.\n<\/p>\n<p>            Atomwaffen        <\/p>\n<p>Mehr zum Thema<\/p>\n<p>                <a href=\"https:\/\/www.zeit.de\/politik\/ausland\/2025-06\/usa-iran-israel-atomanlagen-abruestung\" data-ct-label=\"USA gegen Iran: Jetzt ist die atomare Gefahr noch gr\u00f6\u00dfer\" rel=\"nofollow noopener\" target=\"_blank\"><\/p>\n<p>        Z+ (abopflichtiger Inhalt);<\/p>\n<p>    USA gegen Iran:<br \/>\n                        Jetzt ist die atomare Gefahr noch gr\u00f6\u00dfer<\/p>\n<p>                <\/a><\/p>\n<p>                <a href=\"https:\/\/www.zeit.de\/2025-06\/atombombe-israel-iran-russland-spd-frieden\" data-ct-label=\"Atombombe: Die Waffe, die uns irremacht\" rel=\"nofollow noopener\" target=\"_blank\"><\/p>\n<p>        Z+ (abopflichtiger Inhalt);<\/p>\n<p>    Atombombe:<br \/>\n                        Die Waffe, die uns irremacht<\/p>\n<p>                <\/a><\/p>\n<p>                <a href=\"https:\/\/www.zeit.de\/kultur\/2025-06\/us-angriffe-iran-israel-nahost-krieg\" data-ct-label=\"US-Angriffe auf den Iran: Klar, unklar, nuklear\" rel=\"nofollow noopener\" target=\"_blank\"><\/p>\n<p>        Z+ (abopflichtiger Inhalt);<\/p>\n<p>    US-Angriffe auf den Iran:<br \/>\n                        Klar, unklar, nuklear<\/p>\n<p>                <\/a><\/p>\n","protected":false},"excerpt":{"rendered":"Die britische Regierung will atomwaffenf\u00e4hige US-Kampfflugzeuge kaufen.\u00a0Demnach sollen mindestens zw\u00f6lf\u00a0F-35A-Jets\u00a0bestellt werden, die\u00a0Nuklearwaffen\u00a0abwerfen k\u00f6nnen.\u00a0Der Kauf der Kampfflugzeuge des US-Herstellers&hellip;\n","protected":false},"author":2,"featured_media":217904,"comment_status":"","ping_status":"","sticky":false,"template":"","format":"standard","meta":{"footnotes":"","_share_on_mastodon":"0"},"categories":[3976],"tags":[331,332,551,13,5554,1480,4543,14,1159,15,69889,16,12,3992,3993,3994,3995,3996,3997,4961],"class_list":["post-217903","post","type-post","status-publish","format-standard","has-post-thumbnail","category-vereinigtes-koenigreich","tag-aktuelle-nachrichten","tag-aktuelle-news","tag-grossbritannien","tag-headlines","tag-keir-starmer","tag-luftwaffe","tag-mark-rutte","tag-nachrichten","tag-nato","tag-news","tag-nuklearwaffe","tag-politik","tag-schlagzeilen","tag-uk","tag-united-kingdom","tag-united-kingdom-of-great-britain-and-northern-ireland","tag-vereinigtes-koenigreich","tag-vereinigtes-koenigreich-grossbritannien-und-nordirland","tag-vereinigtes-koenigreich-von-grossbritannien-und-nordirland","tag-verteidigung"],"share_on_mastodon":{"url":"https:\/\/pubeurope.com\/@de\/114743472486043897","error":""},"_links":{"self":[{"href":"https:\/\/www.europesays.com\/de\/wp-json\/wp\/v2\/posts\/217903","targetHints":{"allow":["GET"]}}],"collection":[{"href":"https:\/\/www.europesays.com\/de\/wp-json\/wp\/v2\/posts"}],"about":[{"href":"https:\/\/www.europesays.com\/de\/wp-json\/wp\/v2\/types\/post"}],"author":[{"embeddable":true,"href":"https:\/\/www.europesays.com\/de\/wp-json\/wp\/v2\/users\/2"}],"replies":[{"embeddable":true,"href":"https:\/\/www.europesays.com\/de\/wp-json\/wp\/v2\/comments?post=217903"}],"version-history":[{"count":0,"href":"https:\/\/www.europesays.com\/de\/wp-json\/wp\/v2\/posts\/217903\/revisions"}],"wp:featuredmedia":[{"embeddable":true,"href":"https:\/\/www.europesays.com\/de\/wp-json\/wp\/v2\/media\/217904"}],"wp:attachment":[{"href":"https:\/\/www.europesays.com\/de\/wp-json\/wp\/v2\/media?parent=217903"}],"wp:term":[{"taxonomy":"category","embeddable":true,"href":"https:\/\/www.europesays.com\/de\/wp-json\/wp\/v2\/categories?post=217903"},{"taxonomy":"post_tag","embeddable":true,"href":"https:\/\/www.europesays.com\/de\/wp-json\/wp\/v2\/tags?post=217903"}],"curies":[{"name":"wp","href":"https:\/\/api.w.org\/{rel}","templated":true}]}}