{"id":218421,"date":"2025-06-25T14:53:09","date_gmt":"2025-06-25T14:53:09","guid":{"rendered":"https:\/\/www.europesays.com\/de\/218421\/"},"modified":"2025-06-25T14:53:09","modified_gmt":"2025-06-25T14:53:09","slug":"merz-sendet-signal-an-russland-trump-wirft-mit-eigenlob-um-sich","status":"publish","type":"post","link":"https:\/\/www.europesays.com\/de\/218421\/","title":{"rendered":"Merz sendet Signal an Russland \u2013 Trump wirft mit Eigenlob um sich"},"content":{"rendered":"<p>Rutte er\u00f6ffnet Gipfel: \u201eLieber Donald\u201c\u00a0<\/p>\n<p>Die Vertreter der Nato haben sich im Konferenzraum eingefunden, Nato-Generalsekret\u00e4r Mark Rutte er\u00f6ffnet den Gipfel. Angesichts der internationalen Lage, dem Krieg in der Ukraine und in Nahost, wolle man das B\u00fcndnis st\u00e4rken. Erneut spricht Rutte die geplante Erh\u00f6hung der Verteidigungsausgaben auf f\u00fcnf Prozent an, auf die man sich einige w\u00fcnscht. Bislang seien die Ausgabenlast ungleich verteilt, auf Schultern der USA getragen worden. \u201ePr\u00e4sident Trump, lieber Donald: Sie haben diese Ver\u00e4nderung m\u00f6glich gemacht\u201c, so Rutte. \u00a0 Damit werde die Nato fairer, sicherer und st\u00e4rker. Trump, der direkt neben Rutte sa\u00df, verzog bei dem Lob allerdings keine Miene, schaute weiter verdrossen drein. Tags zuvor hatte Rutte mit einem ungew\u00f6hnlichen Lob f\u00fcr den US-Pr\u00e4sidenten f\u00fcr Aufsehen und bei vielen Beobachtern f\u00fcr Kopfsch\u00fctteln gesorgt. In einer Textnachricht, die Trump prompt ver\u00f6ffentlichte, versprach Rutte dem Pr\u00e4sidenten einen \u201eweiteren gro\u00dfen Erfolg\u201c. W\u00f6rtlich schrieb Rutte demnach: \u201eEs war nicht einfach, aber wir haben sie alle dazu gebracht, die 5-Prozent-Zusage zu unterzeichnen! Donald, Du hast uns zu einem wirklich, wirklich wichtigen Moment f\u00fcr Amerika, Europa und die Welt gef\u00fchrt. Du wirst etwas erreichen, was kein amerikanischer Pr\u00e4sident seit Jahrzehnten geschafft hat.\u201c W\u00f6rtlich hatte Rutte hinzugef\u00fcgt: \u201eEuropa wird kr\u00e4ftig zur Kasse gebeten werden \u2013 so wie es sein sollte &#8211; und es wird Dein Sieg sein.\u201c Die Nato-Regierungschefs nahmen es gelassen. Kanzler Friedrich Merz dankte Rutte am Mittwoch ausdr\u00fccklich f\u00fcr seine Arbeit. Rutte habe den historischen Gipfel \u201esehr gut vorbereitet.\u201c\u00a0<\/p>\n","protected":false},"excerpt":{"rendered":"Rutte er\u00f6ffnet Gipfel: \u201eLieber Donald\u201c\u00a0 Die Vertreter der Nato haben sich im Konferenzraum eingefunden, Nato-Generalsekret\u00e4r Mark Rutte er\u00f6ffnet&hellip;\n","protected":false},"author":2,"featured_media":218422,"comment_status":"","ping_status":"","sticky":false,"template":"","format":"standard","meta":{"footnotes":""},"categories":[1825],"tags":[1941,1939,296,1937,29,30,1940,1938],"class_list":{"0":"post-218421","1":"post","2":"type-post","3":"status-publish","4":"format-standard","5":"has-post-thumbnail","7":"category-berlin","8":"tag-aktuelle-nachrichten-aus-berlin","9":"tag-aktuelle-news-aus-berlin","10":"tag-berlin","11":"tag-berlin-news","12":"tag-deutschland","13":"tag-germany","14":"tag-nachrichten-aus-berlin","15":"tag-news-aus-berlin"},"share_on_mastodon":{"url":"https:\/\/pubeurope.com\/@de\/114744577688278252","error":""},"_links":{"self":[{"href":"https:\/\/www.europesays.com\/de\/wp-json\/wp\/v2\/posts\/218421","targetHints":{"allow":["GET"]}}],"collection":[{"href":"https:\/\/www.europesays.com\/de\/wp-json\/wp\/v2\/posts"}],"about":[{"href":"https:\/\/www.europesays.com\/de\/wp-json\/wp\/v2\/types\/post"}],"author":[{"embeddable":true,"href":"https:\/\/www.europesays.com\/de\/wp-json\/wp\/v2\/users\/2"}],"replies":[{"embeddable":true,"href":"https:\/\/www.europesays.com\/de\/wp-json\/wp\/v2\/comments?post=218421"}],"version-history":[{"count":0,"href":"https:\/\/www.europesays.com\/de\/wp-json\/wp\/v2\/posts\/218421\/revisions"}],"wp:featuredmedia":[{"embeddable":true,"href":"https:\/\/www.europesays.com\/de\/wp-json\/wp\/v2\/media\/218422"}],"wp:attachment":[{"href":"https:\/\/www.europesays.com\/de\/wp-json\/wp\/v2\/media?parent=218421"}],"wp:term":[{"taxonomy":"category","embeddable":true,"href":"https:\/\/www.europesays.com\/de\/wp-json\/wp\/v2\/categories?post=218421"},{"taxonomy":"post_tag","embeddable":true,"href":"https:\/\/www.europesays.com\/de\/wp-json\/wp\/v2\/tags?post=218421"}],"curies":[{"name":"wp","href":"https:\/\/api.w.org\/{rel}","templated":true}]}}