{"id":218431,"date":"2025-06-25T14:58:13","date_gmt":"2025-06-25T14:58:13","guid":{"rendered":"https:\/\/www.europesays.com\/de\/218431\/"},"modified":"2025-06-25T14:58:13","modified_gmt":"2025-06-25T14:58:13","slug":"nach-bein-amputation-von-bjoern-hergen-schimpf-er-enthuellt-weiteren-schicksalsschlag","status":"publish","type":"post","link":"https:\/\/www.europesays.com\/de\/218431\/","title":{"rendered":"Nach Bein-Amputation von Bj\u00f6rn-Hergen Schimpf: Er enth\u00fcllt weiteren Schicksalsschlag"},"content":{"rendered":"<p>Bj\u00f6rn-Hergen Schimpf<br \/>\nModerator enth\u00fcllt weiteren Schicksalsschlag nach Bein-Amputation<\/p>\n<p><img class=\"image image-element__image\"   src=\"https:\/\/www.europesays.com\/de\/wp-content\/uploads\/2025\/06\/1750863492_955_bjoern-hergen-schimpf.jpg\" alt=\"Bj\u00f6rn-Hergen Schimpf\" decoding=\"async\" fetchpriority=\"high\" loading=\"eager\"\/><br \/>\n<a href=\"https:\/\/image.gala.de\/24405368\/t\/im\/v4\/w2048\/r1.5\/-\/bjoern-hergen-schimpf.jpg#Malte%20Ossowski%20%2F%20Sven%20Simon%20%2F%20Picture%20Alliance\" class=\"image__magnifier\" aria-label=\"Vergr\u00f6\u00dfern\" rel=\"nofollow noopener\" target=\"_blank\"><\/p>\n<p>\n Bj\u00f6rn-Hergen Schimpf <\/p>\n<p>\u00a9 Malte Ossowski \/ Sven Simon \/ Picture Alliance<\/p>\n<p>\nBj\u00f6rn-Hergen Schimpf beschreibt sein Leben nach dem Verlust eines Beines \u2013 und enth\u00fcllt einen weiteren privaten Schicksalsschlag.\n<\/p>\n<p class=\"text-element u-richtext u-typo u-typo--article-text article__text-element text-element--context-article\"> Als TV-Moderator war er Kult. F\u00fchrte lange Jahre durch die Rateshow &#8222;Was bin ich?&#8220; sowie das Reisequiz &#8222;Ein Tag wie kein anderer&#8220;. Zuletzt jedoch wurde ein f\u00fcrchterlicher privater Schicksalsschlag von Bj\u00f6rn-Hergen Schimpf, 81, publik: Ihm wurde ein Bein amputiert.<\/p>\n<p class=\"text-element u-richtext u-typo u-typo--article-text article__text-element text-element--context-article\"> Im Gespr\u00e4ch mit der Zeitschrift &#8222;Bunte&#8220; schildert Schimpf erstmals selbst, wie es ihm mittlerweile geht &#8211; und enth\u00fcllt eine weitere private Trag\u00f6die, von der bislang noch niemand wusste.<\/p>\n<p>Bj\u00f6rn-Hergen Schimpf erkannte: &#8222;Das Schlimmste war eingetreten&#8220;<\/p>\n<p class=\"text-element u-richtext u-typo u-typo--article-text article__text-element text-element--context-article\"> Erst Anfang des Monats hatte <a class=\"\" data-target-type=\"article\" href=\"https:\/\/www.gala.de\/themen\/bjoern-hergen-schimpf-21008278.html\" rel=\"nofollow noopener\" target=\"_blank\">Bj\u00f6rn-Hergen Schimpfs<\/a> guter Freund und Kollege <a class=\"\" data-target-type=\"article\" href=\"https:\/\/www.gala.de\/themen\/joerg-draeger-20982890.html\" rel=\"nofollow noopener\" target=\"_blank\">J\u00f6rg Draeger<\/a>, 79, die Bein-Amputation des TV-Stars in der &#8222;Bunte&#8220; publik gemacht. Jetzt antwortet Schimpf selbst dem Magazin auf die Frage, wie es ihm gehe, mit trockenem Humor: &#8222;Die gro\u00dfe Showtreppe werde ich nicht mehr runtergehen k\u00f6nnen.&#8220;<\/p>\n<p><img class=\"image teaser__image\"   src=\"https:\/\/www.europesays.com\/de\/wp-content\/uploads\/2025\/06\/1750863493_241_bjoern-hergen-schimpf.jpg\" alt=\"Bj\u00f6rn-Hergen Schimpf\" decoding=\"async\" fetchpriority=\"auto\" loading=\"lazy\"\/><\/p>\n<p><a href=\"https:\/\/www.gala.de\/stars\/news\/bjoern-hergen-schimpf--schicksalsschlag--beinamputation-bei-moderator-24388780.html\" class=\"teaser__link js-embedded-teaser teaser__link--overlay\" rel=\"nofollow noopener\" target=\"_blank\"><br \/>\nSchwerer Schicksalsschlag<br \/>\nModerator Bj\u00f6rn-Hergen Schimpf musste ein Bein amputiert werden<br \/>\n<\/a> <\/p>\n<p class=\"text-element u-richtext u-typo u-typo--article-text article__text-element text-element--context-article\"> Eindr\u00fccklich beschreibt der 81-J\u00e4hrige daneben die ersten Momente nach der lebensver\u00e4ndernden OP, als er realisierte, dass sein Bein wirklich ab ist. &#8222;Die Amputation drohte, aber es war nicht ganz klar&#8220;, so Schimpf. Doch als er aus der Narkose erwachte, sagte ein Arzt zu einer anwesenden Krankenschwester: &#8222;Halten Sie mal den Stumpf.&#8220; Schimpf weiter: &#8222;Da wusste ich, das Schlimmste war eingetreten, sie mussten mein Bein abnehmen.&#8220;<\/p>\n<p>Weiterer privater Schicksalsschlag<\/p>\n<p class=\"text-element u-richtext u-typo u-typo--article-text article__text-element text-element--context-article\"> Als Grund sieht er selbst seinen Zigarettenkonsum, dem er auch nach der OP und dem Verlust seines Beins nicht abgeschworen habe. Auch einen weiteren Schicksalsschlag enth\u00fcllt Schimpf in dem neuen Interview.<\/p>\n<blockquote class=\"text-element u-richtext u-typo u-typo--cite text-element--blockquote article__text-element article__text-element--blockquote text-element--context-article\"><p> Meine Frau ist im letzten Jahr im Mai an Krebs gestorben. Wir waren 60 Jahre verheiratet. Mehr m\u00f6chte ich dazu nicht sagen.<\/p><\/blockquote>\n<p class=\"text-element u-richtext u-typo u-typo--article-text article__text-element text-element--context-article\"> Bj\u00f6rn-Hergen Schimpf begann seine lange Karriere als Moderator Ende der 1970er-Jahre bei Radio Luxemburg. Neben der Neuauflage von &#8222;Was bin ich?&#8220; pr\u00e4sentierte er unter anderem das Reisequiz &#8222;Ein Tag wie kein anderer&#8220; und arbeitete f\u00fcr &#8222;Sonnenklar.TV&#8220;. Im Jahr 2008 nahm er am Dschungelcamp teil und belegte den achten Platz.<\/p>\n<p class=\"text-element u-richtext u-typo u-typo--article-text article__text-element text-element--context-article\"> Verwendete Quelle: bunte.de<\/p>\n<p>\nSpotOnNews\n<\/p>\n<p>#Themen<\/p>\n","protected":false},"excerpt":{"rendered":"Bj\u00f6rn-Hergen Schimpf Moderator enth\u00fcllt weiteren Schicksalsschlag nach Bein-Amputation Bj\u00f6rn-Hergen Schimpf \u00a9 Malte Ossowski \/ Sven Simon \/ Picture&hellip;\n","protected":false},"author":2,"featured_media":218432,"comment_status":"","ping_status":"","sticky":false,"template":"","format":"standard","meta":{"footnotes":""},"categories":[1776],"tags":[1801,29,214,30,1802,215],"class_list":{"0":"post-218431","1":"post","2":"type-post","3":"status-publish","4":"format-standard","5":"has-post-thumbnail","7":"category-prominente","8":"tag-celebrities","9":"tag-deutschland","10":"tag-entertainment","11":"tag-germany","12":"tag-prominente","13":"tag-unterhaltung"},"share_on_mastodon":{"url":"https:\/\/pubeurope.com\/@de\/114744597411400377","error":""},"_links":{"self":[{"href":"https:\/\/www.europesays.com\/de\/wp-json\/wp\/v2\/posts\/218431","targetHints":{"allow":["GET"]}}],"collection":[{"href":"https:\/\/www.europesays.com\/de\/wp-json\/wp\/v2\/posts"}],"about":[{"href":"https:\/\/www.europesays.com\/de\/wp-json\/wp\/v2\/types\/post"}],"author":[{"embeddable":true,"href":"https:\/\/www.europesays.com\/de\/wp-json\/wp\/v2\/users\/2"}],"replies":[{"embeddable":true,"href":"https:\/\/www.europesays.com\/de\/wp-json\/wp\/v2\/comments?post=218431"}],"version-history":[{"count":0,"href":"https:\/\/www.europesays.com\/de\/wp-json\/wp\/v2\/posts\/218431\/revisions"}],"wp:featuredmedia":[{"embeddable":true,"href":"https:\/\/www.europesays.com\/de\/wp-json\/wp\/v2\/media\/218432"}],"wp:attachment":[{"href":"https:\/\/www.europesays.com\/de\/wp-json\/wp\/v2\/media?parent=218431"}],"wp:term":[{"taxonomy":"category","embeddable":true,"href":"https:\/\/www.europesays.com\/de\/wp-json\/wp\/v2\/categories?post=218431"},{"taxonomy":"post_tag","embeddable":true,"href":"https:\/\/www.europesays.com\/de\/wp-json\/wp\/v2\/tags?post=218431"}],"curies":[{"name":"wp","href":"https:\/\/api.w.org\/{rel}","templated":true}]}}