{"id":218615,"date":"2025-06-25T16:37:10","date_gmt":"2025-06-25T16:37:10","guid":{"rendered":"https:\/\/www.europesays.com\/de\/218615\/"},"modified":"2025-06-25T16:37:10","modified_gmt":"2025-06-25T16:37:10","slug":"ihk-aussenwirtschaftstag-nrw-in-moenchengladbach-hoffnungs-trotz-trump","status":"publish","type":"post","link":"https:\/\/www.europesays.com\/de\/218615\/","title":{"rendered":"IHK-Au\u00dfenwirtschaftstag NRW in M\u00f6nchengladbach: Hoffnungs trotz Trump"},"content":{"rendered":"<p class=\"text_ohne_einzug richtext text-em-55 !leading-serif mx-6 desktop:mx-0\"> Es sollte wohl ein Hoffnungsschimmer f\u00fcr die Anwesenden sein, als USA-Experte Josef Braml sagte: \u201eEs gibt ein Leben nach Trump.\u201c Diskussionen \u00fcber den Zustand der US-amerikanischen, deutschen und globalen Wirtschaft pr\u00e4gten den 13. IHK-Au\u00dfenwirtschaftstag NRW, zu dem die Industrie- und Handelskammer Mittlerer Niederrhein in den <a href=\"https:\/\/rp-online.de\/thema\/borussia-park\/\" rel=\"nofollow noopener\" target=\"_blank\">Borussia-Park<\/a> nach M\u00f6nchengladbach eingeladen hatte.<\/p>\n","protected":false},"excerpt":{"rendered":"Es sollte wohl ein Hoffnungsschimmer f\u00fcr die Anwesenden sein, als USA-Experte Josef Braml sagte: \u201eEs gibt ein Leben&hellip;\n","protected":false},"author":2,"featured_media":218616,"comment_status":"","ping_status":"","sticky":false,"template":"","format":"standard","meta":{"footnotes":"","_share_on_mastodon":"0"},"categories":[1849],"tags":[70080,70078,10066,70082,69197,3364,29,548,663,3934,30,70079,3986,213,41637,55964,13,5665,4455,14,15,1209,307,1155,12,113,317,55,67564,67563,70081,8030],"class_list":["post-218615","post","type-post","status-publish","format-standard","has-post-thumbnail","category-moenchengladbach","tag-aussenhandels","tag-aussenwirtschaftstag","tag-botschafter","tag-botschafterin","tag-braml","tag-de","tag-deutschland","tag-eu","tag-europa","tag-europe","tag-germany","tag-gesamtwirtschaft","tag-handel","tag-handelsbeziehungen","tag-handelskammer","tag-handelspartner","tag-headlines","tag-ihk","tag-moenchengladbach","tag-nachrichten","tag-news","tag-nordrhein-westfalen","tag-russland","tag-sanktionen","tag-schlagzeilen","tag-trump","tag-ukraine","tag-wirtschaft","tag-wirtschaftliche","tag-wirtschaftlichen","tag-wirtschaftskraft","tag-wirtschaftsministerin"],"share_on_mastodon":{"url":"https:\/\/pubeurope.com\/@de\/114744986383193154","error":""},"_links":{"self":[{"href":"https:\/\/www.europesays.com\/de\/wp-json\/wp\/v2\/posts\/218615","targetHints":{"allow":["GET"]}}],"collection":[{"href":"https:\/\/www.europesays.com\/de\/wp-json\/wp\/v2\/posts"}],"about":[{"href":"https:\/\/www.europesays.com\/de\/wp-json\/wp\/v2\/types\/post"}],"author":[{"embeddable":true,"href":"https:\/\/www.europesays.com\/de\/wp-json\/wp\/v2\/users\/2"}],"replies":[{"embeddable":true,"href":"https:\/\/www.europesays.com\/de\/wp-json\/wp\/v2\/comments?post=218615"}],"version-history":[{"count":0,"href":"https:\/\/www.europesays.com\/de\/wp-json\/wp\/v2\/posts\/218615\/revisions"}],"wp:featuredmedia":[{"embeddable":true,"href":"https:\/\/www.europesays.com\/de\/wp-json\/wp\/v2\/media\/218616"}],"wp:attachment":[{"href":"https:\/\/www.europesays.com\/de\/wp-json\/wp\/v2\/media?parent=218615"}],"wp:term":[{"taxonomy":"category","embeddable":true,"href":"https:\/\/www.europesays.com\/de\/wp-json\/wp\/v2\/categories?post=218615"},{"taxonomy":"post_tag","embeddable":true,"href":"https:\/\/www.europesays.com\/de\/wp-json\/wp\/v2\/tags?post=218615"}],"curies":[{"name":"wp","href":"https:\/\/api.w.org\/{rel}","templated":true}]}}