{"id":218777,"date":"2025-06-25T18:02:11","date_gmt":"2025-06-25T18:02:11","guid":{"rendered":"https:\/\/www.europesays.com\/de\/218777\/"},"modified":"2025-06-25T18:02:11","modified_gmt":"2025-06-25T18:02:11","slug":"ludwigshafen-1-nachtrag-grosseinsatz-der-polizei-am-berliner-platz-drei-personen-verhaftet-mrn-news-de","status":"publish","type":"post","link":"https:\/\/www.europesays.com\/de\/218777\/","title":{"rendered":"Ludwigshafen \u2013 1.NACHTRAG \u2013 Gro\u00dfeinsatz der Polizei am Berliner Platz \u2013 Drei Personen verhaftet \u2013 \/\/\/ MRN-News.de"},"content":{"rendered":"<p><img loading=\"lazy\" decoding=\"async\" src=\"https:\/\/www.europesays.com\/de\/wp-content\/uploads\/2025\/06\/Berliner-Platz-Einsatz-Juni-1.jpg\" alt=\"\" width=\"1600\" height=\"1200\" class=\"alignnone size-full wp-image-590822\"  \/>Ludwigshafen \/ Metropolregion Rhein-Neckar (ots) Wie bereits berichtet kam es heute zu einem Gro\u00dfeinsatz von Polizei am Berliner Platz. Auf Antrag der Staatsanwaltschaft Frankenthal wurden in einem von der Kriminaldirektion Ludwigshafen bearbeiteten Verfahrenskomplex gegen zwei dringend tatverd\u00e4chtige M\u00e4nner im Alter von 29 und 31 Jahren Untersuchungshaftbefehle wegen des Verdachts des unerlaubten, gewerbsm\u00e4\u00dfigen Handeltreibens mit Bet\u00e4ubungsmitteln und Cannabis erlassen.<\/p>\n<p>Die beiden M\u00e4nner wurden am Mittwochnachmittag (25.06.2025) im Auftrag der Staatsanwaltschaft in der Innenstadt von Polizeikr\u00e4ften verhaftet und werden morgen (26.06.2025) dem Haftrichter vorgef\u00fchrt.<\/p>\n<p>Im Zuge der Einsatzma\u00dfnahmen wurde auch ein 25-J\u00e4hriger vorl\u00e4ufig festgenommen, der ebenfalls im Verdacht steht, mit Bet\u00e4ubungsmitteln zu handeln. Derzeit wird gepr\u00fcft, ob auch der 25-J\u00e4hrige dem Haftrichter vorgef\u00fchrt werden soll.<\/p>\n<p>Dar\u00fcber hinaus vollstreckten Polizeikr\u00e4fte im Zusammenhang mit den Ermittlungsverfahren im Auftrag der Staatsanwaltschaft Frankenthal Durchsuchungsbeschl\u00fcsse an mehreren Wohnungen in Ludwigshafen, dem Rhein-Pfalz-Kreis sowie in einem Kiosk in Ludwigshafen und f\u00fchrten umfangreiche Kontrollma\u00dfnahmen am Berliner Platz und der angrenzenden Innenstadt durch.<\/p>\n<p>Die Dursuchungsma\u00dfnahmen dauern aktuell weiter an. Nach aktuellem Stand wurde unter anderem Falschgeld, eine erhebliche Summe Bargeld sowie mehr als zwei Kilogramm Marihuana und mehrere hundert Gramm Kokain aufgefunden und sichergestellt.<\/p>\n<p>Das Ermittlungsverfahren ist Teil eines ganzheitlichen Konzeptes von Kriminal- und Schutzpolizei zur Verbesserung der Sicherheitslage am Berliner Platz und der angrenzenden Innenstadt. Gleichzeitig zu den genannten Ma\u00dfnahmen im Auftrag der Staatsanwaltschaft f\u00fchrten Polizeikr\u00e4fte pr\u00e4ventive Kontrollen im Bereich der Innenstadt, insbesondere am Berliner Platz, durch. Bei 38 durchgef\u00fchrten Kontrollen wurde ein Messer sichergestellt und ein Strafverfahren wegen des Verdachts des Versto\u00dfes gegen das Waffengesetz eingeleitet, sowie drei Platzverweise erteilt.<\/p>\n<p>Neben Kr\u00e4ften des Polizeipr\u00e4sidiums Rheinpfalz und des Polizeipr\u00e4sidiums Einsatz, Logistik und Technik waren auch Kr\u00e4fte der Bundespolizei an den Einsatzma\u00dfnahmen beteiligt.<\/p>\n<p>Die Ermittlungen von Staatsanwaltschaft Frankenthal und Kriminaldirektion Ludwigshafen dauern weiter an.<\/p>\n","protected":false},"excerpt":{"rendered":"Ludwigshafen \/ Metropolregion Rhein-Neckar (ots) Wie bereits berichtet kam es heute zu einem Gro\u00dfeinsatz von Polizei am Berliner&hellip;\n","protected":false},"author":2,"featured_media":218778,"comment_status":"","ping_status":"","sticky":false,"template":"","format":"standard","meta":{"footnotes":""},"categories":[1845],"tags":[31143,49625,4067,10339,1634,18412,421,3364,29,588,548,663,3934,35185,30,70133,13,1346,7739,25476,2096,14304,1981,25488,25489,43320,14,30356,14480,15,2124,23148,16935,121,5206,28951,26286,12,1997,194,13661,5337],"class_list":{"0":"post-218777","1":"post","2":"type-post","3":"status-publish","4":"format-standard","5":"has-post-thumbnail","7":"category-mannheim","8":"tag-31143","9":"tag-berliner-platz","10":"tag-ermittlungen","11":"tag-antrag","12":"tag-baden-wuerttemberg","13":"tag-bereich","14":"tag-bundespolizei","15":"tag-de","16":"tag-deutschland","17":"tag-einsatz","18":"tag-eu","19":"tag-europa","20":"tag-europe","21":"tag-frankenthal","22":"tag-germany","23":"tag-grou00dfeinsatz","24":"tag-headlines","25":"tag-kokain","26":"tag-kreis","27":"tag-ludwigshafen","28":"tag-mannheim","29":"tag-marihuana","30":"tag-messer","31":"tag-metropolregion","32":"tag-metropolregion-rhein-neckar","33":"tag-mu00e4nner","34":"tag-nachrichten","35":"tag-nachtrag","36":"tag-neckar","37":"tag-news","38":"tag-ob","39":"tag-personen","40":"tag-pfalz","41":"tag-polizei","42":"tag-rhein","43":"tag-rhein-neckar","44":"tag-rhein-pfalz-kreis","45":"tag-schlagzeilen","46":"tag-staatsanwaltschaft","47":"tag-technik","48":"tag-verdacht","49":"tag-wohnungen"},"share_on_mastodon":{"url":"","error":"Validation failed: Text character limit of 500 exceeded"},"_links":{"self":[{"href":"https:\/\/www.europesays.com\/de\/wp-json\/wp\/v2\/posts\/218777","targetHints":{"allow":["GET"]}}],"collection":[{"href":"https:\/\/www.europesays.com\/de\/wp-json\/wp\/v2\/posts"}],"about":[{"href":"https:\/\/www.europesays.com\/de\/wp-json\/wp\/v2\/types\/post"}],"author":[{"embeddable":true,"href":"https:\/\/www.europesays.com\/de\/wp-json\/wp\/v2\/users\/2"}],"replies":[{"embeddable":true,"href":"https:\/\/www.europesays.com\/de\/wp-json\/wp\/v2\/comments?post=218777"}],"version-history":[{"count":0,"href":"https:\/\/www.europesays.com\/de\/wp-json\/wp\/v2\/posts\/218777\/revisions"}],"wp:featuredmedia":[{"embeddable":true,"href":"https:\/\/www.europesays.com\/de\/wp-json\/wp\/v2\/media\/218778"}],"wp:attachment":[{"href":"https:\/\/www.europesays.com\/de\/wp-json\/wp\/v2\/media?parent=218777"}],"wp:term":[{"taxonomy":"category","embeddable":true,"href":"https:\/\/www.europesays.com\/de\/wp-json\/wp\/v2\/categories?post=218777"},{"taxonomy":"post_tag","embeddable":true,"href":"https:\/\/www.europesays.com\/de\/wp-json\/wp\/v2\/tags?post=218777"}],"curies":[{"name":"wp","href":"https:\/\/api.w.org\/{rel}","templated":true}]}}