{"id":218866,"date":"2025-06-25T18:50:11","date_gmt":"2025-06-25T18:50:11","guid":{"rendered":"https:\/\/www.europesays.com\/de\/218866\/"},"modified":"2025-06-25T18:50:11","modified_gmt":"2025-06-25T18:50:11","slug":"3-liga-vfl-osnabrueck-holt-proeger-1860-muenchen-verpflichtet-christiansen","status":"publish","type":"post","link":"https:\/\/www.europesays.com\/de\/218866\/","title":{"rendered":"3. Liga: VfL Osnabr\u00fcck holt Pr\u00f6ger, 1860 M\u00fcnchen verpflichtet Christiansen"},"content":{"rendered":"<p>Erster Neuzugang in Havelse\u00a0<\/p>\n<p>                                    <img decoding=\"async\" src=\"https:\/\/www.europesays.com\/de\/wp-content\/uploads\/2025\/06\/kai-proger-jahn-regensburg-2024-25-1724142904-145691.jpg\" title=\"3. Liga: VfL Osnabr\u00fcck holt Pr\u00f6ger, 1860 M\u00fcnchen verpflichtet Christiansen\" alt=\"3. Liga: VfL Osnabr\u00fcck holt Pr\u00f6ger, 1860 M\u00fcnchen verpflichtet Christiansen\"\/><\/p>\n<p>\n                                       \u00a9IMAGO\n                                    <\/p>\n<p>Der <a title=\"SSV Jahn Regensburg\" href=\"https:\/\/www.transfermarkt.de\/ssv-jahn-regensburg\/startseite\/verein\/109\" rel=\"nofollow noopener\" target=\"_blank\">SSV Jahn Regensburg<\/a> l\u00e4sst\u00a0<a title=\"Kai Pr\u00f6ger\" href=\"https:\/\/www.transfermarkt.de\/kai-pr-ger\/profil\/spieler\/223572\" target=\"_blank\" rel=\"nofollow noopener\">Kai Pr\u00f6ger<\/a> zum <a title=\"VfL Osnabr\u00fcck\" href=\"https:\/\/www.transfermarkt.de\/vfl-osnabruck\/startseite\/verein\/81\" rel=\"nofollow noopener\" target=\"_blank\">VfL Osnabr\u00fcck<\/a> ziehen und kommt damit dem Wunsch des geb\u00fcrtigen Wilhelmshaveners nach, wieder n\u00e4her bei seiner Familie sein zu k\u00f6nnen. Der Offensivspieler ist der <a href=\"https:\/\/www.transfermarkt.de\/vfl-osnabruck\/transfers\/verein\/81\/saison_id\/2025\" target=\"_blank\" rel=\"nofollow noopener\">achte Neuzugang<\/a> bei den Lila-Wei\u00dfen. In der abgelaufenen Saison erzielte Pr\u00f6ger f\u00fcr den Zweitliga-Absteiger zwei Tore in 30 Eins\u00e4tzen.<\/p>\n<p><\/p>\n<p>\u201eDer VfL hat sich schon im Winter nach mir erkundigt und sich sehr um mich bem\u00fcht. Seither standen wir in losem Kontakt, den wir mit Blick auf die neue Saison wieder intensiviert haben. Die Verantwortlichen hier haben mir ein richtig gutes Gef\u00fchl gegeben, ich freue mich, dass der Wechsel geklappt hat. Nun m\u00f6chte ich m\u00f6glichst schnell ankommen, Mannschaft und Trainerteam kennenlernen und dann auf dem Platz alles geben, damit wir gemeinsam eine m\u00f6glichst erfolgreiche Saison spielen\u201c, sagte Pr\u00f6ger.<\/p>\n<p>1860 M\u00fcnchen holt\u00a0Christiansen\u00a0\u2013\u00a0Guttau geht<\/p>\n<p>Drittliga-Konkurrent <a title=\"TSV 1860 M\u00fcnchen\" href=\"https:\/\/www.transfermarkt.de\/tsv-1860-munchen\/startseite\/verein\/72\" rel=\"nofollow noopener\" target=\"_blank\">TSV 1860 M\u00fcnchen<\/a> verst\u00e4rkt die Mittelfeldzentrale mit <a title=\"Max Christiansen\" href=\"https:\/\/www.transfermarkt.de\/max-christiansen\/profil\/spieler\/192300\" rel=\"nofollow noopener\" target=\"_blank\">Max Christiansen<\/a>. Der 28-J\u00e4hrige kommt abl\u00f6sefrei von <a title=\"Hannover 96\" href=\"https:\/\/www.transfermarkt.de\/hannover-96\/startseite\/verein\/42\" rel=\"nofollow noopener\" target=\"_blank\">Hannover 96<\/a>. F\u00fcr die Roten absolvierte Christiansen in der zur\u00fcckliegenden Spielzeit 17 Partien (ein Tor). Derweil konnten sich die M\u00fcnchner L\u00f6wen mit Offensivspieler <a title=\"Julian Guttau\" href=\"https:\/\/www.transfermarkt.de\/julian-guttau\/profil\/spieler\/469814\" rel=\"nofollow noopener\" target=\"_blank\">Julian Guttau<\/a> (25) nicht auf eine Vertragsverl\u00e4ngerung einigen.<\/p>\n<p><\/p>\n<p>\u201eEs war in den letzten Tagen sehr beeindruckend, zu sehen, was f\u00fcr eine positive Stimmung beim TSV 1860 M\u00fcnchen herrscht. Ich freue mich, nun ein Teil dieses tollen Vereins zu sein, und hoffe, dass ich mit meiner Leistung dazu beitragen kann, die gute Stimmung weiter aufrechterhalten zu k\u00f6nnen\u201c, sagte Christiansen, der ebenfalls der <a href=\"https:\/\/www.transfermarkt.de\/1860-munchen\/transfers\/verein\/72\/saison_id\/2025\" target=\"_blank\" rel=\"nofollow noopener\">achte Neuzugang<\/a> ist.<\/p>\n<p>TSV Havelse\u00a0pr\u00e4sentiert ersten Neuzugang<\/p>\n<p>Die erst <a href=\"https:\/\/www.transfermarkt.de\/tsv-havelse\/transfers\/verein\/476\/saison_id\/2025\" target=\"_blank\" rel=\"nofollow noopener\">erste Neuverpflichtung<\/a> hat der <a title=\"TSV Havelse\" href=\"https:\/\/www.transfermarkt.de\/tsv-havelse\/startseite\/verein\/476\" rel=\"nofollow noopener\" target=\"_blank\">TSV Havelse<\/a> pr\u00e4sentiert. Vom <a title=\"1.FC Ph\u00f6nix L\u00fcbeck\" href=\"https:\/\/www.transfermarkt.de\/1-fc-phonix-lubeck\/startseite\/verein\/2773\" rel=\"nofollow noopener\" target=\"_blank\">1. FC Ph\u00f6nix L\u00fcbeck<\/a> kommt Kapit\u00e4n <a title=\"Johann Berger\" href=\"https:\/\/www.transfermarkt.de\/johann-berger\/profil\/spieler\/451451\" rel=\"nofollow noopener\" target=\"_blank\">Johann Berger<\/a> (25) abl\u00f6sefrei zum Aufsteiger. \u201eIch freue mich, dass es geklappt hat, hier beim TSV Havelse zu sein, und versp\u00fcre gro\u00dfe Vorfreude auf die Saison. Ich m\u00f6chte jetzt nat\u00fcrlich schnell in der Mannschaft ankommen und dann gemeinsam alles geben, um unsere Ziele zu erreichen\u201c, sagte der Mittelfeldspieler, der sich in der <a title=\"Regionalliga Nord\" href=\"https:\/\/www.transfermarkt.de\/regionalliga-nord\/startseite\/wettbewerb\/RLN3\" rel=\"nofollow noopener\" target=\"_blank\">Regionalliga Nord<\/a> mit neun Toren und sieben Vorlagen in 32 Spielen f\u00fcr den Sprung in die 3. Liga empfahl.<\/p>\n<p><\/p>\n","protected":false},"excerpt":{"rendered":"Erster Neuzugang in Havelse\u00a0 \u00a9IMAGO Der SSV Jahn Regensburg l\u00e4sst\u00a0Kai Pr\u00f6ger zum VfL Osnabr\u00fcck ziehen und kommt damit&hellip;\n","protected":false},"author":2,"featured_media":218867,"comment_status":"","ping_status":"","sticky":false,"template":"","format":"standard","meta":{"footnotes":"","_share_on_mastodon":"0"},"categories":[1827],"tags":[70174,621,995,772,29,30,2366,70176,13208,70175,39463,1268,15384,16757,8811,27050,12777],"class_list":["post-218866","post","type-post","status-publish","format-standard","has-post-thumbnail","category-muenchen","tag-1-fc-phoenix-luebeck","tag-2-bundesliga","tag-3-liga","tag-bayern","tag-deutschland","tag-germany","tag-hannover-96","tag-johann-berger","tag-julian-guttau","tag-kai-proeger","tag-max-christiansen","tag-muenchen","tag-regionalliga-nord","tag-ssv-jahn-regensburg","tag-tsv-1860-muenchen","tag-tsv-havelse","tag-vfl-osnabrueck"],"share_on_mastodon":{"url":"https:\/\/pubeurope.com\/@de\/114745509349519263","error":""},"_links":{"self":[{"href":"https:\/\/www.europesays.com\/de\/wp-json\/wp\/v2\/posts\/218866","targetHints":{"allow":["GET"]}}],"collection":[{"href":"https:\/\/www.europesays.com\/de\/wp-json\/wp\/v2\/posts"}],"about":[{"href":"https:\/\/www.europesays.com\/de\/wp-json\/wp\/v2\/types\/post"}],"author":[{"embeddable":true,"href":"https:\/\/www.europesays.com\/de\/wp-json\/wp\/v2\/users\/2"}],"replies":[{"embeddable":true,"href":"https:\/\/www.europesays.com\/de\/wp-json\/wp\/v2\/comments?post=218866"}],"version-history":[{"count":0,"href":"https:\/\/www.europesays.com\/de\/wp-json\/wp\/v2\/posts\/218866\/revisions"}],"wp:featuredmedia":[{"embeddable":true,"href":"https:\/\/www.europesays.com\/de\/wp-json\/wp\/v2\/media\/218867"}],"wp:attachment":[{"href":"https:\/\/www.europesays.com\/de\/wp-json\/wp\/v2\/media?parent=218866"}],"wp:term":[{"taxonomy":"category","embeddable":true,"href":"https:\/\/www.europesays.com\/de\/wp-json\/wp\/v2\/categories?post=218866"},{"taxonomy":"post_tag","embeddable":true,"href":"https:\/\/www.europesays.com\/de\/wp-json\/wp\/v2\/tags?post=218866"}],"curies":[{"name":"wp","href":"https:\/\/api.w.org\/{rel}","templated":true}]}}