{"id":21894,"date":"2025-04-10T21:59:09","date_gmt":"2025-04-10T21:59:09","guid":{"rendered":"https:\/\/www.europesays.com\/de\/21894\/"},"modified":"2025-04-10T21:59:09","modified_gmt":"2025-04-10T21:59:09","slug":"sek-durchsucht-sechs-koelner-wohnungen-menschenraub","status":"publish","type":"post","link":"https:\/\/www.europesays.com\/de\/21894\/","title":{"rendered":"SEK durchsucht sechs K\u00f6lner Wohnungen \u2013 Menschenraub?"},"content":{"rendered":"<p class=\"small date article__date\">Ver\u00f6ffentlicht:\u00a0Mittwoch, 09.04.2025 15:23<\/p>\n<p>Die K\u00f6lner Polizei hat im linksrheinischen Stadtgebiet sechs Wohnungen durchsucht und zwei M\u00e4nner festgenommen. Sie sollen aus einer Asylunterkunft einen Mann entf\u00fchrt haben.<\/p>\n<p><img decoding=\"async\" alt=\"\" src=\"https:\/\/www.europesays.com\/de\/wp-content\/uploads\/2025\/04\/img_1885.jpg&#038;crop=0x418x4032x2520&#038;resize=1280x800&#038;dt=201912142057480.jpeg\" data-size=\"1280x800\"\/>\u00a9 Radio K\u00f6ln<\/p>\n<p>Hintergrund sei ein Streit im Drogenmilieu. Deshalb sollen die Beschuldigten den Mann mit k\u00f6rperlicher Gewalt in einer Wohnung in K\u00f6ln festgehalten haben. Er habe am n\u00e4chsten Tag fl\u00fcchten k\u00f6nnen, sagt ein Polizei-Sprecher.<\/p>\n<p>Die Beamten haben mehrere Handys, Marihuana, Geld und einen 3er-BMW sichergestellt.\u00a0Ein unbeteiligter Mann hat die Einsatzkr\u00e4fte bei der Durchsuchung behindert. Er sei leicht verletzt worden. (DD|Symbolbild)<\/p>\n","protected":false},"excerpt":{"rendered":"Ver\u00f6ffentlicht:\u00a0Mittwoch, 09.04.2025 15:23 Die K\u00f6lner Polizei hat im linksrheinischen Stadtgebiet sechs Wohnungen durchsucht und zwei M\u00e4nner festgenommen. Sie&hellip;\n","protected":false},"author":2,"featured_media":21895,"comment_status":"","ping_status":"","sticky":false,"template":"","format":"standard","meta":{"footnotes":""},"categories":[1828],"tags":[13369,13368,29,886,30,1420,1209],"class_list":{"0":"post-21894","1":"post","2":"type-post","3":"status-publish","4":"format-standard","5":"has-post-thumbnail","7":"category-koeln","8":"tag-drogenmilieu","9":"tag-klner-polizei","10":"tag-deutschland","11":"tag-festnahmen","12":"tag-germany","13":"tag-koeln","14":"tag-nordrhein-westfalen"},"share_on_mastodon":{"url":"https:\/\/pubeurope.com\/@de\/114315917078535027","error":""},"_links":{"self":[{"href":"https:\/\/www.europesays.com\/de\/wp-json\/wp\/v2\/posts\/21894","targetHints":{"allow":["GET"]}}],"collection":[{"href":"https:\/\/www.europesays.com\/de\/wp-json\/wp\/v2\/posts"}],"about":[{"href":"https:\/\/www.europesays.com\/de\/wp-json\/wp\/v2\/types\/post"}],"author":[{"embeddable":true,"href":"https:\/\/www.europesays.com\/de\/wp-json\/wp\/v2\/users\/2"}],"replies":[{"embeddable":true,"href":"https:\/\/www.europesays.com\/de\/wp-json\/wp\/v2\/comments?post=21894"}],"version-history":[{"count":0,"href":"https:\/\/www.europesays.com\/de\/wp-json\/wp\/v2\/posts\/21894\/revisions"}],"wp:featuredmedia":[{"embeddable":true,"href":"https:\/\/www.europesays.com\/de\/wp-json\/wp\/v2\/media\/21895"}],"wp:attachment":[{"href":"https:\/\/www.europesays.com\/de\/wp-json\/wp\/v2\/media?parent=21894"}],"wp:term":[{"taxonomy":"category","embeddable":true,"href":"https:\/\/www.europesays.com\/de\/wp-json\/wp\/v2\/categories?post=21894"},{"taxonomy":"post_tag","embeddable":true,"href":"https:\/\/www.europesays.com\/de\/wp-json\/wp\/v2\/tags?post=21894"}],"curies":[{"name":"wp","href":"https:\/\/api.w.org\/{rel}","templated":true}]}}