{"id":219041,"date":"2025-06-25T20:22:10","date_gmt":"2025-06-25T20:22:10","guid":{"rendered":"https:\/\/www.europesays.com\/de\/219041\/"},"modified":"2025-06-25T20:22:10","modified_gmt":"2025-06-25T20:22:10","slug":"die-bachelors-2025-start-und-sendetermine","status":"publish","type":"post","link":"https:\/\/www.europesays.com\/de\/219041\/","title":{"rendered":"Die Bachelors 2025: Start und Sendetermine"},"content":{"rendered":"<p class=\"mb-6 text-xs md:text-m lg:text-l font-serif group-[.font-sans]:font-sans \">\n    RTL pr\u00e4sentiert 2025 erneut zwei neue Bachelors. Nachdem im vergangenen Jahr bereits <a href=\"https:\/\/www.instagram.com\/dennis.gries\/?hl=de\" rel=\"nofollow noopener\" target=\"_blank\" class=\"underline \">Dennis Gries<\/a> und <a href=\"https:\/\/www.instagram.com\/_sebastianklaus_\/?hl=de\" rel=\"nofollow noopener\" target=\"_blank\" class=\"underline \">Sebastian Klaus<\/a> gemeinsam bei \u201eDie Bachelors\u201c auf Partnersuche gegangen sind, setzt der Sender das Konzept auch in diesem Jahr fort. Die beiden neuen Bachelors begeben sich in S\u00fcdafrika auf die Suche nach der gro\u00dfen Liebe. Eine Besonderheit verbindet die zwei Rosenkavaliere allerdings vorab: Beide M\u00e4nner sind bereits V\u00e4ter und bringen somit Erfahrungen aus ihrem Familienleben mit.\n  <\/p>\n<p class=\"mb-6 text-xs md:text-m lg:text-l font-serif group-[.font-sans]:font-sans \">\n    Hier in diesem Artikel haben wir alle wichtigen Infos zu den zwei neuen Bachelor f\u00fcr Sie zusammengetragen. Au\u00dferdem lesen Sie, wann \u201eDie Bachelors\u201c 2025 an den Start gegangen ist und wie die Sendetermine liegen.\n  <\/p>\n<p>            \u201eDie Bachelors\u201c 2025: Start der neuen Staffel<\/p>\n<p class=\"mb-6 text-xs md:text-m lg:text-l font-serif group-[.font-sans]:font-sans \">\n    RTL hat sich erfolgreich auf die Suche nach neuen Single-Damen begeben. Nun ist der Sender auch schon in die neue Staffel von \u201eDie Bachelors\u201c gestartet. Die Ausstrahlung hat am Mittwoch, dem 18. Juni, zur besten Sendezeit um 20.15 Uhr begonnen. Bereits eine Woche zuvor, am 11. Juni 2025, stand die erste Folge vorab \u00fcber den Streamingdienst <a href=\"https:\/\/plus.rtl.de\/\" rel=\"nofollow noopener\" target=\"_blank\" class=\"underline \">RTL+<\/a> zur Verf\u00fcgung.\n  <\/p>\n<p>            \u201eDie Bachelors\u201c 2025: Die Sendetermine von Staffel 15<\/p>\n<p class=\"mb-6 text-xs md:text-m lg:text-l font-serif group-[.font-sans]:font-sans \">\n    In zehn neuen Folgen begeben sich die beiden neuen Bachelors auf die Suche nach der gro\u00dfen Liebe. Im Free-<a href=\"https:\/\/www.augsburger-allgemeine.de\/panorama\/tv\" target=\"_self\" class=\"underline \" rel=\"nofollow noopener\">TV<\/a> gibt es die Dating-Show seit dem 18. Juni 2025 immer mittwochs zur Primetime bei RTL zu sehen. Hier haben wir alle Sendetermine von \u201eDie Bachelors\u201c 2025 im TV f\u00fcr Sie zusammengetragen:\n  <\/p>\n<ul rel=\"\" class=\"[&amp;&gt;li]:relative list-none  [&amp;&gt;li]:pl-[1.2em] [&amp;&gt;li]:marker:text-[0] [&amp;&gt;li]:relative [&amp;&gt;li]:before:absolute [&amp;&gt;li]:before:w-3 [&amp;&gt;li]:before:h-3 [&amp;&gt;li]:before:bg-brand [&amp;&gt;li]:before:left-0 [&amp;&gt;li]:before:top-[8px] [&amp;&gt;li]:before:rounded-full  my-5\">\n<li class=\" mb-3 text-xs md:text-m lg:text-l\">Folge 1: Mittwoch, 18. Juni 2025, 20.15 Uhr, RTL<\/li>\n<li class=\" mb-3 text-xs md:text-m lg:text-l\"><a href=\"https:\/\/www.augsburger-allgemeine.de\/panorama\/tv\/die-bachelors-2025-wer-ist-raus-in-folge-2-109680226\" target=\"_self\" class=\"underline \" rel=\"nofollow noopener\">Folge 2: Mittwoch, 25. Juni 2025, 20.15 Uhr, RTL<\/a><\/li>\n<li class=\" mb-3 text-xs md:text-m lg:text-l\">Folge 3: Mittwoch, 2. Juli 2025, 20.15 Uhr, RTL<\/li>\n<li class=\" mb-3 text-xs md:text-m lg:text-l\">Folge 4: Mittwoch, 9. Juli 2025, 20.15 Uhr, RTL<\/li>\n<li class=\" mb-3 text-xs md:text-m lg:text-l\">Folge 5: Mittwoch, 16. Juli 2025, 20.15 Uhr, RTL<\/li>\n<li class=\" mb-3 text-xs md:text-m lg:text-l\">Folge 6: Mittwoch, 23. Juli 2025, 20.15 Uhr, RTL<\/li>\n<li class=\" mb-3 text-xs md:text-m lg:text-l\">Folge 7: Mittwoch, 30. Juli 2025, 20.15 Uhr, RTL<\/li>\n<li class=\" mb-3 text-xs md:text-m lg:text-l\">Folge 8: Mittwoch, 6. August 2025, 20.15 Uhr, RTL<\/li>\n<li class=\" mb-3 text-xs md:text-m lg:text-l\">Folge 9: Mittwoch, 13. August 2025, 20.15 Uhr, RTL<\/li>\n<li class=\" mb-3 text-xs md:text-m lg:text-l\">Folge 10: Mittwoch, 20. August 2025, 20.15 Uhr, RTL<\/li>\n<\/ul>\n<p class=\"mb-6 text-xs md:text-m lg:text-l font-serif group-[.font-sans]:font-sans \">\n    Beim Streaming-Dienst RTL+ werden die einzelnen Folgen immer eine Woche vor der TV-Ausstrahlung ver\u00f6ffentlicht:\n  <\/p>\n<ul rel=\"\" class=\"[&amp;&gt;li]:relative list-none  [&amp;&gt;li]:pl-[1.2em] [&amp;&gt;li]:marker:text-[0] [&amp;&gt;li]:relative [&amp;&gt;li]:before:absolute [&amp;&gt;li]:before:w-3 [&amp;&gt;li]:before:h-3 [&amp;&gt;li]:before:bg-brand [&amp;&gt;li]:before:left-0 [&amp;&gt;li]:before:top-[8px] [&amp;&gt;li]:before:rounded-full  my-5\">\n<li class=\" mb-3 text-xs md:text-m lg:text-l\">Folge 1: Mittwoch, 11. Juni 2025, 20.15 Uhr, RTL+<\/li>\n<li class=\" mb-3 text-xs md:text-m lg:text-l\">Folge 2: Mittwoch, 18. Juni 2025, 20.15 Uhr, RTL+<\/li>\n<li class=\" mb-3 text-xs md:text-m lg:text-l\">Folge 3: Mittwoch, 25. Juni 2025, 20.15 Uhr, RTL+<\/li>\n<li class=\" mb-3 text-xs md:text-m lg:text-l\">Folge 4: Mittwoch, 2. Juli 2025, 20.15 Uhr, RTL+<\/li>\n<li class=\" mb-3 text-xs md:text-m lg:text-l\">Folge 5: Mittwoch, 9. Juli 2025, 20.15 Uhr, RTL+<\/li>\n<li class=\" mb-3 text-xs md:text-m lg:text-l\">Folge 6: Mittwoch, 16. Juli 2025, 20.15 Uhr, RTL+<\/li>\n<li class=\" mb-3 text-xs md:text-m lg:text-l\">Folge 7: Mittwoch, 23. Juli 2025, 20.15 Uhr, RTL+<\/li>\n<li class=\" mb-3 text-xs md:text-m lg:text-l\">Folge 8: Mittwoch, 30. Juli 2025, 20.15 Uhr, RTL+<\/li>\n<li class=\" mb-3 text-xs md:text-m lg:text-l\">Folge 9: Mittwoch, 6. August 2025, 20.15 Uhr, RTL+<\/li>\n<li class=\" mb-3 text-xs md:text-m lg:text-l\">Folge 10: Mittwoch, 13. August 2025, 20.15 Uhr, RTL+<\/li>\n<\/ul>\n<p>            \u201eDie Bachelors\u201c 2025: Felix Stein und Martin Braun sind die neuen Rosenkavaliere<\/p>\n<p class=\"mb-6 text-xs md:text-m lg:text-l font-serif group-[.font-sans]:font-sans \">\n    2025 stehen Felix Stein und Martin Braun im Mittelpunkt der Dating-Show \u201eDie Bachelors\u201c. Beide M\u00e4nner verbindet nicht nur die Suche nach einer neuen Partnerschaft, sondern auch ihre Rolle als V\u00e4ter.\n  <\/p>\n<p class=\"mb-6 text-xs md:text-m lg:text-l font-serif group-[.font-sans]:font-sans \">\n    <a href=\"https:\/\/www.instagram.com\/felix\/?hl=de\" rel=\"nofollow noopener\" target=\"_blank\" class=\"underline \">Felix Stein<\/a> ist 32 Jahre alt, wohnt aktuell in Berlin und arbeitet dort als Fotograf und Social-Media-Host. Laut <a href=\"https:\/\/www.rtl.de\/sendungen\/der-bachelor\/die-bachelors-2025-felix-stein-und-martin-braun-wollen-in-neuer-staffel-ihr-glueck-finden-id4348632.html\" rel=\"nofollow noopener\" target=\"_blank\" class=\"underline \">RTL<\/a> liegt sein beruflicher Schwerpunkt auf der Sportfotografie, insbesondere im Bereich Fu\u00dfball. Dabei setzt er Sportler und Marken gezielt in Szene. Felix ist mittlerweile seit f\u00fcnf Jahren Single und Vater eines Sohnes.\n  <\/p>\n<p class=\"mb-6 text-xs md:text-m lg:text-l font-serif group-[.font-sans]:font-sans \">\n    Felix Bachelor-Kollege <a href=\"https:\/\/www.instagram.com\/martinbrn89\/?hl=de\" rel=\"nofollow noopener\" target=\"_blank\" class=\"underline \">Martin Braun<\/a> ist 35 Jahre alt und von Beruf Versicherungs- und Finanzanlageberater. Er hat zwei T\u00f6chter und beschreibt sich als sportbegeistert und unternehmungslustig. Zu seinen Hobbys z\u00e4hlen Motorradfahren, Tennis, Paddeln und Windsurfen. Vor dreieinhalb Jahren trennte er sich in gegenseitigem Einvernehmen von seiner Ehefrau. Nun m\u00f6chte er eine neue Partnerschaft aufbauen und kann sich sogar vorstellen, seine Familie zu vergr\u00f6\u00dfern.\n  <\/p>\n<p class=\"mb-6 text-xs md:text-m lg:text-l font-serif group-[.font-sans]:font-sans \">\n    Beide M\u00e4nner m\u00f6chten mit ihrer Teilnahme an \u201eDie Bachelors\u201c 2025 die Chance nutzen, eine Partnerin zu finden, die sich ein gemeinsames Familienleben vorstellen kann. Hier finden Sie die wichtigsten Infos zu den neuen Bachelors Felix Stein und Martin Braun jeweils im Steckbrief zusammengefasst:\n  <\/p>\n<p class=\"mb-6 text-xs md:text-m lg:text-l font-serif group-[.font-sans]:font-sans \">\n    Felix Stein\n  <\/p>\n<ul rel=\"\" class=\"[&amp;&gt;li]:relative list-none  [&amp;&gt;li]:pl-[1.2em] [&amp;&gt;li]:marker:text-[0] [&amp;&gt;li]:relative [&amp;&gt;li]:before:absolute [&amp;&gt;li]:before:w-3 [&amp;&gt;li]:before:h-3 [&amp;&gt;li]:before:bg-brand [&amp;&gt;li]:before:left-0 [&amp;&gt;li]:before:top-[8px] [&amp;&gt;li]:before:rounded-full  my-5\">\n<li class=\" mb-3 text-xs md:text-m lg:text-l\">Alter: 32 Jahre<\/li>\n<li class=\" mb-3 text-xs md:text-m lg:text-l\">Wohnort: Berlin<\/li>\n<li class=\" mb-3 text-xs md:text-m lg:text-l\">Beruf: Fotograf, Creator f\u00fcr Sportler und Personalities<\/li>\n<li class=\" mb-3 text-xs md:text-m lg:text-l\">Hobbies: Mode, Fu\u00dfball, Fotografie, Sinn f\u00fcr \u00c4sthetik<\/li>\n<li class=\" mb-3 text-xs md:text-m lg:text-l\">Single seit: 5 Jahren<\/li>\n<li class=\" mb-3 text-xs md:text-m lg:text-l\">Fun fact(s): Leute parodieren und Akzente nachmachen<\/li>\n<\/ul>\n<p class=\"mb-6 text-xs md:text-m lg:text-l font-serif group-[.font-sans]:font-sans \">\n    Martin Braun\n  <\/p>\n<ul rel=\"\" class=\"[&amp;&gt;li]:relative list-none  [&amp;&gt;li]:pl-[1.2em] [&amp;&gt;li]:marker:text-[0] [&amp;&gt;li]:relative [&amp;&gt;li]:before:absolute [&amp;&gt;li]:before:w-3 [&amp;&gt;li]:before:h-3 [&amp;&gt;li]:before:bg-brand [&amp;&gt;li]:before:left-0 [&amp;&gt;li]:before:top-[8px] [&amp;&gt;li]:before:rounded-full  my-5\">\n<li class=\" mb-3 text-xs md:text-m lg:text-l\">Alter: 35<\/li>\n<li class=\" mb-3 text-xs md:text-m lg:text-l\">Wohnort: K\u00f6ln<\/li>\n<li class=\" mb-3 text-xs md:text-m lg:text-l\">Beruf: Versicherungs- und Finanzanlagefachmann<\/li>\n<li class=\" mb-3 text-xs md:text-m lg:text-l\">Hobbies: Sport, Kochen, Lesen<\/li>\n<li class=\" mb-3 text-xs md:text-m lg:text-l\">Single seit: 3,5 Jahren<\/li>\n<li class=\" mb-3 text-xs md:text-m lg:text-l\">Fun Fact(s): \u201eWenn ich mich konzentriere, fange ich an zu kauen\u201c &amp; \u201eWenn ich Nachrichten schreibe, murmele ich diese laut mit\u201c<\/li>\n<\/ul>\n<p class=\"mb-6 text-xs md:text-m lg:text-l font-serif group-[.font-sans]:font-sans \">\n    <strong class=\"font-bold\">\u00dcbertragung von \u201eDie Bachelors\u201c 2025 im TV und Stream<\/strong>\n  <\/p>\n<p class=\"mb-6 text-xs md:text-m lg:text-l font-serif group-[.font-sans]:font-sans \">\n    Im Free-TV erfolgt die \u00dcbertragung von \u201eDie Bachelors\u201c 2025 wie gewohnt bei RTL. Die 15. Staffel der Dating-Show wird parallel auch im Livestream auf der Plattform <a href=\"https:\/\/plus.rtl.de\/\" rel=\"nofollow noopener\" target=\"_blank\" class=\"underline \">RTL+<\/a> angeboten. F\u00fcr den Zugriff auf das Streaming-Angebot ist ein kostenpflichtiges Premium-Abonnement erforderlich, das monatlich 8,99 Euro kostet. Abonnentinnen und Abonnenten haben zus\u00e4tzlich die M\u00f6glichkeit, die neuen Folgen bereits eine Woche vor der Fernsehausstrahlung auf Abruf zu sehen.\n  <\/p>\n<p class=\"mb-6 text-xs md:text-m lg:text-l font-serif group-[.font-sans]:font-sans \">\n    <strong class=\"font-bold\">\u201eDie Bachelors\u201c 2025: Das sind die Kandidatinnen<\/strong>\n  <\/p>\n<p class=\"mb-6 text-xs md:text-m lg:text-l font-serif group-[.font-sans]:font-sans \">\n    Bereits vor einiger Zeit startete RTL \u00fcber Instagram einen Aufruf zur Kandidatensuche f\u00fcr die kommende Staffel von \u201eDer Bachelor\u201c. Dabei wurden gezielt Frauen aufgefordert, sich f\u00fcr die Teilnahme zu bewerben. Daraus l\u00e4sst sich vermuten, dass die neuen Bachelors keine bisexuelle Orientierung haben werden, anders als die letzte Bachelorette <a href=\"https:\/\/www.instagram.com\/stella_tiana\/?hl=de\" rel=\"nofollow noopener\" target=\"_blank\" class=\"underline \">Stella Stegmann<\/a>.\n  <\/p>\n<p class=\"mb-6 text-xs md:text-m lg:text-l font-serif group-[.font-sans]:font-sans \">\n    Hier finden Sie die <a href=\"https:\/\/www.augsburger-allgemeine.de\/panorama\/tv\/die-bachelors-2025-kandidatinnen-das-sind-die-single-frauen-17-6-25-109437448\" target=\"_self\" class=\"underline \" rel=\"nofollow noopener\">Kandidatinnen von \u201eDie Bachelors\u201c 2025<\/a> im kurzen \u00dcberblick:\n  <\/p>\n<ul rel=\"\" class=\"[&amp;&gt;li]:relative list-none  [&amp;&gt;li]:pl-[1.2em] [&amp;&gt;li]:marker:text-[0] [&amp;&gt;li]:relative [&amp;&gt;li]:before:absolute [&amp;&gt;li]:before:w-3 [&amp;&gt;li]:before:h-3 [&amp;&gt;li]:before:bg-brand [&amp;&gt;li]:before:left-0 [&amp;&gt;li]:before:top-[8px] [&amp;&gt;li]:before:rounded-full  my-5\">\n<li class=\" mb-3 text-xs md:text-m lg:text-l\">Aylin (32)<\/li>\n<li class=\" mb-3 text-xs md:text-m lg:text-l\">Christina (28)<\/li>\n<li class=\" mb-3 text-xs md:text-m lg:text-l\">Clara (27)<\/li>\n<li class=\" mb-3 text-xs md:text-m lg:text-l\">Corinna (27)<\/li>\n<li class=\" mb-3 text-xs md:text-m lg:text-l\">Esra (28)<\/li>\n<li class=\" mb-3 text-xs md:text-m lg:text-l\">Hannah (25)<\/li>\n<li class=\" mb-3 text-xs md:text-m lg:text-l\">Isabelle (31)<\/li>\n<li class=\" mb-3 text-xs md:text-m lg:text-l\">Lena (30)<\/li>\n<li class=\" mb-3 text-xs md:text-m lg:text-l\">Leonie (26)<\/li>\n<li class=\" mb-3 text-xs md:text-m lg:text-l\">Linda (27)<\/li>\n<li class=\" mb-3 text-xs md:text-m lg:text-l\">Lisann (30)<\/li>\n<li class=\" mb-3 text-xs md:text-m lg:text-l\">Louisa (31)<\/li>\n<li class=\" mb-3 text-xs md:text-m lg:text-l\">Mareike (31)<\/li>\n<li class=\" mb-3 text-xs md:text-m lg:text-l\">Michelle (31)<\/li>\n<li class=\" mb-3 text-xs md:text-m lg:text-l\">Nadine H. (30)<\/li>\n<li class=\" mb-3 text-xs md:text-m lg:text-l\">Nadine M. (27)<\/li>\n<li class=\" mb-3 text-xs md:text-m lg:text-l\">Natalie (34)<\/li>\n<li class=\" mb-3 text-xs md:text-m lg:text-l\">Paulina (26)<\/li>\n<li class=\" mb-3 text-xs md:text-m lg:text-l\">Regina (29)<\/li>\n<li class=\" mb-3 text-xs md:text-m lg:text-l\">Sarah (36)<\/li>\n<li class=\" mb-3 text-xs md:text-m lg:text-l\">Seyma (31)<\/li>\n<li class=\" mb-3 text-xs md:text-m lg:text-l\">Teresa (32)<\/li>\n<li class=\" mb-3 text-xs md:text-m lg:text-l\">Vanessa (31)<\/li>\n<li class=\" mb-3 text-xs md:text-m lg:text-l\">Viktoria (26)<\/li>\n<li class=\" mb-3 text-xs md:text-m lg:text-l\">Viviane (34)<\/li>\n<\/ul>\n<ul data-module-id=\"DragDropModule\" class=\"flex flex-wrap justify-start group-[.no-bookmarks]:hidden\">\n<li class=\"mb-3 mr-3\">\n    Vanessa Angrick<\/p>\n<p>      Icon Haken im Kreis gesetzt<\/p>\n<p>      Icon Plus im Kreis<\/p>\n<\/li>\n<li class=\"mb-3 mr-3\">\n    Sendetermin<\/p>\n<p>      Icon Haken im Kreis gesetzt<\/p>\n<p>      Icon Plus im Kreis<\/p>\n<\/li>\n<li class=\"mb-3 mr-3\">\n    Martin Braun<\/p>\n<p>      Icon Haken im Kreis gesetzt<\/p>\n<p>      Icon Plus im Kreis<\/p>\n<\/li>\n<\/ul>\n<p>  <script async src=\"\/\/www.instagram.com\/embed.js\"><\/script><\/p>\n","protected":false},"excerpt":{"rendered":"RTL pr\u00e4sentiert 2025 erneut zwei neue Bachelors. Nachdem im vergangenen Jahr bereits Dennis Gries und Sebastian Klaus gemeinsam&hellip;\n","protected":false},"author":2,"featured_media":219042,"comment_status":"","ping_status":"","sticky":false,"template":"","format":"standard","meta":{"footnotes":""},"categories":[1773],"tags":[29,214,30,471,1780,215],"class_list":{"0":"post-219041","1":"post","2":"type-post","3":"status-publish","4":"format-standard","5":"has-post-thumbnail","7":"category-serien","8":"tag-deutschland","9":"tag-entertainment","10":"tag-germany","11":"tag-serien","12":"tag-series","13":"tag-unterhaltung"},"share_on_mastodon":{"url":"https:\/\/pubeurope.com\/@de\/114745871590686010","error":""},"_links":{"self":[{"href":"https:\/\/www.europesays.com\/de\/wp-json\/wp\/v2\/posts\/219041","targetHints":{"allow":["GET"]}}],"collection":[{"href":"https:\/\/www.europesays.com\/de\/wp-json\/wp\/v2\/posts"}],"about":[{"href":"https:\/\/www.europesays.com\/de\/wp-json\/wp\/v2\/types\/post"}],"author":[{"embeddable":true,"href":"https:\/\/www.europesays.com\/de\/wp-json\/wp\/v2\/users\/2"}],"replies":[{"embeddable":true,"href":"https:\/\/www.europesays.com\/de\/wp-json\/wp\/v2\/comments?post=219041"}],"version-history":[{"count":0,"href":"https:\/\/www.europesays.com\/de\/wp-json\/wp\/v2\/posts\/219041\/revisions"}],"wp:featuredmedia":[{"embeddable":true,"href":"https:\/\/www.europesays.com\/de\/wp-json\/wp\/v2\/media\/219042"}],"wp:attachment":[{"href":"https:\/\/www.europesays.com\/de\/wp-json\/wp\/v2\/media?parent=219041"}],"wp:term":[{"taxonomy":"category","embeddable":true,"href":"https:\/\/www.europesays.com\/de\/wp-json\/wp\/v2\/categories?post=219041"},{"taxonomy":"post_tag","embeddable":true,"href":"https:\/\/www.europesays.com\/de\/wp-json\/wp\/v2\/tags?post=219041"}],"curies":[{"name":"wp","href":"https:\/\/api.w.org\/{rel}","templated":true}]}}