{"id":219101,"date":"2025-06-25T20:54:14","date_gmt":"2025-06-25T20:54:14","guid":{"rendered":"https:\/\/www.europesays.com\/de\/219101\/"},"modified":"2025-06-25T20:54:14","modified_gmt":"2025-06-25T20:54:14","slug":"trump-trifft-selesnkyj-in-den-haag","status":"publish","type":"post","link":"https:\/\/www.europesays.com\/de\/219101\/","title":{"rendered":"Trump trifft Selesnkyj in Den Haag"},"content":{"rendered":"<p>Newsblog zum Ukraine-Krieg <\/p>\n<p>Trump nach Treffen mit Selenskyj: &#8222;H\u00e4tte nicht netter sein k\u00f6nnen&#8220;<\/p>\n<p>Aktualisiert am 25.06.2025 &#8211; 19:42 UhrLesedauer: 9 Min.<\/p>\n<p><a href=\"#focus-0\" class=\"transition-colors duration-200 focus-within:text-magenta block text-current relative\" data-sctrack=\"FocusGalleryImage.Reference\"><img fetchpriority=\"high\" data-testid=\"Opener.Image\" style=\"--lqipURL:url('https:\/\/images.t-online.de\/2025\/06\/J8Zow8A16u82\/433x255:1257x707\/fit-in\/150x0\/filters:blur(25)\/der-ukrainische-praesident-wolodymyr-selenskyj-l-mit-seinem-us-amtskollegen-donald-trump-am-rande-des-nato-gipfels-in-den-haag.jpg')\"   loading=\"eager\" src=\"https:\/\/www.europesays.com\/de\/wp-content\/uploads\/2025\/06\/der-ukrainische-praesident-wolodymyr-selenskyj-l-mit-seinem-us-amtskollegen-donald-trump-am-rande-de.jpeg\" alt=\"urn:newsml:dpa.com:20090101:250625-99-272853\" title=\"urn:newsml:dpa.com:20090101:250625-99-272853\" width=\"1257\" height=\"707\" class=\"bg-[url:var(--lqipURL)] bg-cover bg-center flex h-full w-full max-w-full\" decoding=\"async\"\/><img style=\"--width:32;--height:32\" loading=\"lazy\" src=\"https:\/\/www.t-online.de\/s\/paper\/_next\/static\/media\/zoom-in.f7dae02f.svg\" alt=\"Vergr\u00f6\u00dfern des Bildes\" title=\"Vergr\u00f6\u00dfern des Bildes\" class=\"block h-[calc(var(--height)_\/_16_*_1rem)] w-[calc(var(--width)_\/_16_*_1rem)] max-w-none absolute bottom-8 right-8 rounded-4 bg-snow p-8\" decoding=\"async\"\/><\/a><\/p>\n<p>Der ukrainische Pr\u00e4sident Wolodymyr Selenskyj (l.) mit seinem US-Amtskollegen Donald Trump in Den Haag: Bei dem Treffen ging es auch um Waffenk\u00e4ufe. (Quelle: Ukraine Presidency)<\/p>\n<p class=\"font-bold text-18 leading-17\">Trump und Selenskyj haben in Den Haag \u00fcber R\u00fcstungskooperation geredet. Russland greift die Ukraine mit Raketen und Drohnen an. Alle Entwicklungen im Newsblog.<\/p>\n<p class=\"text-18 leading-17\">Der ukrainische Pr\u00e4sident <a class=\"transition-colors duration-200 cursor-pointer text-inherit no-underline text-salemsfur md:hover:text-magenta md:hover:border-magenta md:focus:text-magenta border-current border-b border-solid break-words\" href=\"https:\/\/www.t-online.de\/themen\/wolodymyr-selenskyj\/\" data-sctrack=\"BodyAnchor\" rel=\"nofollow noopener\" target=\"_blank\">Wolodymyr Selenskyj<\/a> und US-Pr\u00e4sident <a class=\"transition-colors duration-200 cursor-pointer text-inherit no-underline text-salemsfur md:hover:text-magenta md:hover:border-magenta md:focus:text-magenta border-current border-b border-solid break-words\" href=\"https:\/\/www.t-online.de\/themen\/donald-trump\/\" data-sctrack=\"BodyAnchor\" rel=\"nofollow noopener\" target=\"_blank\">Donald Trump<\/a> sind am Mittwoch am Rande des Nato-Gipfels in Den Haag zusammengekommen. Selenskyj schrieb nach dem Treffen in Onlinediensten, die Unterredung mit Trump sei &#8222;lang und substanziell&#8220; gewesen. &#8222;Wir haben dar\u00fcber gesprochen, wie wir einen Waffenstillstand und echten Frieden erreichen k\u00f6nnen&#8220;, erkl\u00e4rte Selenskyj. &#8222;Wir haben dar\u00fcber gesprochen, wie wir unser Volk sch\u00fctzen k\u00f6nnen.&#8220;<\/p>\n<p class=\"text-18 leading-17\">Bei dem Treffen sei es auch um den Kauf von R\u00fcstungsg\u00fctern aus den <a class=\"transition-colors duration-200 cursor-pointer text-inherit no-underline text-salemsfur md:hover:text-magenta md:hover:border-magenta md:focus:text-magenta border-current border-b border-solid break-words\" href=\"https:\/\/www.t-online.de\/themen\/usa\/\" data-sctrack=\"BodyAnchor\" rel=\"nofollow noopener\" target=\"_blank\">USA<\/a> gegangen, &#8222;in erster Linie um den Kauf von Luftabwehrsystemen&#8220;, erkl\u00e4rte Selenskyj. Sein Land sei &#8222;bereit, diese Ausr\u00fcstung zu kaufen und amerikanische R\u00fcstungsunternehmen zu unterst\u00fctzen&#8220;. Auch \u00fcber eine m\u00f6gliche Zusammenarbeit bei der Drohnenproduktion habe er mit Trump gesprochen.<\/p>\n<p class=\"text-18 leading-17\">Trump antwortete bei einer Pressekonferenz zum Abschluss des Nato-Gipfels vage auf die Frage, ob er der <a class=\"transition-colors duration-200 cursor-pointer text-inherit no-underline text-salemsfur md:hover:text-magenta md:hover:border-magenta md:focus:text-magenta border-current border-b border-solid break-words\" href=\"https:\/\/www.t-online.de\/themen\/ukraine\/\" data-sctrack=\"BodyAnchor\" rel=\"nofollow noopener\" target=\"_blank\">Ukraine<\/a> Patriot-Raketen liefern werde. Er werde &#8222;sehen, ob wir einige zur Verf\u00fcgung stellen k\u00f6nnen&#8220;. Der US-Pr\u00e4sident zog aber ebenfalls eine positive Bilanz des Treffens mit Selenskyj. Das Gespr\u00e4ch &#8222;h\u00e4tte nicht angenehmer sein k\u00f6nnen&#8220;, sagte Trump und f\u00fcgte mit Blick auf Selenskyj an: &#8222;Zwischen uns hat es ja manchmal ein bisschen gerumpelt, aber er h\u00e4tte nicht netter sein k\u00f6nnen.&#8220;<\/p>\n<p class=\"text-18 leading-17\">Das baltische EU- und Nato-Mitglied Estland hat die Verletzung seines Luftraums durch ein russisches Transportflugzeug gemeldet. Die Maschine des russischen Katastrophenschutzministeriums vom Typ IL-76 sei am Sonntagmorgen nahe der Ostsee-Insel Vaindloo unerlaubt in den estnischen Luftraum eingedrungen und habe sich etwa vier Minuten darin aufgehalten. Dies teilte die estnische Armee in Tallinn mit.<\/p>\n<p class=\"text-18 leading-17\">Das Flugzeug hatte demnach die elektronische Kennung eingeschaltet und einen Flugplan mitgeteilt. Zum Zeitpunkt des Versto\u00dfes habe der Pilot aber keinen Funkkontakt mit der Flugsicherung gehalten, hie\u00df es in der Mitteilung. Die Maschine sei danach im russischen Luftraum weitergeflogen.<\/p>\n<p class=\"text-18 leading-17\">Der Vize-Vorsitzende des russischen Sicherheitsrates, Dmitri Medwedew, bezeichnet die Europ\u00e4ische Union als &#8222;direkte Bedrohung&#8220; f\u00fcr sein Land. Die EU habe sich zu einem regelrechten Feind Russlands entwickelt. Dennoch solle die bilaterale Zusammenarbeit mit einzelnen EU-Mitgliedstaaten fortgesetzt werden. Der Vertraute von Pr\u00e4sident <a class=\"transition-colors duration-200 cursor-pointer text-inherit no-underline text-salemsfur md:hover:text-magenta md:hover:border-magenta md:focus:text-magenta border-current border-b border-solid break-words\" href=\"https:\/\/www.t-online.de\/themen\/wladimir-putin\/\" data-sctrack=\"BodyAnchor\" rel=\"nofollow noopener\" target=\"_blank\">Wladimir Putin<\/a> warnt zudem vor einem EU-Beitritt der Ukraine.<\/p>\n<p class=\"text-18 leading-17\">Der von Pr\u00e4sident Donald Trump nominierte Kandidat f\u00fcr den Posten des obersten US-Generals in Europa hat sich optimistisch zur Lage der Ukraine im Krieg gegen <a class=\"transition-colors duration-200 cursor-pointer text-inherit no-underline text-salemsfur md:hover:text-magenta md:hover:border-magenta md:focus:text-magenta border-current border-b border-solid break-words\" href=\"https:\/\/www.t-online.de\/themen\/russland\/\" data-sctrack=\"BodyAnchor\" rel=\"nofollow noopener\" target=\"_blank\">Russland<\/a> ge\u00e4u\u00dfert.<\/p>\n<p class=\"text-18 leading-17\">Bei seiner Anh\u00f6rung vor dem US-Senat am 24. Juni sagte Luftwaffengeneral Alexus Grynkewich, er halte einen Sieg der Ukraine f\u00fcr m\u00f6glich. Das geht aus einem Bericht \u00fcber seine Best\u00e4tigungsanh\u00f6rung hervor.<\/p>\n<p class=\"text-18 leading-17\">W\u00f6rtlich erkl\u00e4rte Grynkewich: &#8222;Ich denke, die Ukraine kann gewinnen.&#8220; Zugleich betonte er den besonderen Kampfeswillen der Bev\u00f6lkerung: &#8222;Ich denke, jedes Mal, wenn das eigene Heimatland bedroht ist, k\u00e4mpft man mit einer Entschlossenheit, die f\u00fcr uns schwer vorstellbar ist.&#8220; Trump hatte wiederholt betont, es sei kein Sieg f\u00fcr die Ukraine m\u00f6glich.<\/p>\n","protected":false},"excerpt":{"rendered":"Newsblog zum Ukraine-Krieg Trump nach Treffen mit Selenskyj: &#8222;H\u00e4tte nicht netter sein k\u00f6nnen&#8220; Aktualisiert am 25.06.2025 &#8211; 19:42&hellip;\n","protected":false},"author":2,"featured_media":218049,"comment_status":"","ping_status":"","sticky":false,"template":"","format":"standard","meta":{"footnotes":""},"categories":[4012],"tags":[326,522,331,332,69940,6893,309,106,1478,3189,548,663,775,13,61176,308,14,1159,22256,15,3129,2852,307,43698,12,46306,317,312,3941,64,69941,306,107,59257],"class_list":{"0":"post-219101","1":"post","2":"type-post","3":"status-publish","4":"format-standard","5":"has-post-thumbnail","7":"category-ukraine","8":"tag-326","9":"tag-522","10":"tag-aktuelle-nachrichten","11":"tag-aktuelle-news","12":"tag-alexus-grynkewich","13":"tag-den-haag","14":"tag-dmitri-medwedew","15":"tag-donald-trump","16":"tag-drohne","17":"tag-estland","18":"tag-eu","19":"tag-europa","20":"tag-friedrich-merz","21":"tag-headlines","22":"tag-jabloko","23":"tag-moskau","24":"tag-nachrichten","25":"tag-nato","26":"tag-nato-gipfel","27":"tag-news","28":"tag-newsblog","29":"tag-ostsee","30":"tag-russland","31":"tag-ruestungskooperation","32":"tag-schlagzeilen","33":"tag-tallinn","34":"tag-ukraine","35":"tag-ukrainekrieg","36":"tag-us-senat","37":"tag-usa","38":"tag-vaindloo","39":"tag-wladimir-putin","40":"tag-wolodymyr-selenskyj","41":"tag-zivilschutzministerium"},"share_on_mastodon":{"url":"https:\/\/pubeurope.com\/@de\/114745999028047292","error":""},"_links":{"self":[{"href":"https:\/\/www.europesays.com\/de\/wp-json\/wp\/v2\/posts\/219101","targetHints":{"allow":["GET"]}}],"collection":[{"href":"https:\/\/www.europesays.com\/de\/wp-json\/wp\/v2\/posts"}],"about":[{"href":"https:\/\/www.europesays.com\/de\/wp-json\/wp\/v2\/types\/post"}],"author":[{"embeddable":true,"href":"https:\/\/www.europesays.com\/de\/wp-json\/wp\/v2\/users\/2"}],"replies":[{"embeddable":true,"href":"https:\/\/www.europesays.com\/de\/wp-json\/wp\/v2\/comments?post=219101"}],"version-history":[{"count":0,"href":"https:\/\/www.europesays.com\/de\/wp-json\/wp\/v2\/posts\/219101\/revisions"}],"wp:featuredmedia":[{"embeddable":true,"href":"https:\/\/www.europesays.com\/de\/wp-json\/wp\/v2\/media\/218049"}],"wp:attachment":[{"href":"https:\/\/www.europesays.com\/de\/wp-json\/wp\/v2\/media?parent=219101"}],"wp:term":[{"taxonomy":"category","embeddable":true,"href":"https:\/\/www.europesays.com\/de\/wp-json\/wp\/v2\/categories?post=219101"},{"taxonomy":"post_tag","embeddable":true,"href":"https:\/\/www.europesays.com\/de\/wp-json\/wp\/v2\/tags?post=219101"}],"curies":[{"name":"wp","href":"https:\/\/api.w.org\/{rel}","templated":true}]}}