{"id":219125,"date":"2025-06-25T21:07:11","date_gmt":"2025-06-25T21:07:11","guid":{"rendered":"https:\/\/www.europesays.com\/de\/219125\/"},"modified":"2025-06-25T21:07:11","modified_gmt":"2025-06-25T21:07:11","slug":"cerne-spricht-ueber-toedliche-gefahr-bei-vorfall-in-fuerth","status":"publish","type":"post","link":"https:\/\/www.europesays.com\/de\/219125\/","title":{"rendered":"Cerne spricht \u00fcber &#8222;t\u00f6dliche&#8220; Gefahr bei Vorfall in F\u00fcrth"},"content":{"rendered":"<p>&#8222;Aktenzeichen XY&#8220; <\/p>\n<p>Rudi Cerne \u00fcber Vorfall in F\u00fcrth: &#8222;H\u00e4tte t\u00f6dlich ausgehen k\u00f6nnen&#8220;<\/p>\n<p>25.06.2025 &#8211; 21:57 UhrLesedauer: 2 Min.<\/p>\n<p><a href=\"#focus-0\" class=\"transition-colors duration-200 focus-within:text-magenta block text-current relative\" data-sctrack=\"FocusGalleryImage.Reference\"><img fetchpriority=\"high\" data-testid=\"Opener.Image\" style=\"--lqipURL:url('https:\/\/images.t-online.de\/2025\/06\/8sBQMgJtvW8O\/231x36:2540x1429\/fit-in\/150x0\/filters:blur(25)\/die-mutmasslichen-raeuber-des-fuerther-juwelier-geschaefts-montage-nach-ihnen-wird-seit-dezember-2023-gesucht.jpg')\"   loading=\"eager\" src=\"https:\/\/www.europesays.com\/de\/wp-content\/uploads\/2025\/06\/die-mutmasslichen-raeuber-des-fuerther-juwelier-geschaefts-montage-nach-ihnen-wird-seit-dezember-202.jpeg\" alt=\"Die mutma\u00dflichen R\u00e4uber des F\u00fcrther Juwelier-Gesch\u00e4fts (Montage): Nach ihnen wird seit Dezember 2023 gesucht.\" title=\"Die mutma\u00dflichen R\u00e4uber des F\u00fcrther Juwelier-Gesch\u00e4fts (Montage): Nach ihnen wird seit Dezember 2023 gesucht.\" width=\"2540\" height=\"1429\" class=\"bg-[url:var(--lqipURL)] bg-cover bg-center flex h-full w-full max-w-full\" decoding=\"async\"\/><img style=\"--width:32;--height:32\" loading=\"lazy\" src=\"https:\/\/www.t-online.de\/s\/paper\/_next\/static\/media\/zoom-in.f7dae02f.svg\" alt=\"Vergr\u00f6\u00dfern des Bildes\" title=\"Vergr\u00f6\u00dfern des Bildes\" class=\"block h-[calc(var(--height)_\/_16_*_1rem)] w-[calc(var(--width)_\/_16_*_1rem)] max-w-none absolute bottom-8 right-8 rounded-4 bg-snow p-8\" decoding=\"async\"\/><\/a><\/p>\n<p>Die mutma\u00dflichen R\u00e4uber des F\u00fcrther Juwelier-Gesch\u00e4fts (Montage): Nach ihnen wird seit Dezember 2023 gesucht. (Quelle: BKA-Montage)<\/p>\n<p class=\"font-bold text-18 leading-17\">Was ein Juwelier bei einem Raub\u00fcberfall in F\u00fcrth tat, nennt ein Ermittler &#8222;brandgef\u00e4hrlich&#8220;. Auch ZDF-Moderator Cerne warnt vor dem Verhalten des Mannes.<\/p>\n<p class=\"text-18 leading-17\">Ein Fall aus F\u00fcrth war am Mittwochabend Thema bei &#8222;Aktenzeichen XY&#8230; Ungel\u00f6st&#8220;: F\u00fcrther Hauptkommissar Andreas Friedrich stellte in der Sendung mit Moderator <a class=\"transition-colors duration-200 cursor-pointer text-inherit no-underline text-salemsfur md:hover:text-magenta md:hover:border-magenta md:focus:text-magenta border-current border-b border-solid break-words\" href=\"https:\/\/www.t-online.de\/themen\/rudi-cerne\/\" data-sctrack=\"BodyAnchor\" target=\"_blank\" rel=\"noopener\">Rudi Cerne<\/a> den spektakul\u00e4ren Fall eines Juwelenraubs vor.<\/p>\n<p class=\"text-18 leading-17\">Anschlie\u00dfend fl\u00fcchteten sie zun\u00e4chst mit zwei E-Scootern und sp\u00e4ter dann zu Fu\u00df durch den Stadtpark. Der Besitzer des Juwelierladens war den beiden auf ihrer Flucht ein St\u00fcck weit hinterhergelaufen.<\/p>\n<p class=\"text-18 leading-17\">Moderator Rudi Cerne erkannte sofort die Brisanz des Vorfalls und kommentierte: &#8222;Das h\u00e4tte t\u00f6dlich ausgehen k\u00f6nnen.&#8220; Der Ermittler Friedrich nutzte die Gelegenheit im TV, um davon abzuraten, bewaffnete T\u00e4ter nach einer Tat zu verfolgen \u2013 wie es in diesem Fall der Zeuge getan hatte. Friedrich: &#8222;Das ist brandgef\u00e4hrlich.&#8220;<\/p>\n<p class=\"text-18 leading-17\">Seit anderthalb Jahren sind die T\u00e4ter, die mit einem osteurop\u00e4ischen Akzent sprachen, verschwunden: In der am Mittwochabend ausgestrahlten Sendung wurden die Aufzeichnungen der \u00dcberwachungskameras des Juweliers gezeigt. Auch weitere Beweismittel und Bilder des gestohlenen Schmucks, darunter auch wertvolle Uhren, waren zu sehen.<\/p>\n<p class=\"text-18 leading-17\">Die Polizei hofft durch die Fernsehausstrahlung auf entscheidende Hinweise aus der Bev\u00f6lkerung, die zur Aufkl\u00e4rung des Falls beitragen k\u00f6nnten. Zeugen k\u00f6nnen sich bei der Polizei F\u00fcrth telefonisch unter 0 800 7766330 melden. Ob in dem Fall Hinweise vom TV-Publikum eingingen, wurde zun\u00e4chst nicht bekannt.<\/p>\n","protected":false},"excerpt":{"rendered":"&#8222;Aktenzeichen XY&#8220; Rudi Cerne \u00fcber Vorfall in F\u00fcrth: &#8222;H\u00e4tte t\u00f6dlich ausgehen k\u00f6nnen&#8220; 25.06.2025 &#8211; 21:57 UhrLesedauer: 2 Min.&hellip;\n","protected":false},"author":2,"featured_media":219126,"comment_status":"","ping_status":"","sticky":false,"template":"","format":"standard","meta":{"footnotes":""},"categories":[1837],"tags":[14579,3176,70239,772,3364,29,4347,30,3783,5309,15131,2399,12289,1448],"class_list":{"0":"post-219125","1":"post","2":"type-post","3":"status-publish","4":"format-standard","5":"has-post-thumbnail","7":"category-nuernberg","8":"tag-aktenzeichen-xy","9":"tag-3176","10":"tag-andreas-friedrich","11":"tag-bayern","12":"tag-de","13":"tag-deutschland","14":"tag-fuerth","15":"tag-germany","16":"tag-nuernberg","17":"tag-raubueberfall","18":"tag-rudi-cerne","19":"tag-schmuck","20":"tag-weihnachten","21":"tag-zdf"},"share_on_mastodon":{"url":"https:\/\/pubeurope.com\/@de\/114746048232211132","error":""},"_links":{"self":[{"href":"https:\/\/www.europesays.com\/de\/wp-json\/wp\/v2\/posts\/219125","targetHints":{"allow":["GET"]}}],"collection":[{"href":"https:\/\/www.europesays.com\/de\/wp-json\/wp\/v2\/posts"}],"about":[{"href":"https:\/\/www.europesays.com\/de\/wp-json\/wp\/v2\/types\/post"}],"author":[{"embeddable":true,"href":"https:\/\/www.europesays.com\/de\/wp-json\/wp\/v2\/users\/2"}],"replies":[{"embeddable":true,"href":"https:\/\/www.europesays.com\/de\/wp-json\/wp\/v2\/comments?post=219125"}],"version-history":[{"count":0,"href":"https:\/\/www.europesays.com\/de\/wp-json\/wp\/v2\/posts\/219125\/revisions"}],"wp:featuredmedia":[{"embeddable":true,"href":"https:\/\/www.europesays.com\/de\/wp-json\/wp\/v2\/media\/219126"}],"wp:attachment":[{"href":"https:\/\/www.europesays.com\/de\/wp-json\/wp\/v2\/media?parent=219125"}],"wp:term":[{"taxonomy":"category","embeddable":true,"href":"https:\/\/www.europesays.com\/de\/wp-json\/wp\/v2\/categories?post=219125"},{"taxonomy":"post_tag","embeddable":true,"href":"https:\/\/www.europesays.com\/de\/wp-json\/wp\/v2\/tags?post=219125"}],"curies":[{"name":"wp","href":"https:\/\/api.w.org\/{rel}","templated":true}]}}