{"id":219487,"date":"2025-06-26T00:26:09","date_gmt":"2025-06-26T00:26:09","guid":{"rendered":"https:\/\/www.europesays.com\/de\/219487\/"},"modified":"2025-06-26T00:26:09","modified_gmt":"2025-06-26T00:26:09","slug":"u21-em-dfb-junioren-ziehen-gegen-frankreich-ins-finale-ein","status":"publish","type":"post","link":"https:\/\/www.europesays.com\/de\/219487\/","title":{"rendered":"U21-EM: DFB-Junioren ziehen gegen Frankreich ins Finale ein"},"content":{"rendered":"<p>Ja, ich feiere den Finaleinzug auch, vor allem die Art und Weise vermisst man in der A-Nationalmannschaft all zu oft. <\/p>\n<p>Man sollte sich jedoch nicht vom aktuellen Erfolg der U21 blenden lassen, der Finaleunzug ist leider kein Indiz daf\u00fcr, dass es mit dem deutschen Fu\u00dfball in Zukunft bergauf gehen wird. <\/p>\n<p>Es kommt bei einer U21-EM immer darauf an, wie viele Spieler bereits fester Bestandteil ihrer A-Nationalmannschaft sind. <\/p>\n<p>W\u00e4hrend Deutschland nahezu mit seinen besten U21 (bzw U23)-Spielern beim Turnier aufl\u00e4uft, h\u00e4tte beispielsweise Spanien mit Pedri, Yamal, Balde, Gavi, Williams, Cubarsi, Fermin und Huijsen ganz andere Kaliber f\u00fcr die U21 einsetzen k\u00f6nnen. Es h\u00e4tte also faktisch halb Barca auf dem Platz stehen k\u00f6nnen. <\/p>\n<p>Bei Frankreich Olise, Camavinga, Dou\u00e9, Barcola, Cherki, Zaire-Emery, Ekitik\u00e9, Yoro usw. <\/p>\n<p>Bei England Bellingham, Saka, Palmer, Rogers, Madueke, Colwill, Gittens, Lewis-Skelly, Mainoo usw. <\/p>\n<p>Da h\u00e4tte Deutschland auch mit Spielern wie Musiala, Wirtz, Adeyemi, Bischof, Beier, Schade und Pavlovic nicht dagegenhalten k\u00f6nnen, zumal auf allen Abwehr-Positionen seit Jahren keine wirklich talentierten Spieler mehr nachkommen und wir da gro\u00dfe Probleme haben. <\/p>\n<p>Spanien zB wird mit Cubarsi, Hujsen, Balde usw. f\u00fcr die n\u00e4chsten 10, 15 Jahre weiterhin keine Abwehr-Probleme haben, solch talentierte Abwehrspieler sucht man in Deutschland seit Hummels, Boateng, Lahm und Co. vergeblich.   <\/p>\n<p>Wenn alle Nationen ihre besten U21 bzw. U23-Spieler auflaufen lassen w\u00fcrden, dann h\u00e4tte man von einem Finale nur tr\u00e4umen k\u00f6nnen. <\/p>\n<p>Es hat schon seinen Grund, warum nach den U21-EM-Titeln von 2017 und 2021 (2019 zudem Finale) kein sp\u00fcrbarer Schwung in die A-Nationalmannschaft kam. <\/p>\n<p>Die meisten U21-Europameister aus den genannten Jahren sind maximal gute Bundesliga-Spieler geworden, manche auch in Liga 2 oder irgendwo in den USA oder so unterwegs. Goretzka, Tah, Gnabry, Schlotterbeck und noch der ein oder andere sind nur ein paar wenige Ausnahmen von U21-Europameistern von 2017 und 2021, die sich mehr oder weniger dauerhaft bei der A-Nationalmannschaft etabliert haben. Ziemlich \u00fcberschaubar&#8230; <\/p>\n<p>Fazit: Andere L\u00e4nder sind uns bei der Nachwuchsarbeit meilenweit voraus, aber mit einem U21-EM-Titel kann man die Probleme ja gut unter den Teppich kehren oder zumindest sch\u00f6nreden. Ich &#8222;freue&#8220; mich schon auf das Gelaber, wie toll der Nachwuchs in Deutschland doch ist, sollte Deutschland die EM gewinnen. <\/p>\n<p>Wie dem auch sei, f\u00fcr die Spieler freue ich mich, die Spiele machen Spa\u00df zuzuschauen, trotzdem sollte man den Erfolg nicht zu hoch h\u00e4ngen.<\/p>\n","protected":false},"excerpt":{"rendered":"Ja, ich feiere den Finaleinzug auch, vor allem die Art und Weise vermisst man in der A-Nationalmannschaft all&hellip;\n","protected":false},"author":2,"featured_media":219488,"comment_status":"","ping_status":"","sticky":false,"template":"","format":"standard","meta":{"footnotes":"","_share_on_mastodon":"0"},"categories":[136],"tags":[29,58063,60205,30,265,68202],"class_list":["post-219487","post","type-post","status-publish","format-standard","has-post-thumbnail","category-sport","tag-deutschland","tag-deutschland-u21","tag-frankreich-u21","tag-germany","tag-sport","tag-u21-europameisterschaft"],"share_on_mastodon":{"url":"https:\/\/pubeurope.com\/@de\/114746830607604521","error":""},"_links":{"self":[{"href":"https:\/\/www.europesays.com\/de\/wp-json\/wp\/v2\/posts\/219487","targetHints":{"allow":["GET"]}}],"collection":[{"href":"https:\/\/www.europesays.com\/de\/wp-json\/wp\/v2\/posts"}],"about":[{"href":"https:\/\/www.europesays.com\/de\/wp-json\/wp\/v2\/types\/post"}],"author":[{"embeddable":true,"href":"https:\/\/www.europesays.com\/de\/wp-json\/wp\/v2\/users\/2"}],"replies":[{"embeddable":true,"href":"https:\/\/www.europesays.com\/de\/wp-json\/wp\/v2\/comments?post=219487"}],"version-history":[{"count":0,"href":"https:\/\/www.europesays.com\/de\/wp-json\/wp\/v2\/posts\/219487\/revisions"}],"wp:featuredmedia":[{"embeddable":true,"href":"https:\/\/www.europesays.com\/de\/wp-json\/wp\/v2\/media\/219488"}],"wp:attachment":[{"href":"https:\/\/www.europesays.com\/de\/wp-json\/wp\/v2\/media?parent=219487"}],"wp:term":[{"taxonomy":"category","embeddable":true,"href":"https:\/\/www.europesays.com\/de\/wp-json\/wp\/v2\/categories?post=219487"},{"taxonomy":"post_tag","embeddable":true,"href":"https:\/\/www.europesays.com\/de\/wp-json\/wp\/v2\/tags?post=219487"}],"curies":[{"name":"wp","href":"https:\/\/api.w.org\/{rel}","templated":true}]}}