{"id":219526,"date":"2025-06-26T00:48:13","date_gmt":"2025-06-26T00:48:13","guid":{"rendered":"https:\/\/www.europesays.com\/de\/219526\/"},"modified":"2025-06-26T00:48:13","modified_gmt":"2025-06-26T00:48:13","slug":"der-schock-nach-islamistischem-terror-attentat-mitten-in-bielefeld","status":"publish","type":"post","link":"https:\/\/www.europesays.com\/de\/219526\/","title":{"rendered":"Der Schock nach islamistischem Terror-Attentat mitten in Bielefeld"},"content":{"rendered":"<p id=\"absatz1\" class=\"em_text\">Bielefeld. Niemand hat sich vorstellen k\u00f6nnen, dass ausgerechnet Bielefeld jemals Tatort eines terroristischen Anschlags werden k\u00f6nnte. Am fr\u00fchen Morgen des 18. Mai 2025 tritt das Undenkbare doch ein. Ein mutma\u00dflicher Islamist z\u00fcckt gegen 4.20 Uhr ein Messer und einen sogenannten Stockdegen (ein Spazierstock, an dessen Ende ein Messer versteckt ist) und sticht damit wahllos und mit gro\u00dfer Brutalit\u00e4t auf die Feiernden vor der Szenebar Cutie ein. Innerhalb weniger Momente liegen die ersten Opfer des Attent\u00e4ters am Boden. Panik bricht aus. Der Mann mit den Messern wirkt wie im Wahn. Die Menschen um ihn herum sehen sofort: \u201eDer ist noch nicht fertig, der macht weiter\u201c, so berichten es Augenzeugen sp\u00e4ter.<\/p>\n<p id=\"absatz2\" class=\"em_text\">In diesem Moment reagieren der 26-j\u00e4hrige Arminia-Bielefeld-Fan Chris und seine Freunde blitzschnell. Sie erkennen, welche Gefahr von diesem Mann ausgeht. Sie entscheiden sich, ohne R\u00fccksicht auf ihre eigene Gesundheit einzugreifen und gegen den Attent\u00e4ter vorzugehen. Sp\u00e4ter danken die Tatzeugen Chris und seinen Freunden f\u00fcr ihr selbstloses Eingreifen. Sie werden als Lebensretter bezeichnet. Dabei h\u00e4tte Chris sein Handeln fast mit dem Tod bezahlt. Der T\u00e4ter hatte ihm ohnehin schon von hinten das Bein aufgeschlitzt. Als sich Chris umdreht und auf den Attent\u00e4ter losgeht, trifft der mit dem Stockmesser noch zweimal die Brust des 26-j\u00e4hrigen Bielefelders. Chris sackt lebensgef\u00e4hrlich verletzt zu Boden.<\/p>\n<p id=\"absatz4\" class=\"em_text\">In der neuesten Folge von \u201eOstwestF\u00e4lle\u201c, dem True-Crime-Podcast der Neuen Westf\u00e4lischen, sprechen Podcast-Gastgeberin Birgitt Gottwald und Redakteur Jens Reichenbach \u00fcber diesen ungew\u00f6hnlichen Fall, dem nach Ansicht des Generalbundesanwaltes ein islamistischer Terrorakt zugrunde liegt. Es geht dabei um den T\u00e4ter, um die Umst\u00e4nde seiner Festnahme, die Lebensretter vom Cutie, die erfreulichen Nachrichten ihrer Genesung nach der Tat und auch einige unerfreuliche Begleiterscheinungen.<\/p>\n<p id=\"absatz5\" class=\"em_text\">\n<p><b class=\"bold\">Im \u00dcberblick:<\/b> <a href=\"https:\/\/www.nw.de\/themen\/nachrichten\/owl-crime\" target=\"_blank\" rel=\"noopener\">Hier finden Sie alle Folgen des OWL-Crime-Podcasts<\/a><\/p>\n<p>Terrorangriff in Bielefeld \u2013 der Fall im \u00dcberblick:<\/p>\n<ul>\n<li>Am fr\u00fchen Morgen des 18. Mai 2025 sticht ein Angreifer auf Feiernde vor dem Bielefelder Club Cutie ein.<\/li>\n<li>Mit einem Messer und einem Stockdegen verletzt er f\u00fcnf junge Menschen, zwei von ihnen lebensgef\u00e4hrlich. Die G\u00e4ste gehen gewaltsam gegen den T\u00e4ter vor, doch der kann fl\u00fcchten.<\/li>\n<li>Am Tag darauf wird der Tatverd\u00e4chtige Mahmoud K. in der Stadt Heiligenhaus (Kreis Mettmann) in einem Wohnblock gefasst.<\/li>\n<li>Die N\u00e4he des Tatverd\u00e4chtigen zum IS wird schnell deutlich. Der Generalbundesanwalt \u00fcbernimmt die Ermittlungen.<\/li>\n<li>Der Haftbefehl lautet zun\u00e4chst auf vierfach versuchten Mord und gef\u00e4hrliche K\u00f6rperverletzung, sp\u00e4ter auch auf Mitgliedschaft in einer Terrororganisation.<\/li>\n<\/ul>\n<p>Zwei Bielefelder schweben in Lebensgefahr<\/p>\n<p class=\"em_text\">Bielefeld steht nach der Messertat an jenem fr\u00fchen Sonntagmorgen unter Schock. F\u00fcnf Personen werden durch den T\u00e4ter verletzt. Zwei junge M\u00e4nner schweben sogar in Lebensgefahr, zwei weitere Personen liegen mit schweren Verletzungen am Boden. Beherzte Ersthelfer tun alles daf\u00fcr, dass die Schwerverletzten nicht zu viel Blut verlieren. Mit einem G\u00fcrtel binden sie das Bein eines der Opfer ab. Not\u00e4rzte und Rettungskr\u00e4fte eilen zum Tatort und \u00fcbernehmen kurz darauf die Versorgung. Zahlreiche Streifenwagen erreichen wenig sp\u00e4ter den Tatort unter dem Ostwestfalendamm und tauchen die Szenerie in ein zuckendes Blaulichtmeer.<\/p>\n<p>        <a href=\"https:\/\/www.nw.de\/_em_daten\/_cache\/image\/1xZ0lyZjV1MUluUy9GVEhrQXJ2WW5nMDRtSEFCWi9EMDRZMy9KYVNETGEvTFcySDNsYXBqQ1NOd1hNdjhXSFdGUzNGNkNQVGEzUTNKSHJ0QlZXRTZoL1FBaXpyTlV3M2JVaC9XSnZ1V1lKdU09\/250625-1529-623412351.jpg\" class=\"nw-article-image\" title=\"Am Tag nach der Tat zeugen nur noch die Handschuhe der Retter von den dramatischen Momenten vor der Szenebar Cutie in Bielefeld.\" data-glightbox=\"type: image; description: Am Tag nach der Tat zeugen nur noch die Handschuhe der Retter von den dramatischen Momenten vor der Szenebar Cutie in Bielefeld.  | \u00a9 Jens Reichenbach \" target=\"_blank\" rel=\"noopener\"><br \/>\n            <img decoding=\"async\" src=\"https:\/\/www.europesays.com\/de\/wp-content\/uploads\/2025\/06\/250625-1529-623412351.jpg\" class=\"nw-img-fluid nw-w-full nw-lazy nw-rounded-t-md\" alt=\"Am Tag nach der Tat zeugen nur noch die Handschuhe der Retter von den dramatischen Momenten vor der Szenebar Cutie in Bielefeld. - \u00a9 Jens Reichenbach\" data-format=\"16:9\"\/><br \/>\n        <\/a><\/p>\n<p>                Am Tag nach der Tat zeugen nur noch die Handschuhe der Retter von den dramatischen Momenten vor der Szenebar Cutie in Bielefeld.<br \/>\n                                    | \u00a9 Jens Reichenbach<\/p>\n<p id=\"absatz8\" class=\"em_text\">Der T\u00e4ter ist verschwunden, die Polizei sucht die Gegend ab, die Bev\u00f6lkerung wird vor dem m\u00f6glicherweise immer noch bewaffneten und gef\u00e4hrlichen Mann gewarnt. Wenig sp\u00e4ter ver\u00f6ffentlichen die Sicherheitsbeh\u00f6rden Fahndungsfotos des 35-j\u00e4hrigen Syrers Mahmoud M. Er soll am Tatort einen Rucksack mit weiteren Messern und seinen Aufenthaltspapieren zur\u00fcckgelassen haben.<\/p>\n<p>Bielefelder Helfer wundern sich, als der Mann wieder aufsteht<\/p>\n<p id=\"absatz9\" class=\"em_text\">Kein Wunder, denn die Gegenwehr der Feiernden an diesem Abend ist massiv. Mehrere Arminia-Fans, die an diesem sp\u00e4ten Abend eigentlich die Meisterschaft ihrer Helden in der dritten Liga feiern wollten, dr\u00e4ngen M. mit Gewalt aus der Menge, bringen ihn zu Boden. Ein massiver Tritt in das Gesicht des Attent\u00e4ters l\u00e4sst alle glauben: \u201eDas war\u2019s, der steht nicht mehr auf.\u201c Doch Mahmoud M. rappelt sich zur Verwunderung der Umstehenden auf und ergreift die Flucht. Vollgepumpt mit Adrenalin und vermutlich auch Alkohol ist er trotz des Tritts noch zum Handeln f\u00e4hig.<\/p>\n<p>        <a href=\"https:\/\/www.nw.de\/_em_daten\/_cache\/image\/1xaGVyK2lqcnJZdjQ2dkI0azcxbCtoL0NETERHNzVhVm5IV2NuWXE5azY1OFVYMVQycW5mdXNFK2FOWlExRkd3c0hEZU9WWTFMTG8zaldOYUd2ZEd3TGc9PQ\/250625-1529-623293240.jpg\" class=\"nw-article-image\" title=\"Der Tatverd\u00e4chtige f\u00fcr den Messer-Anschlag vor der Bar \" cutie=\"\" an=\"\" der=\"\" gro=\"\" hei=\"\" mahmoud=\"\" k.=\"\" bis=\"\" zu=\"\" seiner=\"\" verhaftung=\"\" wurde=\"\" er=\"\" mit=\"\" diesen=\"\" fahndungsfotos=\"\" gesucht.=\"\" data-glightbox=\"type: image; description: Der Tatverd\u00e4chtige f\u00fcr den Messer-Anschlag vor der Bar &quot;Cutie&quot; an der Gro\u00dfe-Kurf\u00fcrsten-Stra\u00dfe hei\u00dft Mahmoud K. (35). Bis zu seiner Verhaftung wurde er mit diesen Fahndungsfotos gesucht.  | \u00a9 Polizei \" target=\"_blank\" rel=\"noopener\"><br \/>\n            <img decoding=\"async\" src=\"https:\/\/www.europesays.com\/de\/wp-content\/uploads\/2025\/06\/250625-1529-623293240.jpg\" class=\"nw-img-fluid nw-w-full nw-lazy nw-rounded-t-md\" alt=\"Der Tatverd\u00e4chtige f\u00fcr den Messer-Anschlag vor der Bar &quot;Cutie&quot; an der Gro\u00dfe-Kurf\u00fcrsten-Stra\u00dfe hei\u00dft Mahmoud K. (35). Bis zu seiner Verhaftung wurde er mit diesen Fahndungsfotos gesucht. - \u00a9 Polizei\" data-format=\"16:9\"\/><br \/>\n        <\/a><\/p>\n<p>                Der Tatverd\u00e4chtige f\u00fcr den Messer-Anschlag vor der Bar &#8222;Cutie&#8220; an der Gro\u00dfe-Kurf\u00fcrsten-Stra\u00dfe hei\u00dft Mahmoud K. (35). Bis zu seiner Verhaftung wurde er mit diesen Fahndungsfotos gesucht.<br \/>\n                                    | \u00a9 Polizei<\/p>\n<p id=\"absatz10\" class=\"em_text\">Zwei Verfolger bleiben noch auf seinen Fersen. Einer verliert den Mann aber kurz darauf im Fu\u00dfg\u00e4ngertunnel, der zur Bahnhofstra\u00dfe f\u00fchrt, aus den Augen. Der andere, ein Spazierg\u00e4nger, der den Vorfall von der gegen\u00fcberliegenden Stra\u00dfenseite beobachtet hat, folgt dem im Gesicht blutenden Mann in die Friedenstra\u00dfe, wo der Verfolgte sich im Innenhof des ehemaligen Arbeitsamtes versteckt. Der Spazierg\u00e4nger hatte die eigentliche Tat nicht gesehen. Doch er wei\u00df intuitiv: \u201eVon diesem Mann geht Gefahr aus.\u201c Er bleibt daher auf Abstand und winkt einen Streifenwagen heran. Als er dies tut, nutzt der Mann im Innenhof die Gelegenheit zur Flucht \u2013 vermutlich den Hang hinauf in Richtung der Gleise, die dort entlangf\u00fchren. Dann verliert sich seine Spur.<\/p>\n<p>Die Frage nach dem Anschlusszug verr\u00e4t den gesuchten Mahmoud M.<\/p>\n<p id=\"absatz11\" class=\"em_text\">Sp\u00e4ter wird bekannt, dass Mahmoud M. noch stundenlang in Bielefeld unterwegs war, bevor er am Nachmittag per Zug den Weg nach Essen nimmt. Offenbar sind die Fahndungsfotos zu dem Zeitpunkt f\u00fcr die Reisenden noch nicht pr\u00e4sent genug. Das ist aber anders, als M. in Essen ankommt. Er braucht Hilfe und fragt einen Zeugen nach einem Anschlusszug nach Velbert. Der Zeuge sucht in der Bahn-App die Verbindung heraus und informiert anschlie\u00dfend die Polizei \u00fcber das Ziel des mutma\u00dflichen Attent\u00e4ters.<\/p>\n<p>        <a href=\"https:\/\/www.nw.de\/_em_daten\/_cache\/image\/1xWVhsb1grYnJYWHl1NWwwV1VSWlAwazQwZmQ4TGlkYnF6bTdyK3EyL0JxL0krZFZ1bXhOQlNiMEZzQ21VbjYrbHRRNzRMNk5veTZFNnE2Y0lCeXp1SVlnd0cya3l3azFwTXRVZHpjcytkaHM9\/250625-1529-623412531.jpg\" class=\"nw-article-image\" title=\"Mordkommission ermittelt am Tatort - direkt vor dem Club Cutie.\" data-glightbox=\"type: image; description: Mordkommission ermittelt am Tatort - direkt vor dem Club Cutie.  | \u00a9 Paul Brinkmann \" target=\"_blank\" rel=\"noopener\"><br \/>\n            <img decoding=\"async\" src=\"https:\/\/www.europesays.com\/de\/wp-content\/uploads\/2025\/06\/250625-1529-623412531.jpg\" class=\"nw-img-fluid nw-w-full nw-lazy nw-rounded-t-md\" alt=\"Mordkommission ermittelt am Tatort - direkt vor dem Club Cutie. - \u00a9 Paul Brinkmann\" data-format=\"16:9\"\/><br \/>\n        <\/a><\/p>\n<p>                Mordkommission ermittelt am Tatort &#8211; direkt vor dem Club Cutie.<br \/>\n                                    | \u00a9 Paul Brinkmann<\/p>\n<p id=\"absatz12\" class=\"em_text\">Am sp\u00e4ten Montagabend nehmen SEK-Einheiten den Tatverd\u00e4chtigen in einer von drei gest\u00fcrmten Wohnungen fest. Zuvor hatten die Ermittler nichts unversucht gelassen, um die Spur des Verd\u00e4chtigen aufzunehmen. Sogar Sp\u00fcrhunde sind im Einsatz, die Geruchsspurentr\u00e4ger des Gesuchten vorgelegt bekommen. Der Gesuchte hatte sich in der N\u00e4he von Velbert in der Stadt Heiligenhaus (Kreis Mettmann) in einem Wohnblock versteckt.<\/p>\n<p>Immer mehr Fehler auf der Flucht verraten den Tatverd\u00e4chtigen<\/p>\n<p id=\"absatz13\" class=\"em_text\">Die \u201eMordkommission Kurf\u00fcrst\u201c, benannt nach dem Tatort an der Gro\u00dfen-Kurf\u00fcrsten-Stra\u00dfe, an der auch das Cutie liegt, ist ihm seit der Tat auf den Fersen geblieben, hat den Fahndungsdruck hochgehalten. M. bleibt daher keine Minute der Ruhe und so macht er immer mehr Fehler. Am Ende klicken trotz der Gegenwehr des Mannes kurz darauf die Handschellen. \u201eDie Gefahr ist gebannt, der T\u00e4ter ist gefasst\u201c, hei\u00dft es kurz darauf.<\/p>\n<p id=\"absatz14\"><b class=\"bold\">Zum Thema<\/b>: <a href=\"https:\/\/www.nw.de\/lokal\/bielefeld\/mitte\/24102001_Tatverdaechtiger-Bielefelder-Messerangreifer-ist-gefasst-Opfer-ausser-Lebensgefahr.html\" target=\"_blank\" rel=\"noopener\">Tatverd\u00e4chtiger Bielefelder Messerangreifer ist gefasst<\/a><\/p>\n<p id=\"absatz15\" class=\"em_text\">Noch wichtiger ist aber eine andere Nachricht an jenem Montag: Die \u00c4rzte konnten per Not-OP das Leben der beiden am schwersten verletzten M\u00e4nner retten. Alle Opfer des Messerattentats konnten stabilisiert werden. Keiner schwebt mehr in Lebensgefahr. Der Besitzer des Cutie sucht alle Betroffenen im Krankenhaus auf, f\u00fchlt sich mit ihnen verbunden und vergewissert sich, dass es allen nach und nach besser geht. Chris und seinen Freunden dankt er \u00f6ffentlich f\u00fcr ihren Einsatz, der Schlimmeres verhindert habe. Um aber nicht nur warme Worte zu liefern, richtet er auch eine Spendenaktion f\u00fcr die Verletzten ein. Knapp 30.000 Euro sind bisher daf\u00fcr zusammengekommen.<\/p>\n<p>Hinweise auf einen islamistischen Hintergrund verdichten sich<\/p>\n<p id=\"absatz16\" class=\"em_text\">Die Ermittler sind sich derweil sicher, den richtigen Verd\u00e4chtigen zu haben. Und in der Tat. Schon bei der ersten Vernehmung, die mit Hilfe einer \u00dcbersetzungs-App gef\u00fchrt wird, soll Mahmoud M. seine Solidarit\u00e4t mit dem Islamischen Staat bekundet haben. Die inzwischen durchgef\u00fchrte Durchsuchung seines WG-Zimmers in der Fl\u00fcchtlingsunterkunft in Harsewinkel (Kreis G\u00fctersloh) liefert weitere Indizien, unter anderem einen Block mit Notizen des 35-J\u00e4hrigen. Dieses Schriftst\u00fcck soll ebenfalls Beleg f\u00fcr eine islamistische Einstellung des Verd\u00e4chtigen sein. Genauso wie ein Kontakt zu einem Mann aus dem Kreis G\u00fctersloh, der dem Staatsschutz bereits als islamistisch bekannt sein soll.<\/p>\n<p id=\"absatz17\"><b class=\"bold\">Gute Nachricht<\/b>: <a href=\"https:\/\/www.nw.de\/lokal\/bielefeld\/mitte\/24105291_Chris-geht-es-besser-Schwerstverletzter-Arminia-Bielefeld-Fan-dankt-seinen-Rettern.html\" target=\"_blank\" rel=\"noopener\">\u201eChris geht es besser\u201c: Schwerstverletzter Arminia-Bielefeld-Fan dankt seinen Rettern<\/a><\/p>\n<p id=\"absatz18\" class=\"em_text\">Zwei Tage nach der Tat \u00fcbernimmt der Generalbundesanwalt die Ermittlungen. Ein sehr seltener Vorgang. Die oberste deutsche Strafverfolgungsbeh\u00f6rde, die vor allem bei Terrorismus, Spionage und V\u00f6lkerstrafrechtstaten aktiv wird, sieht eine \u201ebesondere Bedeutung\u201c in der Tat, die mutma\u00dflich \u201ereligi\u00f6s motiviert war und als Angriff auf die freiheitliche demokratische Grundordnung zu verstehen ist. Damit ist sie geeignet, die innere Sicherheit der Bundesrepublik Deutschland zu beeintr\u00e4chtigen\u201c, hei\u00dft es in einer Erkl\u00e4rung des Generalbundesanwalts.<\/p>\n<p>Bundeskriminalamt r\u00fcstet Bielefelder Mordkommission auf<\/p>\n<p id=\"absatz19\" class=\"em_text\">Wenige Tage nach der Festnahme verdichten sich die Hinweise auf eine islamistische Gesinnung des Inhaftierten. Der Generalbundesanwalt beordert Spezial-Teams des Bundeskriminalamtes nach Bielefeld, um die Mordkommission bei den Ermittlungen zu unterst\u00fctzen. Das inzwischen 32-k\u00f6pfige Team muss aus Platzgr\u00fcnden das Polizeipr\u00e4sidium verlassen und zieht in derzeit ungenutzte R\u00e4ume bei der Autobahnpolizei in Schlo\u00df Holte-Stukenbrock.<\/p>\n<p>        <a href=\"https:\/\/www.nw.de\/_em_daten\/_cache\/image\/1xWE85UllYcU9pZUdIOGpReklhbjlJa2VUWVFTeU9OOVA2cDB4RDFOSTRzUXJVbll1RmxhUnNIWnJOZEYzdUsxU3FtYVorTmNBajh0UkdzWW5uaElMaVl3QXZxZHRKbnRvcWNXR0QvSkNENUk9\/250625-1529-623412494.jpg\" class=\"nw-article-image\" title=\"Generalbundesanwalt Jens Rommel geht im Bielefelder Fall von einem Bezug zum Islamischen Staat aus.\" data-glightbox=\"type: image; description: Generalbundesanwalt Jens Rommel geht im Bielefelder Fall von einem Bezug zum Islamischen Staat aus.  | \u00a9 Uli Deck\/dpa \" target=\"_blank\" rel=\"noopener\"><br \/>\n            <img decoding=\"async\" src=\"https:\/\/www.europesays.com\/de\/wp-content\/uploads\/2025\/06\/250625-1529-623412494.jpg\" class=\"nw-img-fluid nw-w-full nw-lazy nw-rounded-t-md\" alt=\"Generalbundesanwalt Jens Rommel geht im Bielefelder Fall von einem Bezug zum Islamischen Staat aus. - \u00a9 Uli Deck\/dpa\" data-format=\"16:9\"\/><br \/>\n        <\/a><\/p>\n<p>                Generalbundesanwalt Jens Rommel geht im Bielefelder Fall von einem Bezug zum Islamischen Staat aus.<br \/>\n                                    | \u00a9 Uli Deck\/dpa<\/p>\n<p id=\"absatz20\"><b class=\"bold\">Auch interessant<\/b>: <a href=\"https:\/\/www.nw.de\/lokal\/bielefeld\/mitte\/24112792_BKA-Experten-uebernehmen-Ermittlungen-im-Fall-des-Bielefelder-Messer-Attentats.html\" target=\"_blank\" rel=\"noopener\">BKA-Experten \u00fcbernehmen Ermittlungen im Fall des Bielefelder Messer-Attentats<\/a><\/p>\n<p id=\"absatz21\" class=\"em_text\">Und nun geht es den Ermittlern nicht mehr nur um das eigentliche Tatgeschehen, sondern um das m\u00f6gliche Motiv. In alten IS-Listen finden sie einen Namen, den sie anhand verschiedener Abgleichm\u00f6glichkeiten Mahmoud M. zuordnen. Demnach muss er 2014 bis 2016 f\u00fcr die Terrororganisation gearbeitet und dort auch Geld verdient haben \u2013 in einem sogenannten Technik-Bataillon. Ob er w\u00e4hrend seiner Flucht 2023 \u00fcber die Balkanroute nach Deutschland bereits Anschlagspl\u00e4ne gemacht hatte, ist noch unklar. Aber die Ermittler sind sich sicher, dass er kurz vor der Tat regelm\u00e4\u00dfig Kontakt mit ausl\u00e4ndischen Pers\u00f6nlichkeiten hatte, die m\u00f6glicherweise zum IS geh\u00f6rten.<\/p>\n<p>Hatte Mahmoud M. Helfer von au\u00dfen? Die Ermittler sagen ja<\/p>\n<p id=\"absatz22\" class=\"em_text\">F\u00fcr die ermittelnde Bundesanw\u00e4ltin wird klarer, dass der zweifache Vater mutma\u00dflich die Ideologie des IS verinnerlicht haben muss und vermutlich mit Hilfe von au\u00dfen kurz vor der Tat den Entschluss getroffen haben d\u00fcrfte, bei einem Attentat m\u00f6glichst viele Ungl\u00e4ubige zu t\u00f6ten. Der Generalbundesanwalt verfasst entsprechend einen neuen Haftbefehl, in dem M. nicht mehr nur vierfach versuchter Mord und gef\u00e4hrliche K\u00f6rperverletzung vorgeworfen werden, sondern auch die Mitgliedschaft in einer Terrororganisation.<\/p>\n<p id=\"absatz23\" class=\"em_text\">In dem neuen Haftbefehl der Bundesanwaltschaft vom 25. Juni hei\u00dft es, der Beschuldigte folge einer islamistisch-jihadistischen Ideologie und habe sich sp\u00e4testens im Dezember 2014 in Syrien der terroristischen Vereinigung \u201eIslamischer Staat\u201c (IS) angeschlossen. Bis zum Fr\u00fchjahr 2016 habe er im Raum Raqqa unter anderem als Wach- und Grenzposten f\u00fcr die Organisation gearbeitet. Die Bundesanwaltschaft geht davon aus, dass er im Namen eines weltweiten \u201eHeiligen Krieges\u201c und f\u00fcr den IS m\u00f6glichst viele, willk\u00fcrlich ausgew\u00e4hlte Menschen in Deutschland t\u00f6ten wollte. Zu diesem Zweck habe er am 18. Mai vor dem Bielefelder Lokal mit Messern auf G\u00e4ste eingestochen und teils lebensgef\u00e4hrlich verletzt.<\/p>\n<p id=\"absatz24\" class=\"em_text\">Der Generalbundesanwalt Jens Rommel betont derweil die Gefahr, die immer noch vom IS ausgeht: \u201eDiese F\u00e4lle belegen einerseits die fortdauernde Gef\u00e4hrlichkeit des IS und seiner Ableger. Die Vereinigung herrscht zwar zurzeit nicht mehr \u00fcber ein bestimmtes Territorium, vor allem nicht in Syrien oder im Irak. Sie ist aber weiterhin aktiv und ihr gelingt es nach wie vor, Anh\u00e4nger f\u00fcr Anschl\u00e4ge etwa in Deutschland zu mobilisieren.\u201c Eine konkrete Anbindung an eine terroristische Gruppierung sei dabei gar nicht mehr Voraussetzung. Das zeigten Attentate wie in Mannheim und M\u00fcnchen: \u201eIn beiden F\u00e4llen hatten sich die Beschuldigten per Chat mit vermeintlichen Islam-Gelehrten ausgetauscht, die sie in dem Vorhaben best\u00e4rkten, Gegner des Islams anzugreifen. Ihre Taten waren vorab kaum zu erkennen\u201c, berichtet Rommel.<\/p>\n<p id=\"absatz25\"><b class=\"bold\">Lesen Sie dazu<\/b>: <a href=\"https:\/\/www.nw.de\/lokal\/bielefeld\/mitte\/24125070_Cutie-Attentat-in-Bielefeld-Generalbundesanwalt-wirft-Mahmoud-M.-nun-IS-Mitgliedschaft-vor.html\" target=\"_blank\" rel=\"noopener\">Cutie-Attentat in Bielefeld: Generalbundesanwalt wirft Mahmoud M. nun IS-Mitgliedschaft vor<\/a><\/p>\n<p>        <a href=\"https:\/\/www.nw.de\/_em_daten\/_cache\/image\/1xblY5ZWlKTjJTYjUwc1NOV3NJVFAyZTZDbklMUmkvUlhmQWdvdmVVN2tNWHh2VHhGWGNTTXgzWEorV3E2OEwrQmR3Vk1mWmNUaVBxZTgrV3gyZXlUWVM4TjdZT3pWRm1YSDNQd2RwTCszbzg9\/250625-1529-623412194.jpg\" class=\"nw-article-image\" title=\"Mehrere Kerzen, ein Fanschal von Arminia Bielefeld und ein Zettel mit der Aufschrift \" unsere=\"\" gedanken=\"\" sind=\"\" bei=\"\" euch=\"\" liegen=\"\" kurz=\"\" nach=\"\" der=\"\" tat=\"\" vor=\"\" dem=\"\" cutie.=\"\" data-glightbox=\"type: image; description: Mehrere Kerzen, ein Fanschal von Arminia Bielefeld und ein Zettel mit der Aufschrift &quot;Unsere Gedanken sind bei Euch!&quot; liegen kurz nach der Tat vor dem Cutie.  | \u00a9 Friso Gentsch\/dpa \" target=\"_blank\" rel=\"noopener\"><br \/>\n            <img decoding=\"async\" src=\"https:\/\/www.europesays.com\/de\/wp-content\/uploads\/2025\/06\/250625-1529-623412194.jpg\" class=\"nw-img-fluid nw-w-full nw-lazy nw-rounded-t-md\" alt=\"Mehrere Kerzen, ein Fanschal von Arminia Bielefeld und ein Zettel mit der Aufschrift &quot;Unsere Gedanken sind bei Euch!&quot; liegen kurz nach der Tat vor dem Cutie. - \u00a9 Friso Gentsch\/dpa\" data-format=\"16:9\"\/><br \/>\n        <\/a><\/p>\n<p>                Mehrere Kerzen, ein Fanschal von Arminia Bielefeld und ein Zettel mit der Aufschrift &#8222;Unsere Gedanken sind bei Euch!&#8220; liegen kurz nach der Tat vor dem Cutie.<br \/>\n                                    | \u00a9 Friso Gentsch\/dpa<\/p>\n<p id=\"absatz26\" class=\"em_text\">W\u00e4hrend das Ermittler-Team bestehend aus Bielefelder Kripo-Beamten und BKA-Experten weiter an den Ermittlungen f\u00fcr eine wasserdichte Anklage arbeitet, geschieht in Berlin etwas ganz Besonderes, das unmittelbar mit den Cutie-Fall zu tun hat: Keine sieben Tage nach der Tat erscheint Lebensretter Chris im Rollstuhl und begleitet von zwei Rettungssanit\u00e4tern im Olympiastadion, um seine Arminia beim gro\u00dfen DFB-Pokalfinale gegen den VfB Stuttgart mitzuerleben. Der Applaus aus seiner Kurve und die vielen Banner zu seinen Ehren sorgen schon weit vor dem Anpfiff f\u00fcr den vermutlich gr\u00f6\u00dften G\u00e4nsehautmoment an diesem historischen Tag. <\/p>\n","protected":false},"excerpt":{"rendered":"Bielefeld. Niemand hat sich vorstellen k\u00f6nnen, dass ausgerechnet Bielefeld jemals Tatort eines terroristischen Anschlags werden k\u00f6nnte. Am fr\u00fchen&hellip;\n","protected":false},"author":2,"featured_media":219527,"comment_status":"","ping_status":"","sticky":false,"template":"","format":"standard","meta":{"footnotes":""},"categories":[1841],"tags":[13774,2368,10174,1605,48194,51445,70334,3364,29,980,10120,30,37686,48193,16379,16392,16351,1608,16401,70333,47403,70332,1981,33168,736,16384,23780,15946,1209,22059,70335,121,70336,33166,218,4233],"class_list":{"0":"post-219526","1":"post","2":"type-post","3":"status-publish","4":"format-standard","5":"has-post-thumbnail","7":"category-bielefeld","8":"tag-anschlag","9":"tag-arminia-bielefeld","10":"tag-attentat","11":"tag-bielefeld","12":"tag-birgitt-gottwald","13":"tag-chris","14":"tag-cutie","15":"tag-de","16":"tag-deutschland","17":"tag-festnahme","18":"tag-gtersloh","19":"tag-germany","20":"tag-heiligenhaus","21":"tag-jens-reichenbach","22":"tag-krperverletzung","23":"tag-label_blaulicht","24":"tag-label_mach-mich-schlau","25":"tag-label_top-news","26":"tag-label_xxl-200","27":"tag-mahmoud-k","28":"tag-mahmoud-m","29":"tag-mahmoud-m-helfer","30":"tag-messer","31":"tag-meta_artikelklasse_podcast","32":"tag-meta_copyrights_nw","33":"tag-meta_themen_blaulicht_sicherheit","34":"tag-meta_userneeds_beruehremich","35":"tag-mettmann","36":"tag-nordrhein-westfalen","37":"tag-owl","38":"tag-owl-crime","39":"tag-polizei","40":"tag-serie_owlcrime","41":"tag-serie_podcast","42":"tag-tatort","43":"tag-velbert"},"share_on_mastodon":{"url":"","error":"Validation failed: Text character limit of 500 exceeded"},"_links":{"self":[{"href":"https:\/\/www.europesays.com\/de\/wp-json\/wp\/v2\/posts\/219526","targetHints":{"allow":["GET"]}}],"collection":[{"href":"https:\/\/www.europesays.com\/de\/wp-json\/wp\/v2\/posts"}],"about":[{"href":"https:\/\/www.europesays.com\/de\/wp-json\/wp\/v2\/types\/post"}],"author":[{"embeddable":true,"href":"https:\/\/www.europesays.com\/de\/wp-json\/wp\/v2\/users\/2"}],"replies":[{"embeddable":true,"href":"https:\/\/www.europesays.com\/de\/wp-json\/wp\/v2\/comments?post=219526"}],"version-history":[{"count":0,"href":"https:\/\/www.europesays.com\/de\/wp-json\/wp\/v2\/posts\/219526\/revisions"}],"wp:featuredmedia":[{"embeddable":true,"href":"https:\/\/www.europesays.com\/de\/wp-json\/wp\/v2\/media\/219527"}],"wp:attachment":[{"href":"https:\/\/www.europesays.com\/de\/wp-json\/wp\/v2\/media?parent=219526"}],"wp:term":[{"taxonomy":"category","embeddable":true,"href":"https:\/\/www.europesays.com\/de\/wp-json\/wp\/v2\/categories?post=219526"},{"taxonomy":"post_tag","embeddable":true,"href":"https:\/\/www.europesays.com\/de\/wp-json\/wp\/v2\/tags?post=219526"}],"curies":[{"name":"wp","href":"https:\/\/api.w.org\/{rel}","templated":true}]}}