{"id":219813,"date":"2025-06-26T03:30:25","date_gmt":"2025-06-26T03:30:25","guid":{"rendered":"https:\/\/www.europesays.com\/de\/219813\/"},"modified":"2025-06-26T03:30:25","modified_gmt":"2025-06-26T03:30:25","slug":"wuppertaler-freibad-eckbusch-ueberzeugt-in-ranking","status":"publish","type":"post","link":"https:\/\/www.europesays.com\/de\/219813\/","title":{"rendered":"Wuppertaler Freibad Eckbusch \u00fcberzeugt in Ranking"},"content":{"rendered":"<p class=\"text_ohne_einzug richtext text-em-55 !leading-serif mx-6 desktop:mx-0\">Mit dem Sommerbeginn haben die Temperaturen am Wochenende hierzulande die 30-Grad-Marke geknackt. F\u00fcr viele Wuppertaler diente am Samstag und Sonntag das Freibad als bester Ort zur Abk\u00fchlung. Zum Start der hei\u00dfen Jahreszeit hat der Reiseveranstalter \u201eFit Reisen\u201c nun ein deutschlandweites Freibad-Ranking ver\u00f6ffentlicht \u2013 in dem besonders ein Wuppertaler Bad gut abschneidet.<\/p>\n","protected":false},"excerpt":{"rendered":"Mit dem Sommerbeginn haben die Temperaturen am Wochenende hierzulande die 30-Grad-Marke geknackt. F\u00fcr viele Wuppertaler diente am Samstag&hellip;\n","protected":false},"author":2,"featured_media":219814,"comment_status":"","ping_status":"","sticky":false,"template":"","format":"standard","meta":{"footnotes":"","_share_on_mastodon":"0"},"categories":[1840],"tags":[70416,7422,15780,3364,29,70417,30944,10860,31876,70418,30,1209,12286,22582,70415,25637,15083,4418],"class_list":["post-219813","post","type-post","status-publish","format-standard","has-post-thumbnail","category-wuppertal","tag-abschneidet","tag-bad","tag-bewertung","tag-de","tag-deutschland","tag-durchschnittsbewertung","tag-eckbusch","tag-freibad","tag-freibaeder","tag-freibaedern","tag-germany","tag-nordrhein-westfalen","tag-ranking","tag-reiseveranstalter","tag-schneidet","tag-schnitt","tag-staedteranking","tag-wuppertal"],"share_on_mastodon":{"url":"https:\/\/pubeurope.com\/@de\/114747554123464302","error":""},"_links":{"self":[{"href":"https:\/\/www.europesays.com\/de\/wp-json\/wp\/v2\/posts\/219813","targetHints":{"allow":["GET"]}}],"collection":[{"href":"https:\/\/www.europesays.com\/de\/wp-json\/wp\/v2\/posts"}],"about":[{"href":"https:\/\/www.europesays.com\/de\/wp-json\/wp\/v2\/types\/post"}],"author":[{"embeddable":true,"href":"https:\/\/www.europesays.com\/de\/wp-json\/wp\/v2\/users\/2"}],"replies":[{"embeddable":true,"href":"https:\/\/www.europesays.com\/de\/wp-json\/wp\/v2\/comments?post=219813"}],"version-history":[{"count":0,"href":"https:\/\/www.europesays.com\/de\/wp-json\/wp\/v2\/posts\/219813\/revisions"}],"wp:featuredmedia":[{"embeddable":true,"href":"https:\/\/www.europesays.com\/de\/wp-json\/wp\/v2\/media\/219814"}],"wp:attachment":[{"href":"https:\/\/www.europesays.com\/de\/wp-json\/wp\/v2\/media?parent=219813"}],"wp:term":[{"taxonomy":"category","embeddable":true,"href":"https:\/\/www.europesays.com\/de\/wp-json\/wp\/v2\/categories?post=219813"},{"taxonomy":"post_tag","embeddable":true,"href":"https:\/\/www.europesays.com\/de\/wp-json\/wp\/v2\/tags?post=219813"}],"curies":[{"name":"wp","href":"https:\/\/api.w.org\/{rel}","templated":true}]}}