{"id":219886,"date":"2025-06-26T04:10:10","date_gmt":"2025-06-26T04:10:10","guid":{"rendered":"https:\/\/www.europesays.com\/de\/219886\/"},"modified":"2025-06-26T04:10:10","modified_gmt":"2025-06-26T04:10:10","slug":"nach-der-hitze-kommt-der-regen","status":"publish","type":"post","link":"https:\/\/www.europesays.com\/de\/219886\/","title":{"rendered":"Nach der Hitze kommt der Regen"},"content":{"rendered":"<p>Prognose und Unwetterwarnung <\/p>\n<p>Wetter in M\u00fcnchen: Nach der Hitze kommt der Regen<\/p>\n<p>26.06.2025 &#8211; 06:00 UhrLesedauer: 1 Min.<\/p>\n<p class=\"font-bold text-18 leading-17\"><strong class=\"font-bold\">Gibt es heute Sonne, Regen oder Sturm in M\u00fcnchen? Hier finden Sie die Wettervorhersage und Unwetterwarnungen f\u00fcr Bayerns Landeshauptstadt.<\/strong><\/p>\n<p class=\"text-18 leading-17\">Am Donnerstag, 26. Juni, startet M\u00fcnchen zun\u00e4chst freundlich in den Tag. Wie Daten des Wetterportals &#8222;wetter.com&#8220; zeigen, liegt die Temperatur am fr\u00fchen Morgen bei 19 Grad. Der Himmel ist teils bew\u00f6lkt.<\/p>\n<p class=\"text-18 leading-17\">Bis zum Mittag steigt das Thermometer auf bis zu 27 Grad. Besonders zwischen 8 und 15 Uhr ist es windig mit kr\u00e4ftigen B\u00f6en. Ab dem fr\u00fchen Nachmittag nehmen dann sowohl Wolken als auch die Regenwahrscheinlichkeit deutlich zu: Ab 15 Uhr kann es wiederholt zu leichten Schauern kommen. In der Nacht klingen die Schauer ab, es bleibt aber wechselhaft bei Tiefstwerten um 19 Grad.<\/p>\n<p class=\"text-18 leading-17\">Am Freitag, 27. Juni, zeigt sich das Wetter bew\u00f6lkt mit bis zu 25 Grad. Am Samstag, 28. Juni, bleibt es bei leicht wechselhaftem Wetter trocken, dazu sind H\u00f6chstwerte um 29 Grad zu erwarten. Auch f\u00fcr diese Tage liegen derzeit keine amtlichen Unwetterwarnungen f\u00fcr M\u00fcnchen oder den Landkreis vor.<\/p>\n<p class=\"text-18 leading-17\">Das aktuelle Wetter f\u00fcr M\u00fcnchen heute und in den kommenden Tagen finden Sie immer auf <a class=\"transition-colors duration-200 cursor-pointer text-inherit no-underline text-salemsfur md:hover:text-magenta md:hover:border-magenta md:focus:text-magenta border-current border-b border-solid break-words\" href=\"https:\/\/www.t-online.de\/wetter\/deutschland\/muenchen\/jd138hq576\/wetter-heute\" data-sctrack=\"BodyAnchor\" target=\"_blank\" rel=\"noopener\">der t-online-Wetterseite<\/a> oder in unserem Video oben.<\/p>\n","protected":false},"excerpt":{"rendered":"Prognose und Unwetterwarnung Wetter in M\u00fcnchen: Nach der Hitze kommt der Regen 26.06.2025 &#8211; 06:00 UhrLesedauer: 1 Min.&hellip;\n","protected":false},"author":2,"featured_media":219887,"comment_status":"","ping_status":"","sticky":false,"template":"","format":"standard","meta":{"footnotes":""},"categories":[1827],"tags":[722,772,29,51596,30,3366,3467,1268,11378,4028,26245,1973,2256,4907,2257,5415],"class_list":{"0":"post-219886","1":"post","2":"type-post","3":"status-publish","4":"format-standard","5":"has-post-thumbnail","7":"category-muenchen","8":"tag-722","9":"tag-bayern","10":"tag-deutschland","11":"tag-fronleichnam","12":"tag-germany","13":"tag-isar","14":"tag-landeshauptstadt","15":"tag-muenchen","16":"tag-sommerhitze","17":"tag-unwetter","18":"tag-unwetterwarnung","19":"tag-wetter","20":"tag-wetterausblick","21":"tag-wetteraussicht","22":"tag-wetterlage","23":"tag-wetterprognose"},"share_on_mastodon":{"url":"https:\/\/pubeurope.com\/@de\/114747711468379372","error":""},"_links":{"self":[{"href":"https:\/\/www.europesays.com\/de\/wp-json\/wp\/v2\/posts\/219886","targetHints":{"allow":["GET"]}}],"collection":[{"href":"https:\/\/www.europesays.com\/de\/wp-json\/wp\/v2\/posts"}],"about":[{"href":"https:\/\/www.europesays.com\/de\/wp-json\/wp\/v2\/types\/post"}],"author":[{"embeddable":true,"href":"https:\/\/www.europesays.com\/de\/wp-json\/wp\/v2\/users\/2"}],"replies":[{"embeddable":true,"href":"https:\/\/www.europesays.com\/de\/wp-json\/wp\/v2\/comments?post=219886"}],"version-history":[{"count":0,"href":"https:\/\/www.europesays.com\/de\/wp-json\/wp\/v2\/posts\/219886\/revisions"}],"wp:featuredmedia":[{"embeddable":true,"href":"https:\/\/www.europesays.com\/de\/wp-json\/wp\/v2\/media\/219887"}],"wp:attachment":[{"href":"https:\/\/www.europesays.com\/de\/wp-json\/wp\/v2\/media?parent=219886"}],"wp:term":[{"taxonomy":"category","embeddable":true,"href":"https:\/\/www.europesays.com\/de\/wp-json\/wp\/v2\/categories?post=219886"},{"taxonomy":"post_tag","embeddable":true,"href":"https:\/\/www.europesays.com\/de\/wp-json\/wp\/v2\/tags?post=219886"}],"curies":[{"name":"wp","href":"https:\/\/api.w.org\/{rel}","templated":true}]}}