{"id":219914,"date":"2025-06-26T04:26:11","date_gmt":"2025-06-26T04:26:11","guid":{"rendered":"https:\/\/www.europesays.com\/de\/219914\/"},"modified":"2025-06-26T04:26:11","modified_gmt":"2025-06-26T04:26:11","slug":"borussia-dortmund-siegt-gegen-ulsan-hd-und-trifft-auf-sergio-ramos-in-atlanta-sport","status":"publish","type":"post","link":"https:\/\/www.europesays.com\/de\/219914\/","title":{"rendered":"Borussia Dortmund siegt gegen Ulsan HD und trifft auf Sergio Ramos in Atlanta | Sport"},"content":{"rendered":"<p><b>Mit einem 1:0-Arbeitssieg gegen Ulsan HD hat sich Borussia Dortmund das Achtelfinalticket bei der Klub-WM gesichert \u2013 und bekommt es nun mit einer Legende zu tun!<\/b><\/p>\n<p>Am Mittwoch (2. Juli, 3 Uhr deutscher Zeit) geht\u2019s in Atlanta gegen CF Monterrey mit Ex-Real-Star Sergio Ramos (39). Der mexikanische Traditionsklub sicherte sich mit einem 4:0 gegen die Urawa Red Diamonds (Japan) Platz zwei in Gruppe E \u2013 hinter Inter Mailand, das in der Parallelpartie 2:0 gegen River Plate (Argentinien\/sind ausgeschieden) gewann.<\/p>\n<p><a class=\"article-image__anchor\" href=\"https:\/\/www.dazn.com\/de-DE\/welcome\" target=\"_blank\" rel=\"noopener\"><img decoding=\"async\" width=\"992\" height=\"60\" alt=\"Teaser-Bild\" src=\"https:\/\/www.europesays.com\/de\/wp-content\/uploads\/2025\/06\/cb23565af4faa17a22dc38e8a1ad813f,d723a7f\"   class=\"dynamic\" loading=\"lazy\"\/><\/a><\/p>\n<p><b>Ramos wechselte im Februar von seinem Heimatklub Sevilla \u00fcberraschend nach Mexiko. Der Spanier gewann zuvor mit Real Madrid viermal die Champions League. Bei seiner Vorstellung im Fr\u00fchjahr k\u00fcndigte er bereits an, dass er weiter internationale Titel holen m\u00f6chte. Und sprach da schon von einem Triumph bei der Klub-WM.<\/b><\/p>\n<p><a href=\"https:\/\/www.dazn.com\/de-DE\/welcome\" target=\"_blank\" rel=\"nofollow noopener\" class=\"text-link--external text-link\">\u201eAlle Spiele der FIFA Klub WM live und kostenlos nur bei DAZN \u2013 hier kostenlos registrieren\u201c<\/a> (Anzeige)<\/p>\n<p>Lesen Sie auch<\/p>\n<p><b>Kurios:<\/b> Ramos hat sich sogar extra Geld-Pr\u00e4mien f\u00fcr Erfolge bei dem Turnier in den USA in seinen Vertrag schreiben lassen. Er soll zudem rund vier Millionen Euro netto erhalten. Zudem beh\u00e4lt der Spanier seine Bildrechte, ist mit zwei Prozent an jedem Trikotverkauf beteiligt und soll als Botschafter f\u00fcr Monterrey in Hinblick auf die Weltmeisterschaft 2026 in den USA, Kanada und Mexiko fungieren. <\/p>\n<p>Bayern-Frust: M\u00fcller stichelt gegen den BVB<a href=\"https:\/\/www.bild.de\/sport\/fussball\/haben-wir-mentale-probleme-fiese-mueller-stichelei-gegen-bvb-685b81173446cc6249ea44c2\" class=\"anchor\" target=\"_blank\" rel=\"noopener\"><img decoding=\"async\" width=\"992\" height=\"558\" alt=\"Teaser-Bild\" src=\"https:\/\/www.europesays.com\/de\/wp-content\/uploads\/2025\/06\/887a1f402d6aae3aed23b2bd063aae9e,8a2ad606\"   class=\"landscape teaser__image\" loading=\"lazy\"\/><\/a><\/p>\n<p>Quelle: BILD25.06.2025<\/p>\n<p><b>Nun trifft er auf den BVB. Austragungsort: das Mercedes-Benz-Stadion in Atlanta. Dort will sich der BVB gegen den erfahrenen Ramos und seine Mexikaner das Viertelfinalticket sichern.<\/b><\/p>\n<p>Im Parallelspiel der Gruppe Inter gegen River Plate kam es nach Abpfiff zu einem kleinen Eklat. Die hitzigen Argentinier waren nach dem Ausscheiden sehr frustriert. Marcos Acouna (33) jagte seinen Gegnern bis zum Spielertunnel hinterher. Er wurde von seinen Mitspielern gestoppt und zu Boden gerissen, bis er sich beruhigte.<\/p>\n","protected":false},"excerpt":{"rendered":"Mit einem 1:0-Arbeitssieg gegen Ulsan HD hat sich Borussia Dortmund das Achtelfinalticket bei der Klub-WM gesichert \u2013 und&hellip;\n","protected":false},"author":2,"featured_media":219915,"comment_status":"","ping_status":"","sticky":false,"template":"","format":"standard","meta":{"footnotes":""},"categories":[136],"tags":[29,18712,30,265],"class_list":{"0":"post-219914","1":"post","2":"type-post","3":"status-publish","4":"format-standard","5":"has-post-thumbnail","7":"category-sport","8":"tag-deutschland","9":"tag-fifa-klub-wm","10":"tag-germany","11":"tag-sport"},"share_on_mastodon":{"url":"https:\/\/pubeurope.com\/@de\/114747774441777145","error":""},"_links":{"self":[{"href":"https:\/\/www.europesays.com\/de\/wp-json\/wp\/v2\/posts\/219914","targetHints":{"allow":["GET"]}}],"collection":[{"href":"https:\/\/www.europesays.com\/de\/wp-json\/wp\/v2\/posts"}],"about":[{"href":"https:\/\/www.europesays.com\/de\/wp-json\/wp\/v2\/types\/post"}],"author":[{"embeddable":true,"href":"https:\/\/www.europesays.com\/de\/wp-json\/wp\/v2\/users\/2"}],"replies":[{"embeddable":true,"href":"https:\/\/www.europesays.com\/de\/wp-json\/wp\/v2\/comments?post=219914"}],"version-history":[{"count":0,"href":"https:\/\/www.europesays.com\/de\/wp-json\/wp\/v2\/posts\/219914\/revisions"}],"wp:featuredmedia":[{"embeddable":true,"href":"https:\/\/www.europesays.com\/de\/wp-json\/wp\/v2\/media\/219915"}],"wp:attachment":[{"href":"https:\/\/www.europesays.com\/de\/wp-json\/wp\/v2\/media?parent=219914"}],"wp:term":[{"taxonomy":"category","embeddable":true,"href":"https:\/\/www.europesays.com\/de\/wp-json\/wp\/v2\/categories?post=219914"},{"taxonomy":"post_tag","embeddable":true,"href":"https:\/\/www.europesays.com\/de\/wp-json\/wp\/v2\/tags?post=219914"}],"curies":[{"name":"wp","href":"https:\/\/api.w.org\/{rel}","templated":true}]}}