{"id":220484,"date":"2025-06-26T09:34:14","date_gmt":"2025-06-26T09:34:14","guid":{"rendered":"https:\/\/www.europesays.com\/de\/220484\/"},"modified":"2025-06-26T09:34:14","modified_gmt":"2025-06-26T09:34:14","slug":"hamburg-serien-dieb-am-hauptbahnhof-festgenommen-regional","status":"publish","type":"post","link":"https:\/\/www.europesays.com\/de\/220484\/","title":{"rendered":"Hamburg: Serien-Dieb am Hauptbahnhof festgenommen | Regional"},"content":{"rendered":"<p>Hamburg \u2013 <b>Ein 68-j\u00e4hriger Mann ist im Hamburger Hauptbahnhof wegen Diebstahls festgenommen worden.<\/b><\/p>\n<p>Am 25.06.2025 gegen 8.45 Uhr schnappte die Bundespolizei den deutschen Staatsangeh\u00f6rigen. Der Verd\u00e4chtige soll zuvor in einer B\u00e4ckerei im Bahnhof gestohlen haben. Ein aufmerksamer Zeuge hatte die Tat beobachtet und sofort die Polizei alarmiert.<\/p>\n<p>Auch interessant<\/p>\n<p>Anzeige<\/p>\n<p>Auch interessant<\/p>\n<p>Anzeige<\/p>\n<p>Eine Streife der Bundespolizei stellte den Mann im Hauptbahnhof und \u00fcberpr\u00fcfte seine Identit\u00e4t. Dabei kam heraus, dass gegen ihn ein Untersuchungshaftbefehl des Amtsgerichts Hamburg wegen Diebstahls in 11 F\u00e4llen vorliegt.<\/p>\n<p>Der Mann steht im Verdacht, zwischen dem 21.03.2025 und dem 15.04.2025 insgesamt 11 Diebst\u00e4hle im Bereich des Hamburger Hauptbahnhofs begangen zu haben.<\/p>\n<p>Nach den Ma\u00dfnahmen der Bundespolizei wurde der 68-J\u00e4hrige in die Untersuchungshaftanstalt gebracht.<\/p>\n<p>Dieser Text basiert auf einer offiziellen Beh\u00f6rden-Information und wurde mit Hilfe von KI erstellt.<\/p>\n","protected":false},"excerpt":{"rendered":"Hamburg \u2013 Ein 68-j\u00e4hriger Mann ist im Hamburger Hauptbahnhof wegen Diebstahls festgenommen worden. Am 25.06.2025 gegen 8.45 Uhr&hellip;\n","protected":false},"author":2,"featured_media":161708,"comment_status":"","ping_status":"","sticky":false,"template":"","format":"standard","meta":{"footnotes":""},"categories":[1826],"tags":[29,1686,30,692,2509,121,45,1995],"class_list":{"0":"post-220484","1":"post","2":"type-post","3":"status-publish","4":"format-standard","5":"has-post-thumbnail","7":"category-hamburg","8":"tag-deutschland","9":"tag-diebstahl","10":"tag-germany","11":"tag-hamburg","12":"tag-ki-ots","13":"tag-polizei","14":"tag-texttospeech","15":"tag-verbrechen"},"share_on_mastodon":{"url":"https:\/\/pubeurope.com\/@de\/114748985899636193","error":""},"_links":{"self":[{"href":"https:\/\/www.europesays.com\/de\/wp-json\/wp\/v2\/posts\/220484","targetHints":{"allow":["GET"]}}],"collection":[{"href":"https:\/\/www.europesays.com\/de\/wp-json\/wp\/v2\/posts"}],"about":[{"href":"https:\/\/www.europesays.com\/de\/wp-json\/wp\/v2\/types\/post"}],"author":[{"embeddable":true,"href":"https:\/\/www.europesays.com\/de\/wp-json\/wp\/v2\/users\/2"}],"replies":[{"embeddable":true,"href":"https:\/\/www.europesays.com\/de\/wp-json\/wp\/v2\/comments?post=220484"}],"version-history":[{"count":0,"href":"https:\/\/www.europesays.com\/de\/wp-json\/wp\/v2\/posts\/220484\/revisions"}],"wp:featuredmedia":[{"embeddable":true,"href":"https:\/\/www.europesays.com\/de\/wp-json\/wp\/v2\/media\/161708"}],"wp:attachment":[{"href":"https:\/\/www.europesays.com\/de\/wp-json\/wp\/v2\/media?parent=220484"}],"wp:term":[{"taxonomy":"category","embeddable":true,"href":"https:\/\/www.europesays.com\/de\/wp-json\/wp\/v2\/categories?post=220484"},{"taxonomy":"post_tag","embeddable":true,"href":"https:\/\/www.europesays.com\/de\/wp-json\/wp\/v2\/tags?post=220484"}],"curies":[{"name":"wp","href":"https:\/\/api.w.org\/{rel}","templated":true}]}}