{"id":220521,"date":"2025-06-26T09:54:14","date_gmt":"2025-06-26T09:54:14","guid":{"rendered":"https:\/\/www.europesays.com\/de\/220521\/"},"modified":"2025-06-26T09:54:14","modified_gmt":"2025-06-26T09:54:14","slug":"bundestag-bundestag-beschliesst-umfassende-steuerentlastungen-fuer-unternehmen","status":"publish","type":"post","link":"https:\/\/www.europesays.com\/de\/220521\/","title":{"rendered":"Bundestag: Bundestag beschlie\u00dft umfassende Steuerentlastungen f\u00fcr Unternehmen"},"content":{"rendered":"<p class=\"paragraph article__item\">Der <a class=\"rtr-entity\" href=\"https:\/\/www.zeit.de\/thema\/bundestag\" target=\"_blank\" rel=\"noopener\">Bundestag<\/a> hat ein\u00a0Ma\u00dfnahmenpaket zur <a href=\"https:\/\/www.zeit.de\/wirtschaft\/2025-06\/bdi-wirtschaftswachstum-2025-zoelle\" class=\"\" target=\"_blank\" rel=\"noopener\">Verbesserung der wirtschaftlichen<br \/>\n Lage<\/a> verabschiedet. Der Gesetzentwurf sieht eine<br \/>\ndeutliche steuerliche Entlastung von Unternehmen in Deutschland vor und soll neue Anreize f\u00fcr Investitionen setzen.\u00a0F\u00fcr die Entlastungen stimmten die Bundestagsfraktionen von Union und SPD. Die AfD enthielt sich. Dagegen stimmten die<br \/>\nGr\u00fcnen und die Linken.\n<\/p>\n<p class=\"paragraph article__item\">Bundesfinanzminister <a class=\"rtr-entity\" href=\"https:\/\/www.zeit.de\/thema\/lars-klingbeil\" target=\"_blank\" rel=\"noopener\">Lars Klingbeil<\/a><br \/>\n (SPD) bezeichnete das Paket als &#8222;klares<br \/>\nSignal&#8220; zur St\u00e4rkung der Wirtschaft. Die schwarz-rote<br \/>\nRegierung mache damit auch klar, dass sie alles daf\u00fcr tue, damit<br \/>\n<a href=\"https:\/\/www.zeit.de\/wirtschaft\/2025-06\/wirtschaftskrise-arbeitslosigkeit-autobranche-industrie\" class=\"\" target=\"_blank\" rel=\"noopener\">Arbeitspl\u00e4tze in Deutschland sicher seien<\/a>, sagte der SPD-Chef. Klingbeil begr\u00fc\u00dfte, dass mit den L\u00e4ndern eine Einigung \u00fcber einen Ausgleich f\u00fcr die<br \/>\nerwarteten Steuerausf\u00e4lle insbesondere bei den Kommunen gelungen sei.\n<\/p>\n<p>                        L\u00e4nder erhalten Ausgleich von acht Milliarden Euro        <\/p>\n<p class=\"paragraph article__item\">Am 11. Juli d\u00fcrfte auch der Bundesrat die Entlastungen beschlie\u00dfen. L\u00e4nder und Kommunen hatten das Paket lange<br \/>\nkritisiert, weil es zun\u00e4chst f\u00fcr hohe Steuerausf\u00e4lle auf allen<br \/>\nstaatlichen Ebenen sorgen wird. Der Bund sagte inzwischen aber zu,<br \/>\nden Kommunen die Ausf\u00e4lle vollst\u00e4ndig auszugleichen und bei den<br \/>\nL\u00e4ndern einen Gro\u00dfteil zu \u00fcbernehmen.\u00a0\n<\/p>\n<p class=\"paragraph article__item\">Bei den Gemeinden erfolgt<br \/>\ndie Kompensation \u00fcber einen erh\u00f6hten Anteil an der Umsatzsteuer.<br \/>\nDie L\u00e4nder erhalten einen Ausgleich in H\u00f6he von acht Milliarden<br \/>\nEuro f\u00fcr Investitionen in Bildung, Kitas und Wissenschaft sowie<br \/>\nzur Sanierung von Krankenh\u00e4usern.\n<\/p>\n<p>        Elektromobilit\u00e4t soll gef\u00f6rdert werden        <\/p>\n<p class=\"paragraph article__item\">In dem jetzt beschlossenen Steuerpaket sind vor allem<br \/>\nsogenannte Superabschreibungen von je 30 Prozent f\u00fcr drei Jahre<br \/>\nauf Investitionen enthalten. Damit muss ein Unternehmen<br \/>\nerheblich weniger Steuern zahlen, weil der steuerpflichtige<br \/>\nGewinn sinkt. Vorgesehen ist auch die ab 2028 beginnende<br \/>\n<a href=\"https:\/\/www.zeit.de\/politik\/deutschland\/2025-06\/klingbeil-plant-umfassende-steuererleichterungen-fuer-unternehmen\" class=\"\" target=\"_blank\" rel=\"noopener\">Absenkung der K\u00f6rperschaftsteuer um je einen Prozentpunkt f\u00fcr<br \/>\nf\u00fcnf Jahre<\/a>. Zudem gibt es einen &#8222;Investitionsbooster&#8220; f\u00fcr<br \/>\nElektromobilit\u00e4t, bei dem nicht nur die Preisobergrenze von<br \/>\n75.000 auf 100.000 Euro pro Wagen erh\u00f6ht wird, sondern auch eine<br \/>\n75-prozentige Abschreibem\u00f6glichkeit im ersten Jahr der<br \/>\nAnschaffung vorgesehen ist.\n<\/p>\n<p class=\"paragraph article__item\">Unternehmen werden mit dem Gesetz in den Jahren 2025 bis<br \/>\n2029 rechnerisch um fast 46 Milliarden Euro entlastet. Etwa in<br \/>\ndieser H\u00f6he m\u00fcssen Bund, L\u00e4nder und Kommunen geringere<br \/>\nSteuereinnahmen einkalkulieren.\n<\/p>\n<p>Thema<\/p>\n<p>                <a href=\"https:\/\/www.zeit.de\/2025\/23\/wirtschaftswachstum-bundesregierung-schwarz-rot-unternehmen-industrie\" data-ct-label=\"Wirtschaftswachstum: Wie kommen wir da wieder raus?\" target=\"_blank\" rel=\"noopener\"><\/p>\n<p>        Z+ (abopflichtiger Inhalt);<\/p>\n<p>    Wirtschaftswachstum:<br \/>\n                        Wie kommen wir da wieder raus?<\/p>\n<p>                <\/a><\/p>\n<p>                <a href=\"https:\/\/www.zeit.de\/wirtschaft\/2024-09\/investitionen-draghi-bdi-schuldenbremse-wirtschaftswachstum\" data-ct-label=\"Investitionen: Tut endlich was! \" target=\"_blank\" rel=\"noopener\"><\/p>\n<p>                        Investitionen:<br \/>\n                        Tut endlich was! <\/p>\n<p>                <\/a><\/p>\n<p>                <a href=\"https:\/\/www.zeit.de\/wirtschaft\/2025-04\/wirtschaftswachstum-deutschland-prognose-robert-habeck-konjunktur\" data-ct-label=\"Wirtschaftswachstum in Deutschland: Null Komma null, und trotzdem gut gelaunt\" target=\"_blank\" rel=\"noopener\"><\/p>\n<p>                        Wirtschaftswachstum in Deutschland:<br \/>\n                        Null Komma null, und trotzdem gut gelaunt<\/p>\n<p>                <\/a><\/p>\n","protected":false},"excerpt":{"rendered":"Der Bundestag hat ein\u00a0Ma\u00dfnahmenpaket zur Verbesserung der wirtschaftlichen Lage verabschiedet. Der Gesetzentwurf sieht eine deutliche steuerliche Entlastung von&hellip;\n","protected":false},"author":2,"featured_media":220522,"comment_status":"","ping_status":"","sticky":false,"template":"","format":"standard","meta":{"footnotes":""},"categories":[2],"tags":[1180,43,29,30,13,776,14,15,16,12,184,22637,16154,10,8,9,11,381],"class_list":{"0":"post-220521","1":"post","2":"type-post","3":"status-publish","4":"format-standard","5":"has-post-thumbnail","7":"category-deutschland","8":"tag-bundestag","9":"tag-deutscher-bundestag","10":"tag-deutschland","11":"tag-germany","12":"tag-headlines","13":"tag-lars-klingbeil","14":"tag-nachrichten","15":"tag-news","16":"tag-politik","17":"tag-schlagzeilen","18":"tag-spd","19":"tag-steuer","20":"tag-steuerpolitik","21":"tag-top-news","22":"tag-top-meldungen","23":"tag-topmeldungen","24":"tag-topnews","25":"tag-wirtschaftspolitik"},"share_on_mastodon":{"url":"https:\/\/pubeurope.com\/@de\/114749063984142384","error":""},"_links":{"self":[{"href":"https:\/\/www.europesays.com\/de\/wp-json\/wp\/v2\/posts\/220521","targetHints":{"allow":["GET"]}}],"collection":[{"href":"https:\/\/www.europesays.com\/de\/wp-json\/wp\/v2\/posts"}],"about":[{"href":"https:\/\/www.europesays.com\/de\/wp-json\/wp\/v2\/types\/post"}],"author":[{"embeddable":true,"href":"https:\/\/www.europesays.com\/de\/wp-json\/wp\/v2\/users\/2"}],"replies":[{"embeddable":true,"href":"https:\/\/www.europesays.com\/de\/wp-json\/wp\/v2\/comments?post=220521"}],"version-history":[{"count":0,"href":"https:\/\/www.europesays.com\/de\/wp-json\/wp\/v2\/posts\/220521\/revisions"}],"wp:featuredmedia":[{"embeddable":true,"href":"https:\/\/www.europesays.com\/de\/wp-json\/wp\/v2\/media\/220522"}],"wp:attachment":[{"href":"https:\/\/www.europesays.com\/de\/wp-json\/wp\/v2\/media?parent=220521"}],"wp:term":[{"taxonomy":"category","embeddable":true,"href":"https:\/\/www.europesays.com\/de\/wp-json\/wp\/v2\/categories?post=220521"},{"taxonomy":"post_tag","embeddable":true,"href":"https:\/\/www.europesays.com\/de\/wp-json\/wp\/v2\/tags?post=220521"}],"curies":[{"name":"wp","href":"https:\/\/api.w.org\/{rel}","templated":true}]}}