{"id":220525,"date":"2025-06-26T09:57:19","date_gmt":"2025-06-26T09:57:19","guid":{"rendered":"https:\/\/www.europesays.com\/de\/220525\/"},"modified":"2025-06-26T09:57:19","modified_gmt":"2025-06-26T09:57:19","slug":"pol-ac-einbruch-in-tankstelle-polizei-ermittelt-wegen-besonders-schweren-diebstahls","status":"publish","type":"post","link":"https:\/\/www.europesays.com\/de\/220525\/","title":{"rendered":"POL-AC: Einbruch in Tankstelle &#8211; Polizei ermittelt wegen besonders schweren Diebstahls"},"content":{"rendered":"<p class=\"date\">26.06.2025 \u2013 10:42<\/p>\n<p class=\"customer\">\n                        <a class=\"story-customer\" title=\"weiter zum newsroom von Polizei Aachen\" href=\"https:\/\/www.presseportal.de\/blaulicht\/nr\/11559\" rel=\"nofollow noopener\" target=\"_blank\">Polizei Aachen<\/a>\n                    <\/p>\n<p><a class=\"glightbox event-trigger\" href=\"https:\/\/cache.pressmailing.net\/thumbnail\/story_hires\/7df3d910-d7ca-4069-bded-7b987a496476\/Bild0011.jpg.jpg\" data-description=\"Quelle: Polizei Aachen\" data-category=\"medialightbox\" data-action=\"click\" data-label=\"single\" data-value=\"685d07f2270000fd2ccd5e24\" rel=\"nofollow noopener\" target=\"_blank\"><img decoding=\"async\" height=\"540\" with=\"720\" src=\"https:\/\/www.europesays.com\/de\/wp-content\/uploads\/2025\/06\/pol-ac-einbruch-in-tankstelle-polizei-ermittelt-wegen-besonders-schweren-diebstahls.jpeg\"   alt=\"POL-AC: Einbruch in Tankstelle - Polizei ermittelt wegen besonders schweren Diebstahls\" class=\"single\"\/><\/a><\/p>\n<p><a data-category=\"citylink-story-view\" data-action=\"click\" data-label=\"Citylink in Meldungsansicht\" class=\"story-city event-trigger\" href=\"https:\/\/www.presseportal.de\/regional\/Stolberg\" title=\"News aus Stolberg \" rel=\"nofollow noopener\" target=\"_blank\">Stolberg<\/a> (ots)<\/p>\n<p>In der vergangenen Nacht sind Unbekannte in die Tankstelle in der Stra\u00dfe &#8222;M\u00fcnsterau&#8220; im Stadtteil Vicht eingedrungen.<\/p>\n<p>Gegen 02:40 Uhr (26.06.25) hatten mehrere maskierte Personen die Glasschiebet\u00fcr der Tankstelle gewaltsam ge\u00f6ffnet. Anschlie\u00dfend stahlen sie Tabakwaren aus dem Verkaufsraum und fl\u00fcchteten in einem dunklen PKW. Eine Fahndung blieb ohne Erfolg.<\/p>\n<p>Die Kriminalwache der Polizei Aachen \u00fcbernahm vor Ort die Spurensicherung.<\/p>\n<p>Die zust\u00e4ndige Kriminalpolizei hat die Ermittlungen wegen besonders schweren Diebstahls aufgenommen. Wer Hinweise geben kann, die zur Ergreifung der T\u00e4ter f\u00fchren, soll sich bitte melden: unter 0241-9577 31401 oder au\u00dferhalb der B\u00fcrozeiten unter 0241-9577 34210.<\/p>\n<p>Das Foto kann im Rahmen der Berichterstattung rechtefrei verwendet werden. (sk)<\/p>\n<p class=\"contact-headline\">R\u00fcckfragen bitte an:<\/p>\n<p class=\"contact-text\">Polizei Aachen<br \/>Pressestelle<\/p>\n<p>Telefon: 0241 \/ 9577 &#8211; 21211<br \/>E-Mail: <a href=\"https:\/\/www.presseportal.de\/blaulicht\/pm\/11559\/mailto: Pressestelle.Aachen@polizei.nrw.de\" class=\"uri-mailto\" rel=\"nofollow noopener\" target=\"_blank\"> Pressestelle.Aachen@polizei.nrw.de<\/a><\/p>\n<p class=\"originator\">Original-Content von: Polizei Aachen, \u00fcbermittelt durch news aktuell<\/p>\n","protected":false},"excerpt":{"rendered":"26.06.2025 \u2013 10:42 Polizei Aachen Stolberg (ots) In der vergangenen Nacht sind Unbekannte in die Tankstelle in der&hellip;\n","protected":false},"author":2,"featured_media":220526,"comment_status":"","ping_status":"","sticky":false,"template":"","format":"standard","meta":{"footnotes":""},"categories":[1853],"tags":[1424,3364,29,548,663,3934,30,13,177,14,15,1209,176,121,178,180,179,181,12],"class_list":{"0":"post-220525","1":"post","2":"type-post","3":"status-publish","4":"format-standard","5":"has-post-thumbnail","7":"category-aachen","8":"tag-aachen","9":"tag-de","10":"tag-deutschland","11":"tag-eu","12":"tag-europa","13":"tag-europe","14":"tag-germany","15":"tag-headlines","16":"tag-kriminalitt","17":"tag-nachrichten","18":"tag-news","19":"tag-nordrhein-westfalen","20":"tag-nrw","21":"tag-polizei","22":"tag-presse","23":"tag-pressemeldung","24":"tag-pressemitteilung","25":"tag-pressemitteilungen","26":"tag-schlagzeilen"},"share_on_mastodon":{"url":"https:\/\/pubeurope.com\/@de\/114749075934312907","error":""},"_links":{"self":[{"href":"https:\/\/www.europesays.com\/de\/wp-json\/wp\/v2\/posts\/220525","targetHints":{"allow":["GET"]}}],"collection":[{"href":"https:\/\/www.europesays.com\/de\/wp-json\/wp\/v2\/posts"}],"about":[{"href":"https:\/\/www.europesays.com\/de\/wp-json\/wp\/v2\/types\/post"}],"author":[{"embeddable":true,"href":"https:\/\/www.europesays.com\/de\/wp-json\/wp\/v2\/users\/2"}],"replies":[{"embeddable":true,"href":"https:\/\/www.europesays.com\/de\/wp-json\/wp\/v2\/comments?post=220525"}],"version-history":[{"count":0,"href":"https:\/\/www.europesays.com\/de\/wp-json\/wp\/v2\/posts\/220525\/revisions"}],"wp:featuredmedia":[{"embeddable":true,"href":"https:\/\/www.europesays.com\/de\/wp-json\/wp\/v2\/media\/220526"}],"wp:attachment":[{"href":"https:\/\/www.europesays.com\/de\/wp-json\/wp\/v2\/media?parent=220525"}],"wp:term":[{"taxonomy":"category","embeddable":true,"href":"https:\/\/www.europesays.com\/de\/wp-json\/wp\/v2\/categories?post=220525"},{"taxonomy":"post_tag","embeddable":true,"href":"https:\/\/www.europesays.com\/de\/wp-json\/wp\/v2\/tags?post=220525"}],"curies":[{"name":"wp","href":"https:\/\/api.w.org\/{rel}","templated":true}]}}