{"id":220713,"date":"2025-06-26T11:36:12","date_gmt":"2025-06-26T11:36:12","guid":{"rendered":"https:\/\/www.europesays.com\/de\/220713\/"},"modified":"2025-06-26T11:36:12","modified_gmt":"2025-06-26T11:36:12","slug":"spd-parteitag-birgt-zuendstoff-wahldebakel-und-russland-manifest","status":"publish","type":"post","link":"https:\/\/www.europesays.com\/de\/220713\/","title":{"rendered":"SPD-Parteitag birgt Z\u00fcndstoff: Wahldebakel und Russland-Manifest"},"content":{"rendered":"<ol class=\"id-DonaldBreadcrumb lp_west_breadcrumb id-DonaldBreadcrumb--default\" data-k5a-pos=\"west_breadcrumb\">\n<li class=\"id-Breadcrumb-item\"><a href=\"https:\/\/www.hna.de\/\" class=\"id-Breadcrumb-link\" data-id-ec=\"{\" shn=\"\" textlink=\"\" data-k5a-pos=\"1_startseite\" rel=\"nofollow noopener\" target=\"_blank\">Startseite<\/a><\/li>\n<li class=\"id-Breadcrumb-item\"><a href=\"https:\/\/www.hna.de\/politik\/\" class=\"id-Breadcrumb-link\" data-id-ec=\"{\" shn=\"\" textlink=\"\" data-k5a-pos=\"2_politik\" rel=\"nofollow noopener\" target=\"_blank\">Politik<\/a><\/li>\n<\/ol>\n<p class=\"id-Story-timestamp id-Story-timestamp--default\">Stand: 26.06.2025, 13:07 Uhr<\/p>\n<p class=\"id-Story-authors id-Story-authors--default\">Von: <a class=\"id-Story-authors-link lp_west_author\" href=\"https:\/\/www.hna.de\/autor\/stephanie-munk-74r0ua478.html\" title=\"Zur Autorenseite von Stephanie Munk\" data-id-ec=\"{\" shn=\"\" author-link=\"\" munk=\"\" data-k5a-pos=\"west_author\" rel=\"nofollow noopener\" target=\"_blank\">Stephanie Munk<\/a><\/p>\n<p class=\"id-Story-interactionBar id-Story-interactionBar--default\">DruckenTeilen<\/p>\n<p class=\"id-StoryElement-leadText\">Die SPD will beim Parteitag ab Freitag ihr Wahldebakel aufarbeiten, Klingbeil plant einen Neustart. Erwartet werden hitzige Diskussionen um das Russland-Manifest. <\/p>\n<p class=\"id-StoryElement-paragraph\">Berlin \u2013 Die <a href=\"https:\/\/www.fr.de\/politik\/spd-org26325\/\" class=\"id-import-Link id-pageApi-Link--externalDomain\" title=\"SPD\" data-id-ec=\"{&quot;sht&quot;:&quot;Container&quot;,&quot;shn&quot;:&quot;Story&quot;,&quot;p&quot;:{&quot;containerType&quot;:&quot;Paragraph&quot;,&quot;displayType&quot;:&quot;Paragraph InlineLink&quot;,&quot;type&quot;:&quot;INLINE_LINK&quot;,&quot;value&quot;:&quot;SPD&quot;,&quot;variant&quot;:&quot;standardLink&quot;,&quot;sponsored&quot;:false,&quot;linkHref&quot;:&quot;https:\/\/www.fr.de\/politik\/spd-org26325\/&quot;,&quot;storyElementPosition&quot;:8,&quot;storyElementCount&quot;:36}}\" rel=\"nofollow noopener\" target=\"_blank\">SPD<\/a> startet <a href=\"https:\/\/www.fr.de\/politik\/bringen-die-neuerfindung-der-spd-parteitag-soll-wendepunkt-93800475.html\" class=\"id-import-Link id-pageApi-Link--externalDomain\" data-id-ec=\"{&quot;sht&quot;:&quot;Container&quot;,&quot;shn&quot;:&quot;Story&quot;,&quot;p&quot;:{&quot;containerType&quot;:&quot;Paragraph&quot;,&quot;displayType&quot;:&quot;Paragraph InlineLink&quot;,&quot;type&quot;:&quot;INLINE_LINK&quot;,&quot;value&quot;:&quot;ab Freitag mit ihrem Parteitag&quot;,&quot;variant&quot;:&quot;standardLink&quot;,&quot;sponsored&quot;:false,&quot;linkHref&quot;:&quot;https:\/\/www.fr.de\/politik\/bringen-die-neuerfindung-der-spd-parteitag-soll-wendepunkt-93800475.html&quot;,&quot;storyElementPosition&quot;:8,&quot;storyElementCount&quot;:36}}\" rel=\"nofollow noopener\" target=\"_blank\">ab Freitag mit ihrem Parteitag<\/a> die Aufarbeitung des historischen Wahldesasters bei der <a href=\"https:\/\/www.merkur.de\/politik\/bundestagswahl-ere754863\/\" class=\"id-import-Link id-pageApi-Link--externalDomain\" title=\"Bundestagswahl\" data-id-ec=\"{&quot;sht&quot;:&quot;Container&quot;,&quot;shn&quot;:&quot;Story&quot;,&quot;p&quot;:{&quot;containerType&quot;:&quot;Paragraph&quot;,&quot;displayType&quot;:&quot;Paragraph InlineLink&quot;,&quot;type&quot;:&quot;INLINE_LINK&quot;,&quot;value&quot;:&quot;Bundestagswahl&quot;,&quot;variant&quot;:&quot;standardLink&quot;,&quot;sponsored&quot;:false,&quot;linkHref&quot;:&quot;https:\/\/www.merkur.de\/politik\/bundestagswahl-ere754863\/&quot;,&quot;storyElementPosition&quot;:8,&quot;storyElementCount&quot;:36}}\" rel=\"nofollow noopener\" target=\"_blank\">Bundestagswahl<\/a>. Das Treffen in Berlin l\u00e4uft bis Sonntag und soll den Beginn der inhaltlichen Erneuerung der Sozialdemokratie markieren. Auch \u00c4nderungen im Parteivorstand stehen an: statt Saskia Esken soll B\u00e4rbel Bas die neue Co-Vorsitzende der SPD neben <a href=\"https:\/\/www.merkur.de\/politik\/so-tickt-lars-klingbeil-einer-der-beiden-bundesvorsitzenden-der-spd-92301466.html\" class=\"id-import-Link id-pageApi-Link--externalDomain\" data-id-ec=\"{&quot;sht&quot;:&quot;Container&quot;,&quot;shn&quot;:&quot;Story&quot;,&quot;p&quot;:{&quot;containerType&quot;:&quot;Paragraph&quot;,&quot;displayType&quot;:&quot;Paragraph InlineLink&quot;,&quot;type&quot;:&quot;INLINE_LINK&quot;,&quot;value&quot;:&quot;Lars Klingbeil&quot;,&quot;variant&quot;:&quot;standardLink&quot;,&quot;sponsored&quot;:false,&quot;linkHref&quot;:&quot;https:\/\/www.merkur.de\/politik\/so-tickt-lars-klingbeil-einer-der-beiden-bundesvorsitzenden-der-spd-92301466.html&quot;,&quot;storyElementPosition&quot;:8,&quot;storyElementCount&quot;:36}}\" rel=\"nofollow noopener\" target=\"_blank\">Lars Klingbeil<\/a> werden.<\/p>\n<tr class=\"id-StoryElement-table-row\">\n<td class=\"id-StoryElement-table-cell\">Termin<\/td>\n<td class=\"id-StoryElement-table-cell\">27. bis 29. Juni 2025<\/td>\n<\/tr>\n<tr class=\"id-StoryElement-table-row\">\n<td class=\"id-StoryElement-table-cell\">Ort<\/td>\n<td class=\"id-StoryElement-table-cell\">CityTube Berlin<\/td>\n<\/tr>\n<tr class=\"id-StoryElement-table-row\">\n<td class=\"id-StoryElement-table-cell\">Start<\/td>\n<td class=\"id-StoryElement-table-cell\">Freitag, 27. Juni, 14 Uhr<\/td>\n<\/tr>\n<tr class=\"id-StoryElement-table-row\">\n<td class=\"id-StoryElement-table-cell\">Ende<\/td>\n<td class=\"id-StoryElement-table-cell\">Sonntag, 29. Juni, ca. 15 Uhr<\/td>\n<\/tr>\n<tr class=\"id-StoryElement-table-row\">\n<td class=\"id-StoryElement-table-cell\">Themen<\/td>\n<td class=\"id-StoryElement-table-cell\">Neuwahl der Parteif\u00fchrung, Programmatische Weichenstellung f\u00fcr die n\u00e4chsten Jahre, Antragsberatung und Beschlussfassung<\/td>\n<\/tr>\n<p>SPD will auf Parteitag historisches Wahldebakel aufarbeiten<\/p>\n<p class=\"id-StoryElement-paragraph\">Mit lediglich 16,4 Prozent der Stimmen erzielte die SPD bei der Bundestagswahl im Februar 2025 ihr bisher schw\u00e4chstes Resultat. Nie zuvor seit Bestehen der Bundesrepublik schnitt die Partei so schlecht ab. Nach regionalen Parteitreffen und ersten Reformarbeiten in speziellen Arbeitskreisen soll beim SPD-Parteitag nun \u00fcber die Gr\u00fcnde der Niederlage diskutiert werden. <\/p>\n<p class=\"id-StoryElement-paragraph\">Hierf\u00fcr pr\u00e4sentiert die Parteif\u00fchrung um Klingbeil einen Leitantrag mit dem Titel \u201eVer\u00e4nderung beginnt mit uns\u201c \u2013 gleichzeitig das Motto des Parteitags. Die Beratung dieses Antrags ist f\u00fcr Freitagnachmittag geplant. \u00dcberhaupt werden wichtigsten Themen des SPD-Parteitags bereits am Freitagnachmittag und -abend behandelt. Diese sind: <\/p>\n<ul class=\"id-StoryElement-list id-StoryElement-list--unordered\">\n<li class=\"id-StoryElement-list-item\">Abstimmung \u00fcber Leitantrag des SPD-Parteivorstands \u201eVer\u00e4nderung beginnt mit uns\u201c<\/li>\n<li class=\"id-StoryElement-list-item\">Wahl der Parteivorsitzenden und ihrer Stellvertreter<\/li>\n<\/ul>\n<p>SPD-Parteitag: Vorstand um Klingbeil mit Leitantrag zur Neuaufstellung der Partei<\/p>\n<p class=\"id-StoryElement-paragraph\">\u201eDie SPD hat substanziell Vertrauen verloren \u2013 inhaltlich, organisatorisch und kommunikativ\u201c, steht in dem Leitantrag. \u201eDie Sozialdemokratie wird von zu wenigen Menschen in unserem Land als politische Kraft mit Zukunftsversprechen wahrgenommen, die Sicherheit im Wandel bietet.\u201c Die Gr\u00fcnde erstreckten sich \u201evon fehlender strategischer Klarheit bis hin zu mangelnder Pr\u00e4senz in den Lebenswelten vieler Menschen.\u201c Die aus dem Amt geschiedene Regierung unter Sozialdemokrat <a href=\"https:\/\/www.merkur.de\/politik\/olaf-scholz-per39543\/\" class=\"id-import-Link id-pageApi-Link--externalDomain\" title=\"Olaf Scholz\" data-id-ec=\"{&quot;sht&quot;:&quot;Container&quot;,&quot;shn&quot;:&quot;Story&quot;,&quot;p&quot;:{&quot;containerType&quot;:&quot;Paragraph&quot;,&quot;displayType&quot;:&quot;Paragraph InlineLink&quot;,&quot;type&quot;:&quot;INLINE_LINK&quot;,&quot;value&quot;:&quot;Olaf Scholz&quot;,&quot;variant&quot;:&quot;standardLink&quot;,&quot;sponsored&quot;:false,&quot;linkHref&quot;:&quot;https:\/\/www.merkur.de\/politik\/olaf-scholz-per39543\/&quot;,&quot;storyElementPosition&quot;:17,&quot;storyElementCount&quot;:36}}\" rel=\"nofollow noopener\" target=\"_blank\">Olaf Scholz<\/a> habe \u201eweder kommunikativ noch politisch den Puls der Zeit getroffen\u201c.<\/p>\n<p>Minister unter Merz: Komplette Liste des Kabinetts \u2013 von Klingbeil bis zu \u201eneuen Gesichtern\u201c<img decoding=\"async\" class=\"id-RatioPlaceholder-element wv_story_el_interstitialImage\" src=\"https:\/\/www.europesays.com\/de\/wp-content\/uploads\/2025\/06\/38234106-17-ministerinnen-und-minister-dazu-ein-bundeskanzler-namens-friedrich-merz-sie-bilden-das-k.jpeg\" loading=\"lazy\"   height=\"3216\" width=\"4000\" alt=\"17 Ministerinnen und Minister, dazu ein Bundeskanzler namens Friedrich Merz: Sie bilden das Kabinett der Koalition aus CDU, CSU und SPD und damit die 25. Bundesregierung Deutschlands.\"\/><a href=\"https:\/\/www.hna.de\/politik\/cdu-minister-unter-kanzler-merz-neue-liste-durchgesickert-das-kabinett-in-bildern-zr-93703547.html\" class=\"id-StoryElement-intestitialLink-link\" data-id-ec=\"{\" shn=\"\" ansehen=\"\" data-k5a-pos=\"west_story_18_photoGalleryLink\" title=\"Zur Fotostrecke: Minister unter Merz: Komplette Liste des Kabinetts &#x2013; von Klingbeil bis zu &#x201E;neuen Gesichtern&#x201C;\" rel=\"nofollow noopener\" target=\"_blank\">Fotostrecke ansehen<\/a>SPD-Parteitag: Klingbeils Partei will bis 2027 neues Grundsatzprogramm erarbeiten<\/p>\n<p class=\"id-StoryElement-paragraph\">\u201eEin \u201aWeiter so\u2018 kann und darf es nicht geben\u201c, die Parteikrise m\u00fcsse zu einem \u201eWendepunkt\u201c werden, formuliert der Antrag, \u00fcber den beim SPD-Parteitag am Freitag abgestimmt wird. Vor m\u00f6glichen Konsequenzen m\u00fcssten jedoch zun\u00e4chst die Gr\u00fcnde f\u00fcr die Wahldebakel analysiert werden. Damit startete bereits eine Kommission mit externen Fachleuten. Ziel ist ein neues Grundsatzprogramm, \u00fcber das 2027 &#8211; zwei Jahre vor der kommenden Bundestagswahl \u2013 ein Parteitag entscheiden soll.<\/p>\n<p>SPD will sich auf Parteitag teilweise personal erneuern \u2013 Klingbeil bleibt, Esken geht, Bas kommt<\/p>\n<p class=\"id-StoryElement-paragraph\">An der Parteispitze verl\u00e4sst die nach dem Wahlergebnis kritisierte Linke Saskia Esken ihren Vorsitzposten. Als Nachfolgerin ist Arbeitsministerin B\u00e4rbel Bas vorgesehen. Auf dem SPD-Parteitag soll sie am Freitag in Berlin zur neuen Co-Chefin gew\u00e4hlt werden.<\/p>\n<p class=\"id-StoryElement-paragraph\">Weiterhin im Amt verbleibt jedoch Lars Klingbeil, der gemeinsam mit Esken seit Ende 2021 die Parteif\u00fchrung innehatte und somit gleicherma\u00dfen Verantwortung trug. Gerechnet wird mit einem schlechten Ergebnis der Delegierten f\u00fcr ihn als Parteichef. Ebenfalls offiziell best\u00e4tigt werden soll der designierte Generalsekret\u00e4r Tim Kl\u00fcssendorf.<\/p>\n<p>SPD-Parteitag verabschiedet Ex-Kanzler Olaf Scholz \u2013 Rede geplant<\/p>\n<p class=\"id-StoryElement-paragraph\">F\u00fcr Samstag plant die SPD auf ihrem Parteitag die Verabschiedung ihres ehemaligen Kanzlers Olaf Scholz. Nach Kl\u00fcssendorfs Angaben soll er einen \u201ew\u00fcrdigen Abschied\u201c bekommen, wobei ein Video seine Parteiarbeit w\u00fcrdigen wird. Zudem ist eine Ansprache von Scholz geplant. Als Abschiedspr\u00e4sent erh\u00e4lt Scholz ein selbst gew\u00e4hltes Bild aus dem Willy-Brandt-Haus. Das Motiv bleibt vorerst unbekannt.<\/p>\n<p><img decoding=\"async\" class=\"id-RatioPlaceholder-element wv_story_el_image\" src=\"https:\/\/www.europesays.com\/de\/wp-content\/uploads\/2025\/06\/38735658-spd-parteitag-am-wochenende-lars-klingbeil-will-parteichef-bleiben-olaf-scholz-wird-verabsc.jpeg\" loading=\"lazy\"   height=\"619\" width=\"1100\" alt=\"SPD-Parteitag am Wochenende: Lars Klingbeil (l.) will Parteichef bleiben, Olaf Scholz (M.) wird verabschiedet, Saskia Esken ebenfalls. (Archivbild)\"\/>SPD-Parteitag am Wochenende: Lars Klingbeil (l.) will Parteichef bleiben, Olaf Scholz (M.) wird verabschiedet, Saskia Esken ebenfalls. (Archivbild) \u00a9\u00a0Kay Nietfeld\/dpaHitzige Debatte um Manifest von Stegner auf SPD-Parteitag erwartet \u2013 Etliche Antr\u00e4ge zu Russland <\/p>\n<p class=\"id-StoryElement-paragraph\">Bereits seit rund zwei Wochen erhitzt <a href=\"https:\/\/www.fr.de\/meinung\/kommentare\/schaden-manifest-fuer-andere-russland-politik-doppelter-93780209.html\" class=\"id-import-Link id-pageApi-Link--externalDomain\" data-id-ec=\"{&quot;sht&quot;:&quot;Container&quot;,&quot;shn&quot;:&quot;Story&quot;,&quot;p&quot;:{&quot;containerType&quot;:&quot;Paragraph&quot;,&quot;displayType&quot;:&quot;Paragraph InlineLink&quot;,&quot;type&quot;:&quot;INLINE_LINK&quot;,&quot;value&quot;:&quot;ein au&#xDF;enpolitisches &#x201E;Manifest&#x201C; die Gem&#xFC;ter in der SPD&quot;,&quot;variant&quot;:&quot;standardLink&quot;,&quot;sponsored&quot;:false,&quot;linkHref&quot;:&quot;https:\/\/www.fr.de\/meinung\/kommentare\/schaden-manifest-fuer-andere-russland-politik-doppelter-93780209.html&quot;,&quot;storyElementPosition&quot;:32,&quot;storyElementCount&quot;:36}}\" rel=\"nofollow noopener\" target=\"_blank\">ein au\u00dfenpolitisches \u201eManifest\u201c die Gem\u00fcter in der SPD<\/a>, das ma\u00dfgeblich von den Parteilinken Ralf Stegner und Rolf M\u00fctzenich angesto\u00dfen wurde. Etwa hundert Unterzeichner verlangen eine fundamentale Kehrtwende in der Au\u00dfen- und Sicherheitspolitik der Regierung und bem\u00e4ngeln eine \u201emilit\u00e4rische Alarmrhetorik\u201c sowie schlagen Verhandlungen mit Russland f\u00fcr ein Ende des Ukraine-Kriegs vor.<\/p>\n<p class=\"id-StoryElement-paragraph\">Die Diskussion hier\u00fcber d\u00fcrfte intensiv verlaufen. Verteidigungsminister <a href=\"https:\/\/www.merkur.de\/politik\/boris-pistorius-deutschland-bundesverteidigungsminister-92039104.html\" class=\"id-import-Link id-pageApi-Link--externalDomain\" data-id-ec=\"{&quot;sht&quot;:&quot;Container&quot;,&quot;shn&quot;:&quot;Story&quot;,&quot;p&quot;:{&quot;containerType&quot;:&quot;Paragraph&quot;,&quot;displayType&quot;:&quot;Paragraph InlineLink&quot;,&quot;type&quot;:&quot;INLINE_LINK&quot;,&quot;value&quot;:&quot;Boris Pistorius&quot;,&quot;variant&quot;:&quot;standardLink&quot;,&quot;sponsored&quot;:false,&quot;linkHref&quot;:&quot;https:\/\/www.merkur.de\/politik\/boris-pistorius-deutschland-bundesverteidigungsminister-92039104.html&quot;,&quot;storyElementPosition&quot;:34,&quot;storyElementCount&quot;:36}}\" rel=\"nofollow noopener\" target=\"_blank\">Boris Pistorius<\/a> k\u00fcndigte an, beim Parteitag die direkte <a href=\"https:\/\/www.hna.de\/politik\/schweigt-kiew-besuch-im-spd-chaos-pistorius-poltert-gegen-manifest-rebellen-klingbeil-zr-93781114.html\" class=\"id-import-Link\" data-id-ec=\"{&quot;sht&quot;:&quot;Container&quot;,&quot;shn&quot;:&quot;Story&quot;,&quot;p&quot;:{&quot;containerType&quot;:&quot;Paragraph&quot;,&quot;displayType&quot;:&quot;Paragraph InlineLink&quot;,&quot;type&quot;:&quot;INLINE_LINK&quot;,&quot;value&quot;:&quot;Konfrontation mit den Manifest-Initiatoren&quot;,&quot;variant&quot;:&quot;standardLink&quot;,&quot;sponsored&quot;:false,&quot;linkHref&quot;:&quot;https:\/\/www.hna.de\/politik\/schweigt-kiew-besuch-im-spd-chaos-pistorius-poltert-gegen-manifest-rebellen-klingbeil-zr-93781114.html&quot;,&quot;storyElementPosition&quot;:34,&quot;storyElementCount&quot;:36}}\" rel=\"nofollow noopener\" target=\"_blank\">Konfrontation mit den Manifest-Initiatoren<\/a> zu suchen. Diese haben jedoch darauf verzichtet, einen separaten Antrag f\u00fcr das Treffen einzubringen. Jedoch gibt es zahlreiche Antr\u00e4ge aus der Basis mit \u00e4hnlicher Sto\u00dfrichtung wie das \u201eFriedensmanifest\u201c.<\/p>\n<p>SPD-Parteitag: Antrag zu Parteiverbotsverfahren gegen AfD wird am Sonntag behandelt<\/p>\n<p class=\"id-StoryElement-paragraph\">Nach dem Willen der SPD-Spitze soll das Treffen am Sonntag einen Antrag verabschieden, der die Vorbereitung eines Verbotsverfahrens gegen die <a href=\"https:\/\/www.fr.de\/politik\/afd-org26155\/\" class=\"id-import-Link id-pageApi-Link--externalDomain\" title=\"AfD\" data-id-ec=\"{&quot;sht&quot;:&quot;Container&quot;,&quot;shn&quot;:&quot;Story&quot;,&quot;p&quot;:{&quot;containerType&quot;:&quot;Paragraph&quot;,&quot;displayType&quot;:&quot;Paragraph InlineLink&quot;,&quot;type&quot;:&quot;INLINE_LINK&quot;,&quot;value&quot;:&quot;AfD&quot;,&quot;variant&quot;:&quot;standardLink&quot;,&quot;sponsored&quot;:false,&quot;linkHref&quot;:&quot;https:\/\/www.fr.de\/politik\/afd-org26155\/&quot;,&quot;storyElementPosition&quot;:36,&quot;storyElementCount&quot;:36}}\" rel=\"nofollow noopener\" target=\"_blank\">AfD<\/a> verlangt. Die Sozialdemokratie schl\u00e4gt hierf\u00fcr eine gemeinsame Arbeitsgruppe von Bund und L\u00e4ndern vor, die zun\u00e4chst Belege zusammentragen soll. Sollten gen\u00fcgend Nachweise f\u00fcr Verfassungsfeindlichkeit der AfD vorliegen, m\u00fcsse anschlie\u00dfend das Verbotsverfahren eingeleitet werden. (smu\/AFP)<\/p>\n","protected":false},"excerpt":{"rendered":"Startseite Politik Stand: 26.06.2025, 13:07 Uhr Von: Stephanie Munk DruckenTeilen Die SPD will beim Parteitag ab Freitag ihr&hellip;\n","protected":false},"author":2,"featured_media":220714,"comment_status":"","ping_status":"","sticky":false,"template":"","format":"standard","meta":{"footnotes":""},"categories":[4013],"tags":[331,332,13,14,15,4043,4044,850,307,12],"class_list":{"0":"post-220713","1":"post","2":"type-post","3":"status-publish","4":"format-standard","5":"has-post-thumbnail","7":"category-russland","8":"tag-aktuelle-nachrichten","9":"tag-aktuelle-news","10":"tag-headlines","11":"tag-nachrichten","12":"tag-news","13":"tag-russia","14":"tag-russian-federation","15":"tag-russische-foederation","16":"tag-russland","17":"tag-schlagzeilen"},"share_on_mastodon":{"url":"https:\/\/pubeurope.com\/@de\/114749465586656969","error":""},"_links":{"self":[{"href":"https:\/\/www.europesays.com\/de\/wp-json\/wp\/v2\/posts\/220713","targetHints":{"allow":["GET"]}}],"collection":[{"href":"https:\/\/www.europesays.com\/de\/wp-json\/wp\/v2\/posts"}],"about":[{"href":"https:\/\/www.europesays.com\/de\/wp-json\/wp\/v2\/types\/post"}],"author":[{"embeddable":true,"href":"https:\/\/www.europesays.com\/de\/wp-json\/wp\/v2\/users\/2"}],"replies":[{"embeddable":true,"href":"https:\/\/www.europesays.com\/de\/wp-json\/wp\/v2\/comments?post=220713"}],"version-history":[{"count":0,"href":"https:\/\/www.europesays.com\/de\/wp-json\/wp\/v2\/posts\/220713\/revisions"}],"wp:featuredmedia":[{"embeddable":true,"href":"https:\/\/www.europesays.com\/de\/wp-json\/wp\/v2\/media\/220714"}],"wp:attachment":[{"href":"https:\/\/www.europesays.com\/de\/wp-json\/wp\/v2\/media?parent=220713"}],"wp:term":[{"taxonomy":"category","embeddable":true,"href":"https:\/\/www.europesays.com\/de\/wp-json\/wp\/v2\/categories?post=220713"},{"taxonomy":"post_tag","embeddable":true,"href":"https:\/\/www.europesays.com\/de\/wp-json\/wp\/v2\/tags?post=220713"}],"curies":[{"name":"wp","href":"https:\/\/api.w.org\/{rel}","templated":true}]}}