{"id":220921,"date":"2025-06-26T13:26:10","date_gmt":"2025-06-26T13:26:10","guid":{"rendered":"https:\/\/www.europesays.com\/de\/220921\/"},"modified":"2025-06-26T13:26:10","modified_gmt":"2025-06-26T13:26:10","slug":"ausgecheckt-litte-istanbul-feuerbachs-safe-space-fuer-tuerkinnen","status":"publish","type":"post","link":"https:\/\/www.europesays.com\/de\/220921\/","title":{"rendered":"Ausgecheckt Litte Istanbul: Feuerbachs Safe-Space f\u00fcr T\u00fcrk:innen"},"content":{"rendered":"<p>Wer in Stuttgarts Little Istanbul nicht verloren gehen will, der braucht vor allem eines: Grundlagen in der Muttersprache. Angesprochen wird man in den zahlreichen Gesch\u00e4ften und Foodspots oft auf T\u00fcrkisch. Auch als Mitarbeiter:in braucht man nur wenige Deutschkenntnisse \u2013 wieso auch? Das Viertel in der Siemens- und Mauserstra\u00dfe in Feuerbach ist zu einem Ort f\u00fcr t\u00fcrkischst\u00e4mmige Menschen geworden, in der sie ihre Kultur ausleben k\u00f6nnen, ohne sich erkl\u00e4ren zu m\u00fcssen. Darum erlebt man die t\u00fcrkische Ess- und Lebenskultur hier ungefiltert. Wir haben uns mal f\u00fcr euch umgesehen.<\/p>\n","protected":false},"excerpt":{"rendered":"Wer in Stuttgarts Little Istanbul nicht verloren gehen will, der braucht vor allem eines: Grundlagen in der Muttersprache.&hellip;\n","protected":false},"author":2,"featured_media":220922,"comment_status":"","ping_status":"","sticky":false,"template":"","format":"standard","meta":{"footnotes":""},"categories":[1830],"tags":[1634,3364,29,70673,30,70672,70674,3652,26099,1441,143],"class_list":{"0":"post-220921","1":"post","2":"type-post","3":"status-publish","4":"format-standard","5":"has-post-thumbnail","7":"category-stuttgart","8":"tag-baden-wuerttemberg","9":"tag-de","10":"tag-deutschland","11":"tag-feuerb","12":"tag-germany","13":"tag-little-istanbul","14":"tag-mosche","15":"tag-stadtkind","16":"tag-streetfood","17":"tag-stuttgart","18":"tag-tuerkei"},"share_on_mastodon":{"url":"https:\/\/pubeurope.com\/@de\/114749897662337622","error":""},"_links":{"self":[{"href":"https:\/\/www.europesays.com\/de\/wp-json\/wp\/v2\/posts\/220921","targetHints":{"allow":["GET"]}}],"collection":[{"href":"https:\/\/www.europesays.com\/de\/wp-json\/wp\/v2\/posts"}],"about":[{"href":"https:\/\/www.europesays.com\/de\/wp-json\/wp\/v2\/types\/post"}],"author":[{"embeddable":true,"href":"https:\/\/www.europesays.com\/de\/wp-json\/wp\/v2\/users\/2"}],"replies":[{"embeddable":true,"href":"https:\/\/www.europesays.com\/de\/wp-json\/wp\/v2\/comments?post=220921"}],"version-history":[{"count":0,"href":"https:\/\/www.europesays.com\/de\/wp-json\/wp\/v2\/posts\/220921\/revisions"}],"wp:featuredmedia":[{"embeddable":true,"href":"https:\/\/www.europesays.com\/de\/wp-json\/wp\/v2\/media\/220922"}],"wp:attachment":[{"href":"https:\/\/www.europesays.com\/de\/wp-json\/wp\/v2\/media?parent=220921"}],"wp:term":[{"taxonomy":"category","embeddable":true,"href":"https:\/\/www.europesays.com\/de\/wp-json\/wp\/v2\/categories?post=220921"},{"taxonomy":"post_tag","embeddable":true,"href":"https:\/\/www.europesays.com\/de\/wp-json\/wp\/v2\/tags?post=220921"}],"curies":[{"name":"wp","href":"https:\/\/api.w.org\/{rel}","templated":true}]}}