{"id":220999,"date":"2025-06-26T14:08:09","date_gmt":"2025-06-26T14:08:09","guid":{"rendered":"https:\/\/www.europesays.com\/de\/220999\/"},"modified":"2025-06-26T14:08:09","modified_gmt":"2025-06-26T14:08:09","slug":"urteil-fuer-vergleichstest-mit-ebersperma-fehlte-gesetz-nrw","status":"publish","type":"post","link":"https:\/\/www.europesays.com\/de\/220999\/","title":{"rendered":"Urteil: F\u00fcr Vergleichstest mit Ebersperma fehlte Gesetz | NRW"},"content":{"rendered":"<p>Die Landwirtschaftskammer NRW ver\u00f6ffentlicht 2016 einen vergleichenden Ferkeltest. Ein Unternehmen bekommt die schlechtesten Noten und zieht vor Gericht. Jetzt gibt es ein Urteil.<\/p>\n<p id=\"absatz1\" class=\"em_text\">Die Landwirtschaftskammer Nordrhein-Westfalen war im Jahr 2016 nicht berechtigt, einen Test zur Qualit\u00e4t von Ebersperma zu ver\u00f6ffentlichen. Das hat das nordrhein-westf\u00e4lische Oberverwaltungsgericht in M\u00fcnster entschieden. Begr\u00fcndung: F\u00fcr die Ver\u00f6ffentlichung der Benotung von vier staatlich anerkannten Tierzuchtorganisationen f\u00fcr Schweine fehlte schlicht die gesetzliche Grundlage. Das OVG hat keine Revision zugelassen. Dagegen ist Beschwerde am Bundesverwaltungsgericht in Leipzig m\u00f6glich.<\/p>\n<p id=\"absatz2\" class=\"em_text\">Durch die Ver\u00f6ffentlichung des Tests in einem landwirtschaftlichen Fachblatt habe die Landwirtschaftskammer die Marktbedingungen des Kl\u00e4gers negativ beeinflusst, urteilte das Gericht. F\u00fcr diese staatliche Beeintr\u00e4chtigung sei aber eine Erm\u00e4chtigungsgrundlage n\u00f6tig gewesen. Die aber habe gefehlt.<\/p>\n<p>Nur mit befriedigend+ bewertet<\/p>\n<p id=\"absatz4\" class=\"em_text\">Die Landwirtschaftskammer hatte Ebersperma von vier Zuchtorganisationen untersucht beziehungsweise die gez\u00fcchteten Ferkel verglichen. Der Kl\u00e4ger bekam die Note befriedigend+, die anderen drei Firmen gut+ und gut.<\/p>\n<p id=\"absatz5\" class=\"em_text\">Gegen die Ver\u00f6ffentlichung war das am schlechtesten bewerte Unternehmen gerichtlich vorgegangen. Das Verwaltungsgericht M\u00fcnster und das OVG hatten die Klage zuvor abgewiesen. Das Bundesverwaltungsgericht hatte den Streit im Jahr 2022 in der Kernfrage zur\u00fcck an das OVG verwiesen. Hier musste nun ein anderer Senat entscheiden.<\/p>\n<p id=\"absatz6\" class=\"em_text\">Das Land Nordrhein-Westfalen hat in der Zwischenzeit die n\u00f6tige Grundlage f\u00fcr Vergleichstest geschaffen und das Gesetz f\u00fcr die Landwirtschaftskammer entsprechend angepasst. <\/p>\n","protected":false},"excerpt":{"rendered":"Die Landwirtschaftskammer NRW ver\u00f6ffentlicht 2016 einen vergleichenden Ferkeltest. Ein Unternehmen bekommt die schlechtesten Noten und zieht vor Gericht.&hellip;\n","protected":false},"author":2,"featured_media":221000,"comment_status":"","ping_status":"","sticky":false,"template":"","format":"standard","meta":{"footnotes":"","_share_on_mastodon":"0"},"categories":[1843],"tags":[15299,3364,29,70691,30,70689,70692,71,8405,8970,1209,176,31298,70688,70690],"class_list":["post-220999","post","type-post","status-publish","format-standard","has-post-thumbnail","category-muenster","tag-bverwg","tag-de","tag-deutschland","tag-ebersperma","tag-germany","tag-landwirtschaftskammer","tag-landwirtschaftskammer-nordrhein-westfalen","tag-leipzig","tag-mnster","tag-muenster","tag-nordrhein-westfalen","tag-nrw","tag-ovg","tag-tierzucht","tag-vergleichstest"],"share_on_mastodon":{"url":"https:\/\/pubeurope.com\/@de\/114750062862844319","error":""},"_links":{"self":[{"href":"https:\/\/www.europesays.com\/de\/wp-json\/wp\/v2\/posts\/220999","targetHints":{"allow":["GET"]}}],"collection":[{"href":"https:\/\/www.europesays.com\/de\/wp-json\/wp\/v2\/posts"}],"about":[{"href":"https:\/\/www.europesays.com\/de\/wp-json\/wp\/v2\/types\/post"}],"author":[{"embeddable":true,"href":"https:\/\/www.europesays.com\/de\/wp-json\/wp\/v2\/users\/2"}],"replies":[{"embeddable":true,"href":"https:\/\/www.europesays.com\/de\/wp-json\/wp\/v2\/comments?post=220999"}],"version-history":[{"count":0,"href":"https:\/\/www.europesays.com\/de\/wp-json\/wp\/v2\/posts\/220999\/revisions"}],"wp:featuredmedia":[{"embeddable":true,"href":"https:\/\/www.europesays.com\/de\/wp-json\/wp\/v2\/media\/221000"}],"wp:attachment":[{"href":"https:\/\/www.europesays.com\/de\/wp-json\/wp\/v2\/media?parent=220999"}],"wp:term":[{"taxonomy":"category","embeddable":true,"href":"https:\/\/www.europesays.com\/de\/wp-json\/wp\/v2\/categories?post=220999"},{"taxonomy":"post_tag","embeddable":true,"href":"https:\/\/www.europesays.com\/de\/wp-json\/wp\/v2\/tags?post=220999"}],"curies":[{"name":"wp","href":"https:\/\/api.w.org\/{rel}","templated":true}]}}