{"id":221123,"date":"2025-06-26T15:16:10","date_gmt":"2025-06-26T15:16:10","guid":{"rendered":"https:\/\/www.europesays.com\/de\/221123\/"},"modified":"2025-06-26T15:16:10","modified_gmt":"2025-06-26T15:16:10","slug":"seit-36-jahren-an-der-macht-wie-irans-oberster-fuehrer-im-bunker-seine-nachfolge-plant","status":"publish","type":"post","link":"https:\/\/www.europesays.com\/de\/221123\/","title":{"rendered":"Seit 36 Jahren an der Macht: Wie Irans oberster F\u00fchrer im Bunker seine Nachfolge plant"},"content":{"rendered":"<p>                    Seit 36 Jahren an der Macht<br \/>\n                Wie Irans oberster F\u00fchrer im Bunker seine Nachfolge plant<\/p>\n<p>\t\t\t\t\t              \tVon Kevin Schulte<br \/>\n\t\t\t\t              26.06.2025, 16:13 Uhr<\/p>\n<p>\t\t\t\t\t       Artikel anh\u00f6ren<\/p>\n<p>\t\t\t\t\t\t\tDiese Audioversion wurde k\u00fcnstlich generiert. <a href=\"https:\/\/www.n-tv.de\/23249898\" target=\"_blank\" rel=\"noopener\">Mehr Infos<\/a><\/p>\n<p><strong>Erstmals seit Tagen meldet sich Irans oberster F\u00fchrer Ajatollah Ali Chamenei aus seinem Versteck, verk\u00fcndet den Sieg \u00fcber Israel und die USA. Hinter den Kulissen plant der 86-J\u00e4hrige aber l\u00e4ngst seine Nachfolge. <\/strong><\/p>\n<p>Seit 36 Jahren ist Ajatollah Ali Chamenei der m\u00e4chtigste Mann im Iran. Der 86-J\u00e4hrige ist das geistliche Oberhaupt und zugleich der politische F\u00fchrer der Islamischen Republik. Ohne ihn geht nichts in dem schiitischen Staat. Chamenei hat offiziell immer das letzte Wort.<\/p>\n<p>In den Jahren der Schah-Regentschaft sa\u00df er insgesamt sechsmal im Gef\u00e4ngnis. Nach der islamischen Revolution 1979 stieg Chamenei innerhalb der Mullahs schnell auf. 1981 wurde er iranischer Pr\u00e4sident. 1989 nach dem Tod von Ajatollah Ruhollah Chomeini dessen Nachfolger als oberster religi\u00f6ser und politischer F\u00fchrer.<\/p>\n<p>F\u00fcr Israels Verteidigungsminister Israel Katz ist Chamenei der <a href=\"https:\/\/www.n-tv.de\/mediathek\/videos\/politik\/Minister-Israel-Katz-Chamenei-ist-der-moderne-Hitler-article25845603.html\" rel=\"Follow noopener\" target=\"_blank\">&#8222;moderne Hitler&#8220;<\/a>. Die israelischen Streitkr\u00e4fte w\u00fcssten, &#8222;dass dieser Mann definitiv nicht weiter existieren darf, damit wir alle unsere Ziele erreichen&#8220;, sagte Katz vorige Woche. Dazu d\u00fcrfte es zumindest kurzfristig nicht kommen, nachdem US-Pr\u00e4sident Donald Trump einen Waffenstillstand zwischen Israel und dem Iran vermittelt hat.<\/p>\n<p>Klar ist aber, dass der israelische Geheimdienst Mossad das Mullah-Regime tief infiltriert hat und damit weiterhin ein Auge auf den m\u00e4chtigsten Mann Irans haben d\u00fcrfte. In den vergangenen Wochen hat der Mossad f\u00fchrende K\u00f6pfe der iranischen Armee und des iranischen Geheimdienstes ausgeschaltet. Wenn er will, kommt der Geheimdienst vermutlich auch an Chamenei heran. <\/p>\n<p>Deshalb hat der Diktator seine eigenen Sicherheitsma\u00dfnahmen deutlich erh\u00f6ht. Er lebt Berichten zufolge inzwischen verschanzt in einem Bunker an einem unbekannten Ort. Das Spezialkommando der Revolutionsgarde bewacht ihn und seine Familie rund um die Uhr. Nur noch wenige Vertraute haben Zugang zu ihm. Sie \u00fcberbringen ihm Nachrichten und \u00fcbermitteln seine Befehle an die Revolutionsgarde und die anderen m\u00e4chtigen M\u00e4nner im Iran. Chamenei kommuniziere nur noch analog &#8211; zu gro\u00df ist die Angst, dass der Mossad mith\u00f6rt und ihn aufsp\u00fcrt, <a href=\"https:\/\/www.nytimes.com\/2025\/06\/21\/world\/middleeast\/iran-ayatollah-israel-war.html\" rel=\"Follow noopener\" target=\"_blank\">berichtet<\/a> die &#8222;New York Times&#8220;.<\/p>\n<p>Trump: Chamenei ist &#8222;einfaches Ziel&#8220;<\/p>\n<p>Laut Donald Trump wissen die Amerikaner bereits, wo sich Chamenei aufh\u00e4lt. Irans Diktator sei ein &#8222;einfaches Ziel&#8220;, <a href=\"https:\/\/truthsocial.com\/@realDonaldTrump\" rel=\"Follow noopener\" target=\"_blank\">schrieb<\/a> der US-Pr\u00e4sident vergangene Woche in seinem Online-Netzwerk Truth Social. &#8222;Wir werden ihn aber nicht t\u00f6ten, wenigstens jetzt noch nicht.&#8220;<\/p>\n<p>Trotz dieser Ansage von Trump und dem Milit\u00e4rschlag am vergangenen Wochenende, bei dem die iranischen Atomanlagen getroffen wurden, funktioniere die Befehlskette innerhalb der iranischen F\u00fchrung noch, schreibt die &#8222;New York Times&#8220;. Es gebe laut hochrangigen Beamten und Topdiplomaten derzeit &#8222;keine offensichtlichen Anzeichen von Uneinigkeit&#8220; in der F\u00fchrungsriege. &#8222;Die oberste Priorit\u00e4t ist der Erhalt des Staates&#8220;, wird Vali Nasr, Iran-Experte und Professor f\u00fcr internationale Angelegenheiten an der Johns-Hopkins-Universit\u00e4t, zitiert.<\/p>\n<p>Kr\u00e4fte aus dem Innern der Revolutionsgarde k\u00f6nnten Chamenei auch &#8222;beiseiteschieben&#8220;, <a href=\"https:\/\/www.youtube.com\/watch?v=QVrzRWV5TNw\" rel=\"Follow noopener\" target=\"_blank\">glaubt<\/a> Politikwissenschaftler Ali Vaez von der Denkfabrik International Crisis Group. Chameneis Gegner innerhalb der Mullahs k\u00f6nnten eines Tages zu dem Entschluss kommen, dass Chamenei &#8222;zu alt und zu passiv geworden ist&#8220; und ihn dann aus dem Weg r\u00e4umen, sagte Vaez der Nachrichtenagentur Reuters.<\/p>\n<p>Die Sorge vor dem Tod ist offenbar so gro\u00df, dass Irans oberster F\u00fchrer l\u00e4ngst <a href=\"https:\/\/www.n-tv.de\/politik\/Chamenei-trifft-Vorkehrungen-fuer-eigenen-Tod-article25849937.html\" rel=\"Follow noopener\" target=\"_blank\">f\u00fcr seine Nachfolge vorgesorgt<\/a> hat. Chamenei habe schon vor zwei Jahren ein dreik\u00f6pfiges Komitee ranghoher Geistlicher berufen, das sich um seine Nachfolge k\u00fcmmern soll. Normalerweise ist ein monatelanges Auswahlverfahren im Expertenrat vorgesehen. Ein Gremium, in dem 88 hochrangige iranische Geistliche sitzen, w\u00e4hlt aus, wer neuer Revolutionsf\u00fchrer wird. Chamenei, der bereits ein Attentat und eine Krebserkrankung \u00fcberlebt hat, will diesen Prozess aber offenbar deutlich beschleunigen.<\/p>\n<p>Zwei Favoriten im Gespr\u00e4ch<\/p>\n<p>Inzwischen haben sich zwei Favoriten herauskristallisiert, <a href=\"https:\/\/www.reuters.com\/world\/middle-east\/succession-plans-irans-khamenei-hit-top-gear-2025-06-23\/\" rel=\"Follow noopener\" target=\"_blank\">berichtet<\/a> Reuters unter Berufung auf f\u00fcnf Insider aus dem iranischen Machtapparat. <\/p>\n<p>Eine Option ist demnach Chameneis Sohn Mojtaba. Er w\u00fcrde die Hardline-Politik seines Vaters wohl gnadenlos fortsetzen. Derzeit ist er aber nur ein Geistlicher &#8222;mittleren Ranges&#8220; und hat nie ein offizielles Regierungsamt ausge\u00fcbt, gibt Experte Vaez zu bedenken. Der Politikwissenschaftler h\u00e4lt es aus Sicht des Mullah-Regimes f\u00fcr &#8222;zu riskant&#8220;, den Sohn des jetzigen Ajatollahs als Nachfolger zu benennen: &#8222;Es handelt sich um ein revolution\u00e4res Regime, das 1979 an die Macht kam und eine Monarchie st\u00fcrzte. Wenn dieses Regime ausgerechnet jetzt selbst zu einer Art Erbmonarchie wird, rei\u00dft es sich das eine Bein aus, auf dem es noch steht.&#8220;<\/p>\n<p>Der andere &#8222;Spitzenkandidat&#8220; auf die Nachfolge ist derzeit Hassan Chomeini, der 53-j\u00e4hrige Enkel des Gr\u00fcnders der Islamischen Republik, Ajatollah Ruhollah Chomeini. F\u00fcr Mullah-Verh\u00e4ltnisse ist er reformwillig. Gleichzeitig genie\u00dft Chomeini als Enkel des damaligen Revolutionsanf\u00fchrers gro\u00dfen Respekt bei den hochrangigen Geistlichen und der Revolutionsgarde. <\/p>\n<p>Den Insidern zufolge w\u00fcrde &#8222;Reformer&#8220; Chomeini Sinn ergeben, &#8222;um ausl\u00e4ndische Angriffe und interne Revolten abzuwehren&#8220;, hei\u00dft es im Reuters-Bericht. Er k\u00f6nnte der bei der Bev\u00f6lkerung beliebtere Kandidat sein.<\/p>\n<p>Das Wichtigste f\u00fcr das Mullah-Regime sei der eigene Machterhalt. Aus diesem Grund k\u00f6nnte es langfristig sinnvoller sein, einen Kandidaten auszuw\u00e4hlen, der zumindest den Anschein erweckt, zu Reformen bereit zu sein. Auch Ali Vaez sagt: Das w\u00e4re ein &#8222;kluger Schachzug&#8220; aus Sicht des Regimes.<\/p>\n<p>Auch \u00dcberraschungskandidat m\u00f6glich<\/p>\n<p>Laut Verfassung sollte jeder Kandidat den Rang eines Ajatollahs innehaben und sich hinter die &#8222;revolution\u00e4ren Ideen von Ali Chamenei&#8220; stellen. Das w\u00fcrde laut Vaez auch einen \u00dcberraschungskandidaten m\u00f6glich machen, &#8222;von dem noch nie jemand geh\u00f6rt hat&#8220;. Und zwar dann, wenn die Mullahs zu der Erkenntnis kommen, dass der oberste F\u00fchrer &#8222;nur noch eine Fassade sein soll und die wirkliche Macht dahinter sitzt&#8220;. <\/p>\n<p>Damit meint Vaez Chameneis Sohn Mojtaba, der Beobachtern zufolge l\u00e4ngst auch ohne offizielles Amt zu einer Schl\u00fcsselfigur in der iranischen F\u00fchrung geworden ist. Mojtaba entscheidet, wer Zugang zu seinem Vater bekommt und bestimmt somit, wer Einfluss auf die h\u00f6chste Instanz im politischen System Irans aus\u00fcben kann. Mojtaba vertrete seinen Vater &#8222;in offizieller Funktion, obwohl er nie in ein Regierungsamt gew\u00e4hlt oder ernannt wurde&#8220;, erkl\u00e4rte das US-Finanzministerium bereits 2019, als es Sanktionen gegen den F\u00fchrer-Sohn verh\u00e4ngte.<\/p>\n<p>Ajatollah Ali Chamenei hat sich \u00f6ffentlich nie ge\u00e4u\u00dfert, wen er am liebsten als seinen Nachfolger h\u00e4tte. Laut &#8222;New York Times&#8220; bevorzugt der oberste F\u00fchrer seinen Sohn Mojtaba aber explizit nicht. Das w\u00fcrde Staatsgr\u00fcnder-Enkel Hassan Chomeini zum alleinigen Topfavoriten machen.<\/p>\n<p> <strong class=\"article__aside__title\">&#8222;Wieder was gelernt&#8220;-Podcast<\/strong> <\/p>\n<p>&#8222;Wieder was gelernt&#8220; ist ein Podcast f\u00fcr Neugierige: Welche Region schickt nur <a href=\"https:\/\/www.n-tv.de\/politik\/Eine-ganze-Region-schickt-nur-Verlierer-in-den-Bundestag-article25588401.html\" target=\"_blank\" rel=\"Follow noopener\">Verlierer<\/a> in den Bundestag? Wann werden die deutschen <a href=\"https:\/\/www.n-tv.de\/politik\/Wie-Irans-oberster-Fuehrer-im-Bunker-seine-Nachfolge-plant-article25860838.html\/ntv.de\/25617635\" target=\"_blank\" rel=\"Follow noopener\">Strompreise<\/a> sinken? Welche Anspr\u00fcche haben Donald Trump und die USA auf <a href=\"https:\/\/www.n-tv.de\/politik\/Geografisch-und-geologisch-gehoert-Groenland-zum-nordamerikanischen-Kontinent-article25475595.html\" target=\"_blank\" rel=\"Follow noopener\">Gr\u00f6nland<\/a>? Welche europ\u00e4ische <a href=\"https:\/\/www.n-tv.de\/wirtschaft\/Rumaenien-Eine-europaeische-Landwirtschafts-Bastion-trocknet-aus-article25394088.html\" target=\"_blank\" rel=\"Follow noopener\">Landwirtschafts-Bastion<\/a> trocknet aus? H\u00f6ren Sie rein und werden Sie dreimal die Woche ein wenig schlauer.<\/p>\n<p>Alle Folgen finden Sie in der <a href=\"https:\/\/www.n-tv.de\/apps\/\" target=\"_blank\" rel=\"noopener\">ntv App<\/a>, bei <a href=\"https:\/\/plus.rtl.de\/podcast\/wieder-was-gelernt-der-ntv-podcast-d0uld2aqwi6dt\" target=\"_blank\" rel=\"Follow noopener\">RTL+<\/a>, <a href=\"https:\/\/music.amazon.com\/podcasts\/b6931e40-5e85-4ef9-87f6-c785039b1f1e\/wieder-was-gelernt\" target=\"_blank\" rel=\"Follow noopener\">Amazon Music<\/a>, <a href=\"https:\/\/podcasts.apple.com\/de\/podcast\/wieder-was-gelernt-ein-ntv-podcast\/id1434819309?mt=2\" target=\"_blank\" rel=\"noopener\">Apple Podcasts<\/a> und <a href=\"https:\/\/open.spotify.com\/show\/6w5kuaVaPvVDWGdPLXkONh\" target=\"_blank\" rel=\"noopener\">Spotify<\/a>. F\u00fcr alle anderen Podcast-Apps k\u00f6nnen Sie den <a href=\"https:\/\/www.n-tv.de\/mediathek\/audio\/podcast\/wieder_was_gelernt\/rss\" target=\"_blank\" rel=\"Follow noopener\">RSS-Feed<\/a> verwenden.<\/p>\n<p>Sie haben eine Frage? Schreiben Sie uns gerne eine E-Mail an podcasts@ntv.de<\/p>\n","protected":false},"excerpt":{"rendered":"Seit 36 Jahren an der Macht Wie Irans oberster F\u00fchrer im Bunker seine Nachfolge plant Von Kevin Schulte&hellip;\n","protected":false},"author":2,"featured_media":221124,"comment_status":"","ping_status":"","sticky":false,"template":"","format":"standard","meta":{"footnotes":""},"categories":[5],"tags":[45248,106,13,345,13612,411,15741,62913,14,15,16,12,10,8,9,11,64],"class_list":{"0":"post-221123","1":"post","2":"type-post","3":"status-publish","4":"format-standard","5":"has-post-thumbnail","7":"category-nachrichten","8":"tag-ajatollah-ali-chamenei","9":"tag-donald-trump","10":"tag-headlines","11":"tag-iran","12":"tag-iran-konflikt","13":"tag-israel","14":"tag-mossad","15":"tag-mullah-regime","16":"tag-nachrichten","17":"tag-news","18":"tag-politik","19":"tag-schlagzeilen","20":"tag-top-news","21":"tag-top-meldungen","22":"tag-topmeldungen","23":"tag-topnews","24":"tag-usa"},"share_on_mastodon":{"url":"https:\/\/pubeurope.com\/@de\/114750330192631288","error":""},"_links":{"self":[{"href":"https:\/\/www.europesays.com\/de\/wp-json\/wp\/v2\/posts\/221123","targetHints":{"allow":["GET"]}}],"collection":[{"href":"https:\/\/www.europesays.com\/de\/wp-json\/wp\/v2\/posts"}],"about":[{"href":"https:\/\/www.europesays.com\/de\/wp-json\/wp\/v2\/types\/post"}],"author":[{"embeddable":true,"href":"https:\/\/www.europesays.com\/de\/wp-json\/wp\/v2\/users\/2"}],"replies":[{"embeddable":true,"href":"https:\/\/www.europesays.com\/de\/wp-json\/wp\/v2\/comments?post=221123"}],"version-history":[{"count":0,"href":"https:\/\/www.europesays.com\/de\/wp-json\/wp\/v2\/posts\/221123\/revisions"}],"wp:featuredmedia":[{"embeddable":true,"href":"https:\/\/www.europesays.com\/de\/wp-json\/wp\/v2\/media\/221124"}],"wp:attachment":[{"href":"https:\/\/www.europesays.com\/de\/wp-json\/wp\/v2\/media?parent=221123"}],"wp:term":[{"taxonomy":"category","embeddable":true,"href":"https:\/\/www.europesays.com\/de\/wp-json\/wp\/v2\/categories?post=221123"},{"taxonomy":"post_tag","embeddable":true,"href":"https:\/\/www.europesays.com\/de\/wp-json\/wp\/v2\/tags?post=221123"}],"curies":[{"name":"wp","href":"https:\/\/api.w.org\/{rel}","templated":true}]}}