{"id":221125,"date":"2025-06-26T15:17:10","date_gmt":"2025-06-26T15:17:10","guid":{"rendered":"https:\/\/www.europesays.com\/de\/221125\/"},"modified":"2025-06-26T15:17:10","modified_gmt":"2025-06-26T15:17:10","slug":"klimaplattform-halle-gewinnt-2-platz-beim-umweltpreis-sachsen-anhalt-2025","status":"publish","type":"post","link":"https:\/\/www.europesays.com\/de\/221125\/","title":{"rendered":"Klimaplattform Halle gewinnt 2. Platz beim Umweltpreis Sachsen-Anhalt 2025"},"content":{"rendered":"<p><img decoding=\"async\" src=\"https:\/\/www.europesays.com\/de\/wp-content\/uploads\/2025\/06\/Halle_Klima_1-678x381.png\" alt=\"Halle (Saale) Klima\" title=\"Halle_Klima_1\"\/><br \/>\n\u00a9 H@llAnzeiger<\/p>\n<p>Halle. FWA. Heute gab es Silber und einen gro\u00dfen Erfolg f\u00fcr die Klimaplattform \u201e<a href=\"http:\/\/www.klima-engagiert-in-Halle.de\" target=\"_blank\" rel=\"noopener nofollow\">www.klima-engagiert-in-Halle.de<\/a>\u201c: Das Projekt wurde in Magdeburg mit dem <strong data-start=\"264\" data-end=\"314\">2. Platz des Umweltpreises Sachsen-Anhalt 2025<\/strong> ausgezeichnet. Der Preis, ausgelobt von der Stiftung Umwelt-, Natur- und Klimaschutz des Landes Sachsen-Anhalt, w\u00fcrdigt herausragende Initiativen f\u00fcr Umwelt- und Klimaschutz. Unter dem Motto \u201eF\u00fcr den Klimaschutz!\u201c wurden Projekte gesucht, die durch Information, Bildung und Beteiligung den Klimaschutz in Sachsen-Anhalt st\u00e4rken.<\/p>\n<p data-start=\"704\" data-end=\"1001\">Die Klimaplattform \u00fcberzeugte die Jury durch ihre innovative und niedrigschwellige Vernetzungsarbeit im lokalen Klimaschutz. Seit ihrer Gr\u00fcndung im September 2023 hat sie sich als <strong data-start=\"920\" data-end=\"988\">zentraler Knotenpunkt f\u00fcr Klimaschutzengagement in Halle (Saale)<\/strong> etabliert. Auf ihr finden Interessierte 54 beteiligte Organisationen mit 41 Engagementangeboten sowie Tipps f\u00fcr klimarelevante Veranstaltungen.<\/p>\n<p data-start=\"1120\" data-end=\"1165\">Die Plattform baut Barrieren ab, erleichtert den Zugang zum Engagement und bringt Menschen zusammen, die sich gemeinsam f\u00fcr ein klimafreundlicheres Halle einsetzen.<\/p>\n<p data-start=\"1337\" data-end=\"1832\">\u201eDiese Auszeichnung ist eine gro\u00dfartige Anerkennung f\u00fcr die vielen Engagierten, die sich in Halle f\u00fcr den Klimaschutz stark machen. Mit der Klimaplattform schaffen wir Sichtbarkeit, bauen H\u00fcrden ab und laden zum Mitmachen ein \u2013 genau das brauchen wir, um lokale Klimaschutzbewegungen zu st\u00e4rken,\u201c so Christine Sattler, Gesch\u00e4ftsf\u00fchrerin der Freiwilligen-Agentur Halle (Saale) e.V.. \u00a0<\/p>\n<p><strong>Hintergrund<\/strong><br \/>Die Klimaplattform wurde vom Dienstleistungszentrum Klimaschutz der Stadt Halle (Saale) und der Freiwilligen-Agentur Halle aufgebaut und in Kooperation mit der B\u00fcrgerstiftung Halle gestartet. Die redaktionelle Verantwortung liegt seitdem bei der Freiwilligen-Agentur Halle (Saale) e.V..<\/p>\n<p>Ansprechpartner f\u00fcr die Stadt Halle ist Daniel Zwick, Leiter des Team Klimaschutz. Gemeinsam mit der Freiwilligen-Agentur f\u00f6rdert die Stadt Halle (Saale) mit der Plattform die digitale Vernetzung, Sichtbarkeit und Aktivierung von Klimaengagement in der Stadt. Der Umweltpreis Sachsen-Anhalt 2025 ist mit insgesamt 30.000 Euro dotiert, der zweite Platz wurde mit 8.000 Euro ausgezeichnet.<\/p>\n","protected":false},"excerpt":{"rendered":"\u00a9 H@llAnzeiger Halle. FWA. Heute gab es Silber und einen gro\u00dfen Erfolg f\u00fcr die Klimaplattform \u201ewww.klima-engagiert-in-Halle.de\u201c: Das Projekt&hellip;\n","protected":false},"author":2,"featured_media":221126,"comment_status":"","ping_status":"","sticky":false,"template":"","format":"standard","meta":{"footnotes":""},"categories":[1860],"tags":[3364,29,548,663,3934,30,4062,17332,13,14,15,17331,860,12],"class_list":{"0":"post-221125","1":"post","2":"type-post","3":"status-publish","4":"format-standard","5":"has-post-thumbnail","7":"category-halle-saale","8":"tag-de","9":"tag-deutschland","10":"tag-eu","11":"tag-europa","12":"tag-europe","13":"tag-germany","14":"tag-halle","15":"tag-halle-saale","16":"tag-headlines","17":"tag-nachrichten","18":"tag-news","19":"tag-saale","20":"tag-sachsen-anhalt","21":"tag-schlagzeilen"},"share_on_mastodon":{"url":"https:\/\/pubeurope.com\/@de\/114750334210052759","error":""},"_links":{"self":[{"href":"https:\/\/www.europesays.com\/de\/wp-json\/wp\/v2\/posts\/221125","targetHints":{"allow":["GET"]}}],"collection":[{"href":"https:\/\/www.europesays.com\/de\/wp-json\/wp\/v2\/posts"}],"about":[{"href":"https:\/\/www.europesays.com\/de\/wp-json\/wp\/v2\/types\/post"}],"author":[{"embeddable":true,"href":"https:\/\/www.europesays.com\/de\/wp-json\/wp\/v2\/users\/2"}],"replies":[{"embeddable":true,"href":"https:\/\/www.europesays.com\/de\/wp-json\/wp\/v2\/comments?post=221125"}],"version-history":[{"count":0,"href":"https:\/\/www.europesays.com\/de\/wp-json\/wp\/v2\/posts\/221125\/revisions"}],"wp:featuredmedia":[{"embeddable":true,"href":"https:\/\/www.europesays.com\/de\/wp-json\/wp\/v2\/media\/221126"}],"wp:attachment":[{"href":"https:\/\/www.europesays.com\/de\/wp-json\/wp\/v2\/media?parent=221125"}],"wp:term":[{"taxonomy":"category","embeddable":true,"href":"https:\/\/www.europesays.com\/de\/wp-json\/wp\/v2\/categories?post=221125"},{"taxonomy":"post_tag","embeddable":true,"href":"https:\/\/www.europesays.com\/de\/wp-json\/wp\/v2\/tags?post=221125"}],"curies":[{"name":"wp","href":"https:\/\/api.w.org\/{rel}","templated":true}]}}