{"id":221398,"date":"2025-06-26T17:44:10","date_gmt":"2025-06-26T17:44:10","guid":{"rendered":"https:\/\/www.europesays.com\/de\/221398\/"},"modified":"2025-06-26T17:44:10","modified_gmt":"2025-06-26T17:44:10","slug":"s-bahn-verkehr-wegen-unwetter-erneut-eingestellt","status":"publish","type":"post","link":"https:\/\/www.europesays.com\/de\/221398\/","title":{"rendered":"S-Bahn-Verkehr wegen Unwetter erneut eingestellt"},"content":{"rendered":"<p class=\"richtext text-em-55 !leading-serif mx-6 desktop:mx-0\">Wegen eines Unwetters hat die Bahn den Zugverkehr im gesamten Berliner S-Bahnnetz zum zweiten Mal in dieser Woche eingestellt. Das teilte das Unternehmen am Abend auf X mit. \u201eAuf Grund von witterungsbedingten Beeintr\u00e4chtigungen wird der Zugverkehr im gesamten S-Bahnnetz eingestellt\u201c, hie\u00df es. Als Ursache nannte die Bahn umgest\u00fcrzte B\u00e4ume. Bereits am Montag hatte es in <a href=\"https:\/\/rp-online.de\/thema\/berlin\/\" rel=\"nofollow noopener\" target=\"_blank\">Berlin<\/a> ein heftiges <a href=\"https:\/\/rp-online.de\/thema\/unwetter\/\" rel=\"nofollow noopener\" target=\"_blank\">Unwetter<\/a> gegeben.<\/p>\n<p class=\"richtext text-em-55 !leading-serif mx-6 desktop:mx-0\">Seit 18.15 habe die S-Bahn den Verkehr eingestellt, sagte ein Sprecher der Bahn. Es seien \u00c4ste und B\u00e4ume auf die Gleise gest\u00fcrzt. Deswegen habe man sich dazu entscheiden, den Betrieb vor\u00fcbergehend auf allen Linien einzustellen. Die Z\u00fcge, die bereits unterwegs waren, warteten das Unwetter am n\u00e4chsten Bahnhof ab. Die Aufr\u00e4umarbeiten liefen auf Hochtouren, sagte der Sprecher.<\/p>\n<p class=\"richtext text-em-55 !leading-serif mx-6 desktop:mx-0\">Man versuche so schnell wie m\u00f6glich, die Strecken freizur\u00e4umen. Es sollte zeitnah informiert werden, sobald die Sperrung aufgehoben sei. Die Betroffenen sollten sich auch \u00fcber die Internetseite der Bahn informieren, erkl\u00e4rte der Sprecher.<\/p>\n<p class=\"richtext text-em-55 !leading-serif mx-6 desktop:mx-0\">Der Deutsche Wetterdienst (DWD) hatte f\u00fcr weite Teile Brandenburgs und f\u00fcr Berlin eine Unwetterwarnung herausgegeben. Der DWD rechnete mit orkanartigen B\u00f6en mit Geschwindigkeiten von 110 Kilometern pro Stunde.<\/p>\n<p>Zahlreiche Eins\u00e4tze der Feuerwehr      <\/p>\n<p class=\"richtext text-em-55 !leading-serif mx-6 desktop:mx-0\">Auch die Berliner <a href=\"https:\/\/rp-online.de\/thema\/feuerwehr\/\" rel=\"nofollow noopener\" target=\"_blank\">Feuerwehr<\/a> ist vermehrt im Einsatz. \u201eDie Schadensmeldungen kommen jetzt nach und nach rein\u201c, sagte ein Feuerwehrsprecher. Sie k\u00e4men vor allem aus dem Norden und Nordwesten der Stadt. Eins\u00e4tze gebe es in Spandau, Reinickendorf und Tegel.<\/p>\n<p class=\"richtext text-em-55 !leading-serif mx-6 desktop:mx-0\">Erst am Montag war die Berliner Feuerwehr im Dauereinsatz nach heftigen Sturmb\u00f6en. Mindestens ein Mensch starb, als ein Baum auf ein Auto fiel. Mindestens drei Menschen wurden lebensbedrohlich verletzt. Insgesamt gab es nach Angaben der Feuerwehr mehr als 500 Eins\u00e4tze.<\/p>\n","protected":false},"excerpt":{"rendered":"Wegen eines Unwetters hat die Bahn den Zugverkehr im gesamten Berliner S-Bahnnetz zum zweiten Mal in dieser Woche&hellip;\n","protected":false},"author":2,"featured_media":221399,"comment_status":"","ping_status":"","sticky":false,"template":"","format":"standard","meta":{"footnotes":"","_share_on_mastodon":"0"},"categories":[1825],"tags":[1739,26819,296,29,70758,30,4028,601,2869,18312],"class_list":["post-221398","post","type-post","status-publish","format-standard","has-post-thumbnail","category-berlin","tag-bahn","tag-bahnnetz","tag-berlin","tag-deutschland","tag-eingestellt","tag-germany","tag-unwetter","tag-verkehr","tag-zugverkehr","tag-zweiten"],"share_on_mastodon":{"url":"https:\/\/pubeurope.com\/@de\/114750912461153094","error":""},"_links":{"self":[{"href":"https:\/\/www.europesays.com\/de\/wp-json\/wp\/v2\/posts\/221398","targetHints":{"allow":["GET"]}}],"collection":[{"href":"https:\/\/www.europesays.com\/de\/wp-json\/wp\/v2\/posts"}],"about":[{"href":"https:\/\/www.europesays.com\/de\/wp-json\/wp\/v2\/types\/post"}],"author":[{"embeddable":true,"href":"https:\/\/www.europesays.com\/de\/wp-json\/wp\/v2\/users\/2"}],"replies":[{"embeddable":true,"href":"https:\/\/www.europesays.com\/de\/wp-json\/wp\/v2\/comments?post=221398"}],"version-history":[{"count":0,"href":"https:\/\/www.europesays.com\/de\/wp-json\/wp\/v2\/posts\/221398\/revisions"}],"wp:featuredmedia":[{"embeddable":true,"href":"https:\/\/www.europesays.com\/de\/wp-json\/wp\/v2\/media\/221399"}],"wp:attachment":[{"href":"https:\/\/www.europesays.com\/de\/wp-json\/wp\/v2\/media?parent=221398"}],"wp:term":[{"taxonomy":"category","embeddable":true,"href":"https:\/\/www.europesays.com\/de\/wp-json\/wp\/v2\/categories?post=221398"},{"taxonomy":"post_tag","embeddable":true,"href":"https:\/\/www.europesays.com\/de\/wp-json\/wp\/v2\/tags?post=221398"}],"curies":[{"name":"wp","href":"https:\/\/api.w.org\/{rel}","templated":true}]}}