{"id":221420,"date":"2025-06-26T17:57:08","date_gmt":"2025-06-26T17:57:08","guid":{"rendered":"https:\/\/www.europesays.com\/de\/221420\/"},"modified":"2025-06-26T17:57:08","modified_gmt":"2025-06-26T17:57:08","slug":"nach-mutmasslichem-femizid-spendenaktion-fuer-kinder-mahnwache-fuer-getoetete-mutter-ndr-de","status":"publish","type":"post","link":"https:\/\/www.europesays.com\/de\/221420\/","title":{"rendered":"Nach mutma\u00dflichem Femizid: Spendenaktion f\u00fcr Kinder, Mahnwache f\u00fcr get\u00f6tete Mutter &#8211; NDR.de"},"content":{"rendered":"<ol>\n<li><a href=\"https:\/\/news.google.com\/rss\/articles\/CBMi2AFBVV95cUxNdGlsZGtBRWxUVkp0eGptQTZsZXVnNHFTYnJQRDdNS0dsaENwY282SEtzWUhIZGpkdHNwWDBVLTViRG9lRXltSmpIVldSTk0tNXpTeGRtR3ZnQmtkMVhzemtUazQzT0JUcnd5QkY1eUtZeW1tTzk3WExud2tpcENJc2pNZVpoaGhCRkNpbEw1OGxtYkthSzE0dGRGT1J2Q2s0OHo1Y21yX29CcVhoX3k3UWg4RFRVWmkyRFM1VmFMYTdzRUZWOGJfd1BWS3lBTG9EcUQ5Mk04Z3U?oc=5\" target=\"_blank\" rel=\"nofollow noopener\">Nach mutma\u00dflichem Femizid: Spendenaktion f\u00fcr Kinder, Mahnwache f\u00fcr get\u00f6tete Mutter<\/a>&nbsp;&nbsp;NDR.de<\/li>\n<li><a href=\"https:\/\/news.google.com\/rss\/articles\/CBMivwFBVV95cUxNd1FpZ2ptcmZkbUgtT3RkNVZWT0lJS1lwZ1VTdW9DRGpLTVBUb2hrVGVkT25QREh5X1ZCQV9tMC1HSUhnZVpLb0V4MkYtcW9tZHcwZUUtSXFOWWNJMk1MTFRVMmU2M3BjV2tsN2paZWFzTVl4dkoxU2lYa0lGb1FvVm43Vk4xeG95elZ3SVI2UTN5Q1dmem5PZUJvSzFfa0dJRURLMy1ZRGduT3RxaEhfMDBwbmcxdUlaUkROdnJQUQ?oc=5\" target=\"_blank\" rel=\"nofollow noopener\">Sch\u00fcsse auf offener Stra\u00dfe: Zwei Tote in Osnabr\u00fcck<\/a>&nbsp;&nbsp;T-Online<\/li>\n<li><a href=\"https:\/\/news.google.com\/rss\/articles\/CBMixwFBVV95cUxPbS1HcmQwSWtrSVp6TndQVHhyeGg0WDZhN3pJWGQzSU5MbXczTXdMMGk3SGt2bTZQS3NBWVkxZWdjWWtHLUtNalpRNlZKV05JWkc1c2toU2RZNlZRTk5PZTJlNjRQUmNiVl80ZlQ2bUpXdTJCbkRLQUxlUHZnMG5uY054cEc1SlRudmZsVVNpbTFwVmhYbl9PbXNHQWk0QVJZYnZ0RWxCdll2YWVEY0JMVGxEWEQybmR2WmRuWkJ6QjBsRzItcHQw?oc=5\" target=\"_blank\" rel=\"nofollow noopener\">\u201eM\u00fcssen jetzt was tun\u201c: Nachbarn starten Spendenaktion nach Femizid in Osnabr\u00fcck<\/a>&nbsp;&nbsp;noz.de<\/li>\n<li><a href=\"https:\/\/news.google.com\/rss\/articles\/CBMisAFBVV95cUxQQThCQUpqTjRyaFJud19abzlOZkZQY1FUdHAzd3h1VDZDRERseFdTNnd6Z1d3dDZkYkp0QXBHYUlMR3BYSGJVOUlOZ0V5Q3pXbWRKY19HVGpnWDF3cHp2LXlzc1RlcjM3VjN6SlpSU1ZRQmU2cmVKUGYwUk95TjAydEhBOXpnc0RLMWFnRHUzWm1CakpDNlhtRVZyZ0ZyRHJYdVM4Y01ZaU9rU2JaUHdQZQ?oc=5\" target=\"_blank\" rel=\"nofollow noopener\">Femizid in Osnabr\u00fcck: Frau auf B\u00fcrgersteig erschossen<\/a>&nbsp;&nbsp;BILD<\/li>\n<li><a href=\"https:\/\/news.google.com\/rss\/articles\/CBMi2gFBVV95cUxPdzBhV2Nsbl9qWFRGQlp2ekVmUV93MWxpcXM3dXBxemp2OFFuT19TZ0VRNXpvX2pNd0ZqNzlYWU1RdFNIYVhGNnVScWZRY0RadVRrdFJiSnVVTmRfa2o4X3FUMktNaUtSR2drdThuNzhZY2ZxYXVCQ19MdGtET0FrU25PTnVjbFZkU1V1UDlHUG9wMkVlMVVuVmdySlh3UXIyWnAzMGlRZUtFZUk0c2ZsaUExTHpnUGNTUDBzTFBObmNBTHFTOEU5aHpQdTFFRkh3SU81ajlRVzA4UQ?oc=5\" target=\"_blank\" rel=\"nofollow noopener\">Gewalttat in Osnabr\u00fcck: Mann erschie\u00dft offenbar Ex-Partnerin und sich selbst auf der Stra\u00dfe<\/a>&nbsp;&nbsp;Spiegel<\/li>\n<\/ol>\n","protected":false},"excerpt":{"rendered":"Nach mutma\u00dflichem Femizid: Spendenaktion f\u00fcr Kinder, Mahnwache f\u00fcr get\u00f6tete Mutter&nbsp;&nbsp;NDR.de Sch\u00fcsse auf offener Stra\u00dfe: Zwei Tote in Osnabr\u00fcck&nbsp;&nbsp;T-Online&hellip;\n","protected":false},"author":2,"featured_media":221421,"comment_status":"","ping_status":"","sticky":false,"template":"","format":"standard","meta":{"footnotes":"","_share_on_mastodon":"0"},"categories":[2],"tags":[29,6063,30,13,21146,2183,14,15,1411,741,65790,12,70762,10,8,9,11],"class_list":["post-221420","post","type-post","status-publish","format-standard","has-post-thumbnail","category-deutschland","tag-deutschland","tag-femizid","tag-germany","tag-headlines","tag-mahnwache","tag-mord","tag-nachrichten","tag-news","tag-niedersachsen","tag-osnabrueck","tag-schinkel","tag-schlagzeilen","tag-spendenaktionaktuell","tag-top-news","tag-top-meldungen","tag-topmeldungen","tag-topnews"],"share_on_mastodon":{"url":"https:\/\/pubeurope.com\/@de\/114750963420428431","error":""},"_links":{"self":[{"href":"https:\/\/www.europesays.com\/de\/wp-json\/wp\/v2\/posts\/221420","targetHints":{"allow":["GET"]}}],"collection":[{"href":"https:\/\/www.europesays.com\/de\/wp-json\/wp\/v2\/posts"}],"about":[{"href":"https:\/\/www.europesays.com\/de\/wp-json\/wp\/v2\/types\/post"}],"author":[{"embeddable":true,"href":"https:\/\/www.europesays.com\/de\/wp-json\/wp\/v2\/users\/2"}],"replies":[{"embeddable":true,"href":"https:\/\/www.europesays.com\/de\/wp-json\/wp\/v2\/comments?post=221420"}],"version-history":[{"count":0,"href":"https:\/\/www.europesays.com\/de\/wp-json\/wp\/v2\/posts\/221420\/revisions"}],"wp:featuredmedia":[{"embeddable":true,"href":"https:\/\/www.europesays.com\/de\/wp-json\/wp\/v2\/media\/221421"}],"wp:attachment":[{"href":"https:\/\/www.europesays.com\/de\/wp-json\/wp\/v2\/media?parent=221420"}],"wp:term":[{"taxonomy":"category","embeddable":true,"href":"https:\/\/www.europesays.com\/de\/wp-json\/wp\/v2\/categories?post=221420"},{"taxonomy":"post_tag","embeddable":true,"href":"https:\/\/www.europesays.com\/de\/wp-json\/wp\/v2\/tags?post=221420"}],"curies":[{"name":"wp","href":"https:\/\/api.w.org\/{rel}","templated":true}]}}