{"id":221715,"date":"2025-06-26T20:42:11","date_gmt":"2025-06-26T20:42:11","guid":{"rendered":"https:\/\/www.europesays.com\/de\/221715\/"},"modified":"2025-06-26T20:42:11","modified_gmt":"2025-06-26T20:42:11","slug":"haus-des-doeners-oeffnet-am-boulevard-in-halle-saale-erste-filiale-in-sachsen-anhalt-du-bist-halle","status":"publish","type":"post","link":"https:\/\/www.europesays.com\/de\/221715\/","title":{"rendered":"\u201cHaus des D\u00f6ners\u201d \u00f6ffnet am Boulevard in Halle (Saale) erste Filiale in Sachsen-Anhalt \u2013 Du bist Halle"},"content":{"rendered":"<p>Die bundesweit expandierende Imbisskette \u201eHaus des D\u00f6ners\u201c setzt ihren Wachstumskurs fort und k\u00fcndigt die Er\u00f6ffnung ihrer ersten Filiale in Sachsen-Anhalt an. K\u00fcnftig soll es am Boulevard in Halle (Saale), direkt am Leipziger Turm, D\u00f6nergerichte der bekannten Marke geben. Aktuell laufen die Umbauarbeiten \u2013 ein genaues Er\u00f6ffnungsdatum steht noch nicht fest.<\/p>\n<p>Bis vor Kurzem war in den R\u00e4umlichkeiten noch das Restaurant \u201eAnatolia Cuisine\u201c ans\u00e4ssig. Inzwischen deutet ein Schaufensterplakat unmissverst\u00e4ndlich auf den bevorstehenden Start von \u201eHaus des D\u00f6ners\u201c hin. Zur Feier der Er\u00f6ffnung plant die Kette mit einem besonderen Angebot Aufmerksamkeit zu erregen: D\u00f6ner f\u00fcr 1 Cent \u2013 ein Werbeformat, das das Unternehmen bereits in anderen St\u00e4dten genutzt hat, um gro\u00dfe Besucherstr\u00f6me zu erzeugen.<\/p>\n<p>Die Expansion nach Halle markiert einen weiteren Schritt in der Ostdeutschland-Strategie der Kette. Bisher war \u201eHaus des D\u00f6ners\u201c in den neuen Bundesl\u00e4ndern lediglich in Leipzig und Erfurt vertreten. Mit dem neuen Standort in Halle baut das Unternehmen seine Pr\u00e4senz in Mitteldeutschland weiter aus.<\/p>\n<p>Gegr\u00fcndet wurde das \u201eHaus des D\u00f6ners\u201c vor nur sechs Jahren. Seitdem hat sich das Unternehmen rasant entwickelt und z\u00e4hlt mittlerweile \u00fcber 120 Filialen in Deutschland sowie in weiteren L\u00e4ndern, darunter die Niederlande, Saudi-Arabien, Gro\u00dfbritannien (u.\u202fa. London) und T\u00fcrkei (Istanbul). Die optische Gestaltung vieler Filialen erinnert bewusst an die \u00c4sthetik der gleichnamigen, aber inhaltlich unabh\u00e4ngigen Netflix-Serie \u201eHaus des Geldes\u201c, was dem Franchise einen hohen Wiedererkennungswert verschafft.<\/p>\n<p><img decoding=\"async\" loading=\"lazy\" width=\"1200\" height=\"676\" src=\"https:\/\/www.europesays.com\/de\/wp-content\/uploads\/2025\/06\/WhatsApp-Image-2025-06-26-at-20.27.19-1200x676.jpeg\" alt=\"\" class=\"wp-image-321062\"  \/><\/p>\n","protected":false},"excerpt":{"rendered":"Die bundesweit expandierende Imbisskette \u201eHaus des D\u00f6ners\u201c setzt ihren Wachstumskurs fort und k\u00fcndigt die Er\u00f6ffnung ihrer ersten Filiale&hellip;\n","protected":false},"author":2,"featured_media":221716,"comment_status":"","ping_status":"","sticky":false,"template":"","format":"standard","meta":{"footnotes":""},"categories":[1860],"tags":[3364,29,548,663,3934,30,4062,17332,13,14,15,17331,860,12],"class_list":{"0":"post-221715","1":"post","2":"type-post","3":"status-publish","4":"format-standard","5":"has-post-thumbnail","7":"category-halle-saale","8":"tag-de","9":"tag-deutschland","10":"tag-eu","11":"tag-europa","12":"tag-europe","13":"tag-germany","14":"tag-halle","15":"tag-halle-saale","16":"tag-headlines","17":"tag-nachrichten","18":"tag-news","19":"tag-saale","20":"tag-sachsen-anhalt","21":"tag-schlagzeilen"},"share_on_mastodon":{"url":"https:\/\/pubeurope.com\/@de\/114751612578088466","error":""},"_links":{"self":[{"href":"https:\/\/www.europesays.com\/de\/wp-json\/wp\/v2\/posts\/221715","targetHints":{"allow":["GET"]}}],"collection":[{"href":"https:\/\/www.europesays.com\/de\/wp-json\/wp\/v2\/posts"}],"about":[{"href":"https:\/\/www.europesays.com\/de\/wp-json\/wp\/v2\/types\/post"}],"author":[{"embeddable":true,"href":"https:\/\/www.europesays.com\/de\/wp-json\/wp\/v2\/users\/2"}],"replies":[{"embeddable":true,"href":"https:\/\/www.europesays.com\/de\/wp-json\/wp\/v2\/comments?post=221715"}],"version-history":[{"count":0,"href":"https:\/\/www.europesays.com\/de\/wp-json\/wp\/v2\/posts\/221715\/revisions"}],"wp:featuredmedia":[{"embeddable":true,"href":"https:\/\/www.europesays.com\/de\/wp-json\/wp\/v2\/media\/221716"}],"wp:attachment":[{"href":"https:\/\/www.europesays.com\/de\/wp-json\/wp\/v2\/media?parent=221715"}],"wp:term":[{"taxonomy":"category","embeddable":true,"href":"https:\/\/www.europesays.com\/de\/wp-json\/wp\/v2\/categories?post=221715"},{"taxonomy":"post_tag","embeddable":true,"href":"https:\/\/www.europesays.com\/de\/wp-json\/wp\/v2\/tags?post=221715"}],"curies":[{"name":"wp","href":"https:\/\/api.w.org\/{rel}","templated":true}]}}