{"id":221724,"date":"2025-06-26T20:48:29","date_gmt":"2025-06-26T20:48:29","guid":{"rendered":"https:\/\/www.europesays.com\/de\/221724\/"},"modified":"2025-06-26T20:48:29","modified_gmt":"2025-06-26T20:48:29","slug":"schnauze-voll-von-hass-benefizfestival-in-bottrop-geplant","status":"publish","type":"post","link":"https:\/\/www.europesays.com\/de\/221724\/","title":{"rendered":"\u201eSchnauze voll von Hass\u201c: Benefizfestival in Bottrop geplant"},"content":{"rendered":"<p class=\"font-sans font-medium\">Bottrop. Das B\u00fcndnis Buntes Bottrop l\u00e4dt gemeinsam mit Stadt und Ehrenamtlichen am 28. Juni zum Festival f\u00fcr den guten Zweck. Alle Infos zu \u201eLautstark\u201c.<\/p>\n<p>Gemeinsam mit dem <a href=\"https:\/\/www.waz.de\/lokales\/bottrop\/article406795727\/fokus-auf-migranten-dive-in-frestival-in-bottrops-eloria.html\" data-category-full-path=\"https:\/\/www.waz.de\/lokales\/bottrop\/\" data-paid-status=\"default\" data-article-publish-date=\"1721036700\" rel=\"nofollow noopener\" target=\"_blank\">B\u00fcndnis Buntes Bottrop<\/a> l\u00e4dt ein ehrenamtliches Team rund um Christina und Patrick Hell in den Spielraum an der <a href=\"https:\/\/www.waz.de\/staedte\/bottrop\/article240861302\/Wunschzauberer-So-wird-Bottrops-neues-Kinderschutzbund-Haus.html\" data-category-full-path=\"\/staedte\/bottrop\/\" data-paid-status=\"premium\" data-article-publish-date=\"1703318940\" target=\"_blank\" rel=\"nofollow noopener\">Prosperstra\u00dfe<\/a> 71 ein. Dort findet am Samstag (28. Juni) das Benefizfestival <strong>\u201eLautstark &#8211; Gemeinsam gegen Hass und Hetze\u201c<\/strong> statt. <\/p>\n<p><strong>Bottrop-Newsletter: <\/strong> <a href=\"https:\/\/www.waz.de\/staedte\/bottrop\/article229657808\/Bottrop-So-koennen-Sie-den-Newsletter-der-WAZ-abonnieren.html\" data-category-full-path=\"\/staedte\/bottrop\/\" data-paid-status=\"free\" data-article-publish-date=\"1596111050\" rel=\"nofollow noopener\" target=\"_blank\">hier gratis abonnieren<\/a> | An dieser Stelle finden Sie alle <a href=\"https:\/\/www.waz.de\/lokales\/bottrop\/blaulicht-in-bottrop\/\" target=\"_blank\" rel=\"nofollow noopener\">Blaulicht-Nachrichten aus Bottrop<\/a> | Sie finden die Lokalredaktion Bottrop auch bei <a href=\"https:\/\/www.instagram.com\/waz_bottrop\/?hl=de\" target=\"_blank\" rel=\"nofollow noopener\">Instagram<\/a> | <strong>Hier gibt\u2018s die aktuellen Bottrop-Nachrichten <\/strong>bei <a href=\"https:\/\/whatsapp.com\/channel\/0029VaDy5ivDp2QEmXg92y3y\" target=\"_blank\" rel=\"nofollow noopener\">WhatsApp<\/a>  | <strong>Folgen Sie uns<\/strong> <strong>auch<\/strong> auf <a href=\"https:\/\/www.facebook.com\/WAZBottrop\" target=\"_blank\" rel=\"nofollow noopener\">Facebook<\/a> | <strong>Alle Artikel<\/strong> <a href=\"https:\/\/www.waz.de\/lokales\/bottrop\/\" target=\"_blank\" rel=\"nofollow noopener\">aus Bottrop<\/a>]<\/p>\n<p>   Bottrop-Newsletter: Jetzt kostenlos anmelden!<\/p>\n<p class=\"text-body2 mt-2\">Nachrichten, Service, Reportagen: Jeden Tag wissen, was in unserer Stadt los ist.<\/p>\n<p class=\"text-caption text-copy-secondary\">\n          Mit meiner Anmeldung zum Newsletter stimme ich der<br \/>\n          <a href=\"https:\/\/www.waz.de\/services\/newsletter-adconsent\" class=\"text-overline text-copy-accent-negative dark:underline\" rel=\"nofollow noopener\" target=\"_blank\">Werbevereinbarung<\/a><br \/>\n          zu.\n        <\/p>\n<p>Mit dem Festival wollen die Organisatoren laut eigener Aussage Menschen zusammenbringen, um gemeinsam ein Zeichen f\u00fcr Miteinander, Vielfalt und Zusammenhalt zu setzen. \u201eWir w\u00fcnschen uns, dass dieser Tag Mut macht, Menschen verbindet und zeigt, wie wichtig gemeinschaftliches Engagement ist\u201c, sagt Christina Hell.<\/p>\n<p>  K\u00f6nig Kobra, Masters and Commander, Fiona: Diese Acts stehen bei Bottrops Festival \u201eLautstark\u201c auf der B\u00fchne  <\/p>\n<p>Patrick Hell f\u00fcgt hinzu: \u201eIch hab\u2018 die Schnauze voll von Hass und Ausgrenzung. Herkunft ist bekanntlich keine Leistung und nach unten treten keine L\u00f6sung.\u201c Angesprochen werden sollen mit dem Programm beim \u201eTreffpunkt f\u00fcr Musik, Begegnung und gesellschaftliches Engagement\u201c alle Generationen, insbesondere jedoch junge Menschen und Familien. Geboten wird neben Redebeitr\u00e4gen, Begegnungsm\u00f6glichkeiten und Foodtrucks, Snacks sowie Getr\u00e4nken auch ein buntes musikalisches Konzept \u2013 \u201evon ruhig bis laut\u201c. <\/p>\n<p>Von 11 bis 22.30 Uhr werden elf Bands und K\u00fcnstler auftreten. Mit dabei sind: Rainer Migenda, Chuckopian, Kostenlos S9, Last Bolt Ceremony, Mediokrist, <a href=\"https:\/\/www.waz.de\/lokales\/bottrop\/article407021224\/30-minuten-veraenderten-benjamin-eisenbergs-leben-schlagartig.html\" data-category-full-path=\"https:\/\/www.waz.de\/lokales\/bottrop\/\" data-paid-status=\"premium\" data-article-publish-date=\"1724067540\" rel=\"nofollow noopener\" target=\"_blank\">Master und Commander<\/a>, K\u00f6nig Kobra, Bl\u00fctenasche, Fiona, Pauker und Trompeten, Rock2go. Die Aktion wird auch von der <a href=\"https:\/\/www.waz.de\/lokales\/bottrop\/article409310050\/baumvergiftung-stadt-sperrt-kirchhellener-kinderspielplatz.html\" data-category-full-path=\"https:\/\/www.waz.de\/lokales\/bottrop\/\" data-paid-status=\"free\" data-article-publish-date=\"1750417404\" rel=\"nofollow noopener\" target=\"_blank\">Stadt Bottrop<\/a> unterst\u00fctzt.<\/p>\n<p>Das Festival \u201eLautstark \u2013 Gemeinsam gegen Hass und Hetze\u201c findet am 28. Juni von 13 bis 22.30 Uhr im Spielraum (Prosperstra\u00dfe 71) statt. Tickets k\u00f6nnen f\u00fcr 12 Euro pro Person <a href=\"https:\/\/www.eventim.de\/event\/lautstark-gemeinsam-gegen-hass-und-hetze-spielraum-20041587\/?srsltid=AfmBOornjvlrg7vB5Dezga2UIrGa1g7d_B8_BxAnnfJvl-YuNlNPo0dZ\" target=\"_blank\" rel=\"nofollow noopener\">online<\/a> erworben werden. Zwischen 12 und 21 Uhr ist zudem eine Tageskasse ge\u00f6ffnet. Achtung: Beim gesamten Festival ist ausschlie\u00dflich Barzahlung m\u00f6glich.<\/p>\n<p>  <script async src=\"\/\/www.instagram.com\/embed.js\"><\/script><\/p>\n","protected":false},"excerpt":{"rendered":"Bottrop. Das B\u00fcndnis Buntes Bottrop l\u00e4dt gemeinsam mit Stadt und Ehrenamtlichen am 28. Juni zum Festival f\u00fcr den&hellip;\n","protected":false},"author":2,"featured_media":221725,"comment_status":"","ping_status":"","sticky":false,"template":"","format":"standard","meta":{"footnotes":""},"categories":[1848],"tags":[3364,29,548,663,3934,3658,30,13,14,15,1209,12],"class_list":{"0":"post-221724","1":"post","2":"type-post","3":"status-publish","4":"format-standard","5":"has-post-thumbnail","7":"category-gelsenkirchen","8":"tag-de","9":"tag-deutschland","10":"tag-eu","11":"tag-europa","12":"tag-europe","13":"tag-gelsenkirchen","14":"tag-germany","15":"tag-headlines","16":"tag-nachrichten","17":"tag-news","18":"tag-nordrhein-westfalen","19":"tag-schlagzeilen"},"share_on_mastodon":{"url":"https:\/\/pubeurope.com\/@de\/114751635752049408","error":""},"_links":{"self":[{"href":"https:\/\/www.europesays.com\/de\/wp-json\/wp\/v2\/posts\/221724","targetHints":{"allow":["GET"]}}],"collection":[{"href":"https:\/\/www.europesays.com\/de\/wp-json\/wp\/v2\/posts"}],"about":[{"href":"https:\/\/www.europesays.com\/de\/wp-json\/wp\/v2\/types\/post"}],"author":[{"embeddable":true,"href":"https:\/\/www.europesays.com\/de\/wp-json\/wp\/v2\/users\/2"}],"replies":[{"embeddable":true,"href":"https:\/\/www.europesays.com\/de\/wp-json\/wp\/v2\/comments?post=221724"}],"version-history":[{"count":0,"href":"https:\/\/www.europesays.com\/de\/wp-json\/wp\/v2\/posts\/221724\/revisions"}],"wp:featuredmedia":[{"embeddable":true,"href":"https:\/\/www.europesays.com\/de\/wp-json\/wp\/v2\/media\/221725"}],"wp:attachment":[{"href":"https:\/\/www.europesays.com\/de\/wp-json\/wp\/v2\/media?parent=221724"}],"wp:term":[{"taxonomy":"category","embeddable":true,"href":"https:\/\/www.europesays.com\/de\/wp-json\/wp\/v2\/categories?post=221724"},{"taxonomy":"post_tag","embeddable":true,"href":"https:\/\/www.europesays.com\/de\/wp-json\/wp\/v2\/tags?post=221724"}],"curies":[{"name":"wp","href":"https:\/\/api.w.org\/{rel}","templated":true}]}}