{"id":221800,"date":"2025-06-26T21:31:23","date_gmt":"2025-06-26T21:31:23","guid":{"rendered":"https:\/\/www.europesays.com\/de\/221800\/"},"modified":"2025-06-26T21:31:23","modified_gmt":"2025-06-26T21:31:23","slug":"ob-stephan-keller-bei-buergerforum-im-hamm","status":"publish","type":"post","link":"https:\/\/www.europesays.com\/de\/221800\/","title":{"rendered":"OB Stephan Keller bei B\u00fcrgerforum im Hamm"},"content":{"rendered":"<p class=\"text_ohne_einzug richtext text-em-55 !leading-serif mx-6 desktop:mx-0\"> Das Interesse war gro\u00df am Dienstagabend, die Sch\u00fctzenhalle am Nikolaus-Faber-Platz restlos besetzt. Oberb\u00fcrgermeister <a href=\"https:\/\/rp-online.de\/thema\/stephan-keller\/\" target=\"_blank\" rel=\"noopener\">Stephan Keller<\/a> nahm sich rund zwei Stunden Zeit, die Fragen der Hammer B\u00fcrger zu beantworten. Doch bis es soweit war, warf die Kommunalwahl am 14. September schon ihre Schatten voraus. Ausf\u00fchrlich legte der OB seine Pl\u00e4ne f\u00fcr die Entwicklung in D\u00fcsseldorf \u201ef\u00fcr die n\u00e4chsten f\u00fcnf Jahre\u201c dar, so er denn wiedergew\u00e4hlt werde. F\u00fcr die Kappeshammer war dabei nur ein Thema wirklich wichtig, die Sanierungen beziehungsweise m\u00f6gliche Neubauten der Kardinal-Frings- und der <a href=\"https:\/\/rp-online.de\/thema\/fleher-bruecke\/\" target=\"_blank\" rel=\"noopener\">Fleher Br\u00fccke<\/a>.<\/p>\n","protected":false},"excerpt":{"rendered":"Das Interesse war gro\u00df am Dienstagabend, die Sch\u00fctzenhalle am Nikolaus-Faber-Platz restlos besetzt. Oberb\u00fcrgermeister Stephan Keller nahm sich rund&hellip;\n","protected":false},"author":2,"featured_media":221801,"comment_status":"","ping_status":"","sticky":false,"template":"","format":"standard","meta":{"footnotes":""},"categories":[1831],"tags":[12612,70844,3364,29,4441,3405,70843,30,9060,17543,70845,3744,55178,1209,3748,70842,3747],"class_list":{"0":"post-221800","1":"post","2":"type-post","3":"status-publish","4":"format-standard","5":"has-post-thumbnail","7":"category-duesseldorf","8":"tag-buerger","9":"tag-buergerdialog","10":"tag-de","11":"tag-deutschland","12":"tag-dienstagabend","13":"tag-duesseldorf","14":"tag-faber","15":"tag-germany","16":"tag-hamm","17":"tag-hammer","18":"tag-kappeshammer","19":"tag-keller","20":"tag-nikolaus","21":"tag-nordrhein-westfalen","22":"tag-oberbuergermeister","23":"tag-schuetzenhalle","24":"tag-stephan"},"share_on_mastodon":{"url":"https:\/\/pubeurope.com\/@de\/114751804868695609","error":""},"_links":{"self":[{"href":"https:\/\/www.europesays.com\/de\/wp-json\/wp\/v2\/posts\/221800","targetHints":{"allow":["GET"]}}],"collection":[{"href":"https:\/\/www.europesays.com\/de\/wp-json\/wp\/v2\/posts"}],"about":[{"href":"https:\/\/www.europesays.com\/de\/wp-json\/wp\/v2\/types\/post"}],"author":[{"embeddable":true,"href":"https:\/\/www.europesays.com\/de\/wp-json\/wp\/v2\/users\/2"}],"replies":[{"embeddable":true,"href":"https:\/\/www.europesays.com\/de\/wp-json\/wp\/v2\/comments?post=221800"}],"version-history":[{"count":0,"href":"https:\/\/www.europesays.com\/de\/wp-json\/wp\/v2\/posts\/221800\/revisions"}],"wp:featuredmedia":[{"embeddable":true,"href":"https:\/\/www.europesays.com\/de\/wp-json\/wp\/v2\/media\/221801"}],"wp:attachment":[{"href":"https:\/\/www.europesays.com\/de\/wp-json\/wp\/v2\/media?parent=221800"}],"wp:term":[{"taxonomy":"category","embeddable":true,"href":"https:\/\/www.europesays.com\/de\/wp-json\/wp\/v2\/categories?post=221800"},{"taxonomy":"post_tag","embeddable":true,"href":"https:\/\/www.europesays.com\/de\/wp-json\/wp\/v2\/tags?post=221800"}],"curies":[{"name":"wp","href":"https:\/\/api.w.org\/{rel}","templated":true}]}}