{"id":222120,"date":"2025-06-27T00:33:11","date_gmt":"2025-06-27T00:33:11","guid":{"rendered":"https:\/\/www.europesays.com\/de\/222120\/"},"modified":"2025-06-27T00:33:11","modified_gmt":"2025-06-27T00:33:11","slug":"rbb24-abendschau-vom-26-06-2025-rbb","status":"publish","type":"post","link":"https:\/\/www.europesays.com\/de\/222120\/","title":{"rendered":"rbb24 Abendschau vom 26.06.2025 | rbb"},"content":{"rendered":"<p>\tweitere Themen der Sendung<\/p>\n<p class=\"manualteaserroofline\">Unwetter<\/p>\n<p>\t\t<a href=\"https:\/\/www.rbb-online.de\/abendschau\/videos\/20250626_1930\/Unwetter_Berlin_Brandenburg.html\" class=\"sendeplatz\" rel=\"nofollow noopener\" target=\"_blank\"><br \/>\n\t\tS-Bahn-Verkehr erneut eingestellt<\/p>\n<p>\t\t<\/a><\/p>\n<p>Wegen eines Unwetters hat die Bahn den Zugverkehr im gesamten Berliner S-Bahnnetz zum zweiten Mal in dieser Woche eingestellt. Das teilte das Unternehmen am Abend auf X mit. &#8230;<\/p>\n<p class=\"manualteaserroofline\">Abgeordnetenhaus<\/p>\n<p>\t\t<a href=\"https:\/\/www.rbb-online.de\/abendschau\/videos\/20250626_1930\/verwaltungsreform_Berlin.html\" class=\"sendeplatz\" rel=\"nofollow noopener\" target=\"_blank\"><br \/>\n\t\tVerwaltungsreform beschlossen<\/p>\n<p>\t\t<\/a><\/p>\n<p>Das  Berliner Abgeordnetenhaus hat die Verwaltungsreform des schwarz-roten Senats beschlossen . Daf\u00fcr war eine Verfassungs\u00e4nderung notwendig. Deshalb waren CDU und SPD auf &#8230;<\/p>\n<p class=\"manualteaserroofline\">Missbilligungsantrag<\/p>\n<p>\t\t<a href=\"https:\/\/www.rbb-online.de\/abendschau\/videos\/20250626_1930\/guenther_wuensch_missbilligungsantrag_abgelehnt.html\" class=\"sendeplatz\" rel=\"nofollow noopener\" target=\"_blank\"><br \/>\n\t\tBildungssenatorin unter Druck<\/p>\n<p>\t\t<\/a><\/p>\n<p>Ein Missbilligungsantrag der Gr\u00fcnen im Berliner Abgeordnetenhaus gegen  CDU-Bildungssenatorin G\u00fcnther-W\u00fcnsch ist gescheitert . CDU und SPD lehnten den Antrag ab. Die Gr\u00fcnen &#8230;<\/p>\n<p class=\"manualteaserroofline\">Moabit<\/p>\n<p>\t\t<a href=\"https:\/\/www.rbb-online.de\/abendschau\/videos\/20250626_1930\/Kritik_Schliessung_asservatenkammer.html\" class=\"sendeplatz\" rel=\"nofollow noopener\" target=\"_blank\"><br \/>\n\t\tKritik an Schlie\u00dfung der Asservatenkammer<\/p>\n<p>\t\t<\/a><\/p>\n<p>Die Deutsche Polizeigewerkschaft Berlin DPolG und die Gewerkschaft der Polizei GdP haben scharfe Kritik an der Entscheidung der Staatsanwaltschaft ge\u00fcbt, die Asservatenkammer &#8230;<\/p>\n<p>\t\t<a href=\"https:\/\/www.rbb-online.de\/abendschau\/videos\/20250626_1930\/Nachrichten_eins.html\" class=\"sendeplatz\" rel=\"nofollow noopener\" target=\"_blank\"><br \/>\n\t\tNachrichten I<\/p>\n<p>\t\t<\/a><\/p>\n<p>+++ Clan-Mitglied nach Angriff auf Polizistin zu Bew\u00e4hrungsstrafe verurteilt +++ T\u00f6dlicher Verkehrsunfall in Treptow-K\u00f6penick +++ Bauarbeiten auf der U5 verschoben +++ &#8230;<\/p>\n<p class=\"manualteaserroofline\">Digitalisierung<\/p>\n<p>\t\t<a href=\"https:\/\/www.rbb-online.de\/abendschau\/videos\/20250626_1930\/Senioren_Digitalisierung_Medizin_Gesundheit.html\" class=\"sendeplatz\" rel=\"nofollow noopener\" target=\"_blank\"><br \/>\n\t\tMehr Netzkompetenz f\u00fcr Senioren<\/p>\n<p>\t\t<\/a><\/p>\n<p>Digitales Gesundheitsmanagement bietet \u00e4lteren Menschen viele Chancen: Es kann die Selbstst\u00e4ndigkeit f\u00f6rdern, die Gesundheitsversorgung verbessern und die Teilhabe am &#8230;<\/p>\n<p>\t\t<a href=\"https:\/\/www.rbb-online.de\/abendschau\/videos\/20250626_1930\/Nachrichten_zwei.html\" class=\"sendeplatz\" rel=\"nofollow noopener\" target=\"_blank\"><br \/>\n\t\tNachrichten II<\/p>\n<p>\t\t<\/a><\/p>\n<p>+++ Schlosspark-Klinik in Berlin-Charlottenburg insolvent +++ Bundespolizei verl\u00e4ngert tempor\u00e4res Waffenverbot an mehreren Berliner Bahnh\u00f6fen +++ Ganzt\u00e4giger Warnstreik bei &#8230;<\/p>\n<p class=\"manualteaserroofline\">Berlin<\/p>\n<p>\t\t<a href=\"https:\/\/www.rbb-online.de\/abendschau\/videos\/20250626_1930\/Tierheim_am_Limit.html\" class=\"sendeplatz\" rel=\"nofollow noopener\" target=\"_blank\"><br \/>\n\t\tTierheim am Limit<\/p>\n<p>\t\t<\/a><\/p>\n<p>Tiere im Tierheim abzugeben &#8211; daf\u00fcr finden Leute schnell Gr\u00fcnde. Dass sich jemand um diese oft kranken Tiere dann k\u00fcmmert, dazu hat sich das Land Berlin verpflichtet. Aber: &#8230;<\/p>\n","protected":false},"excerpt":{"rendered":"weitere Themen der Sendung Unwetter S-Bahn-Verkehr erneut eingestellt Wegen eines Unwetters hat die Bahn den Zugverkehr im gesamten&hellip;\n","protected":false},"author":2,"featured_media":168004,"comment_status":"","ping_status":"","sticky":false,"template":"","format":"standard","meta":{"footnotes":""},"categories":[1773],"tags":[29,214,30,471,1780,215],"class_list":{"0":"post-222120","1":"post","2":"type-post","3":"status-publish","4":"format-standard","5":"has-post-thumbnail","7":"category-serien","8":"tag-deutschland","9":"tag-entertainment","10":"tag-germany","11":"tag-serien","12":"tag-series","13":"tag-unterhaltung"},"share_on_mastodon":{"url":"https:\/\/pubeurope.com\/@de\/114752520727797445","error":""},"_links":{"self":[{"href":"https:\/\/www.europesays.com\/de\/wp-json\/wp\/v2\/posts\/222120","targetHints":{"allow":["GET"]}}],"collection":[{"href":"https:\/\/www.europesays.com\/de\/wp-json\/wp\/v2\/posts"}],"about":[{"href":"https:\/\/www.europesays.com\/de\/wp-json\/wp\/v2\/types\/post"}],"author":[{"embeddable":true,"href":"https:\/\/www.europesays.com\/de\/wp-json\/wp\/v2\/users\/2"}],"replies":[{"embeddable":true,"href":"https:\/\/www.europesays.com\/de\/wp-json\/wp\/v2\/comments?post=222120"}],"version-history":[{"count":0,"href":"https:\/\/www.europesays.com\/de\/wp-json\/wp\/v2\/posts\/222120\/revisions"}],"wp:featuredmedia":[{"embeddable":true,"href":"https:\/\/www.europesays.com\/de\/wp-json\/wp\/v2\/media\/168004"}],"wp:attachment":[{"href":"https:\/\/www.europesays.com\/de\/wp-json\/wp\/v2\/media?parent=222120"}],"wp:term":[{"taxonomy":"category","embeddable":true,"href":"https:\/\/www.europesays.com\/de\/wp-json\/wp\/v2\/categories?post=222120"},{"taxonomy":"post_tag","embeddable":true,"href":"https:\/\/www.europesays.com\/de\/wp-json\/wp\/v2\/tags?post=222120"}],"curies":[{"name":"wp","href":"https:\/\/api.w.org\/{rel}","templated":true}]}}