{"id":222130,"date":"2025-06-27T00:44:09","date_gmt":"2025-06-27T00:44:09","guid":{"rendered":"https:\/\/www.europesays.com\/de\/222130\/"},"modified":"2025-06-27T00:44:09","modified_gmt":"2025-06-27T00:44:09","slug":"neue-echtzeit-textfunktion-fuer-handys-startet-bundesweit-das-aendert-sich","status":"publish","type":"post","link":"https:\/\/www.europesays.com\/de\/222130\/","title":{"rendered":"Neue Echtzeit-Textfunktion f\u00fcr Handys startet bundesweit: Das \u00e4ndert sich"},"content":{"rendered":"<p class=\"css-benjn6\">Ab dem 28. Juni 2025 f\u00fchren alle gro\u00dfen Netzbetreiber in Deutschland die neue Funktion &#8222;Real Time Text&#8220; ein. Damit k\u00f6nnen Nutzer w\u00e4hrend eines Anrufs parallel schreiben \u2013 und das ganz ohne Verz\u00f6gerung.<\/p>\n<p class=\"css-bq2685\" id=\"doc-1ilao7h4q0\"><strong>Eine Neuerung steht bevor<\/strong>: Ab dem 28. Juni 2025 aktivieren die Mobilfunkanbieter <a data-li-document-ref=\"487161\" href=\"https:\/\/www.prosieben.de\/serien\/newstime\/news\/vorsicht-vor-dieser-betrugsmasche-millionen-kunden-der-telekom-betroffen-487161\" rel=\"nofollow noopener\" target=\"_blank\">Deutsche Telekom<\/a>, Vodafone, Telef\u00f3nica und 1&amp;1 die <strong>neue Funktion Real Time Text (RTT)<\/strong>. Damit k\u00f6nnen Nutzer:innen w\u00e4hrend eines Telefongespr\u00e4chs auch gleichzeitig tippen \u2013 und das in Echtzeit. Jede Eingabe wird beim Gespr\u00e4chspartner sofort sichtbar, Buchstabe f\u00fcr Buchstabe.<\/p>\n<p>Echtzeit-Text kommt auf alle Handys<\/p>\n<p class=\"css-bq2685\" id=\"doc-1ilao62q08\">Die <strong>neue Funktion erg\u00e4nzt das klassische Telefonat<\/strong> und erm\u00f6glicht eine <strong>schriftliche Kommunikation parallel zur Spracheingabe<\/strong> \u2013 eine Art Live-Chat w\u00e4hrend des Gespr\u00e4chs. Im Unterschied zu einer SMS oder Messenger-Nachricht gibt es bei RTT <strong>keine Zeitverz\u00f6gerung<\/strong>.<\/p>\n<p>Praktisch f\u00fcr Notf\u00e4lle und Barrierefreiheit<\/p>\n<p class=\"css-bq2685\" id=\"doc-1iumirtfn0\">Der Echtzeit-Text richtet sich vor allem an <strong>Menschen mit H\u00f6r- oder Sprachbeeintr\u00e4chtigungen<\/strong>, die so einfacher kommunizieren k\u00f6nnen. Doch <strong>auch in Situationen<\/strong>, in denen gesprochenes Wort unangebracht oder nicht m\u00f6glich ist \u2013 etwa in <strong>lauter Umgebung oder bei einem diskreten Notruf<\/strong> \u2013 bietet RTT eine hilfreiche Alternative.<\/p>\n<p class=\"css-bq2685\" id=\"doc-1ion11apb0\">Ein besonderer Vorteil: Notrufzentralen in Deutschland m\u00fcssen ab Mitte 2027 in der Lage sein, RTT-Kommunikation zu empfangen. <strong>Damit ist die neue Funktion auch sicherheitsrelevant<\/strong> \u2013 etwa f\u00fcr stille Notrufe in Bedrohungslagen.<\/p>\n<p>Aktivierung und technische Voraussetzungen<\/p>\n<p class=\"css-bq2685\" id=\"doc-1ilao62q010\">Um RTT nutzen zu k\u00f6nnen, sind <strong>einige technische Voraussetzungen zu erf\u00fcllen<\/strong>. Die Funktion steht ausschlie\u00dflich bei Telefonaten \u00fcber <strong>LTE, 5G oder WLAN<\/strong> zur Verf\u00fcgung. Au\u00dferdem muss auf beiden Endger\u00e4ten ein aktuelles Betriebssystem laufen \u2013 <strong>Android ab Version 10 oder iOS ab Version 11.2.<\/strong> Wichtig: <strong>RTT muss manuell<\/strong> in den Ger\u00e4teeinstellungen unter dem Men\u00fcpunkt &#8222;Bedienungshilfen&#8220; <strong>aktiviert werden.<\/strong><\/p>\n<p class=\"css-bq2685\" id=\"doc-1ilao7eab0\">Nach der Freischaltung erscheint w\u00e4hrend eines Anrufs eine <strong>zus\u00e4tzliche Schaltfl\u00e4che auf dem Bildschirm<\/strong>, \u00fcber die der Echtzeit-Chat gestartet werden kann. Die Netzbetreiber werden die Funktion durch Software-Updates <strong>schrittweise auf kompatiblen Ger\u00e4ten verf\u00fcgbar machen \u2013 auch auf \u00e4lteren Smartphones.<\/strong><\/p>\n","protected":false},"excerpt":{"rendered":"Ab dem 28. Juni 2025 f\u00fchren alle gro\u00dfen Netzbetreiber in Deutschland die neue Funktion &#8222;Real Time Text&#8220; ein.&hellip;\n","protected":false},"author":2,"featured_media":222131,"comment_status":"","ping_status":"","sticky":false,"template":"","format":"standard","meta":{"footnotes":""},"categories":[135],"tags":[29,30,190,189,194,191,193,192],"class_list":{"0":"post-222130","1":"post","2":"type-post","3":"status-publish","4":"format-standard","5":"has-post-thumbnail","7":"category-wissenschaft-technik","8":"tag-deutschland","9":"tag-germany","10":"tag-science","11":"tag-science-technology","12":"tag-technik","13":"tag-technology","14":"tag-wissenschaft","15":"tag-wissenschaft-technik"},"share_on_mastodon":{"url":"https:\/\/pubeurope.com\/@de\/114752563833472610","error":""},"_links":{"self":[{"href":"https:\/\/www.europesays.com\/de\/wp-json\/wp\/v2\/posts\/222130","targetHints":{"allow":["GET"]}}],"collection":[{"href":"https:\/\/www.europesays.com\/de\/wp-json\/wp\/v2\/posts"}],"about":[{"href":"https:\/\/www.europesays.com\/de\/wp-json\/wp\/v2\/types\/post"}],"author":[{"embeddable":true,"href":"https:\/\/www.europesays.com\/de\/wp-json\/wp\/v2\/users\/2"}],"replies":[{"embeddable":true,"href":"https:\/\/www.europesays.com\/de\/wp-json\/wp\/v2\/comments?post=222130"}],"version-history":[{"count":0,"href":"https:\/\/www.europesays.com\/de\/wp-json\/wp\/v2\/posts\/222130\/revisions"}],"wp:featuredmedia":[{"embeddable":true,"href":"https:\/\/www.europesays.com\/de\/wp-json\/wp\/v2\/media\/222131"}],"wp:attachment":[{"href":"https:\/\/www.europesays.com\/de\/wp-json\/wp\/v2\/media?parent=222130"}],"wp:term":[{"taxonomy":"category","embeddable":true,"href":"https:\/\/www.europesays.com\/de\/wp-json\/wp\/v2\/categories?post=222130"},{"taxonomy":"post_tag","embeddable":true,"href":"https:\/\/www.europesays.com\/de\/wp-json\/wp\/v2\/tags?post=222130"}],"curies":[{"name":"wp","href":"https:\/\/api.w.org\/{rel}","templated":true}]}}