{"id":222132,"date":"2025-06-27T00:45:12","date_gmt":"2025-06-27T00:45:12","guid":{"rendered":"https:\/\/www.europesays.com\/de\/222132\/"},"modified":"2025-06-27T00:45:12","modified_gmt":"2025-06-27T00:45:12","slug":"haben-handelsabkommen-mit-china-unterzeichnet","status":"publish","type":"post","link":"https:\/\/www.europesays.com\/de\/222132\/","title":{"rendered":"Haben Handelsabkommen mit China unterzeichnet"},"content":{"rendered":"<p>Details noch unklar <\/p>\n<p>Trump: Haben Handelsabkommen mit China unterzeichnet<\/p>\n<p>Aktualisiert am 27.06.2025 &#8211; 02:39 UhrLesedauer: 2 Min.<\/p>\n<p><a href=\"#focus-0\" class=\"transition-colors duration-200 focus-within:text-magenta block text-current relative\" data-sctrack=\"FocusGalleryImage.Reference\"><img fetchpriority=\"high\" data-testid=\"Opener.Image\" style=\"--lqipURL:url('https:\/\/images.t-online.de\/2025\/06\/EA4f7TJqDQNa\/0x107:2048x1152\/fit-in\/150x0\/filters:blur(25)\/us-praesident-donald-trump-geht-nach-einer-veranstaltung-ueber-seine-innenpolitische-und-haushaltspolitische-agenda-im-ostzimmer-des-weissen-hauses.jpg')\"   loading=\"eager\" src=\"https:\/\/www.europesays.com\/de\/wp-content\/uploads\/2025\/06\/us-praesident-donald-trump-geht-nach-einer-veranstaltung-ueber-seine-innenpolitische-und-haushaltspo.jpeg\" alt=\"US-Pr\u00e4sident Donald Trump geht nach einer Veranstaltung \u00fcber seine innenpolitische und haushaltspolitische Agenda im Ostzimmer des Wei\u00dfen Hauses.\" title=\"US-Pr\u00e4sident Donald Trump geht nach einer Veranstaltung \u00fcber seine innenpolitische und haushaltspolitische Agenda im Ostzimmer des Wei\u00dfen Hauses.\" width=\"2048\" height=\"1152\" class=\"bg-[url:var(--lqipURL)] bg-cover bg-center flex h-full w-full max-w-full\" decoding=\"async\"\/><img style=\"--width:32;--height:32\" loading=\"lazy\" src=\"https:\/\/www.t-online.de\/s\/paper\/_next\/static\/media\/zoom-in.f7dae02f.svg\" alt=\"Vergr\u00f6\u00dfern des Bildes\" title=\"Vergr\u00f6\u00dfern des Bildes\" class=\"block h-[calc(var(--height)_\/_16_*_1rem)] w-[calc(var(--width)_\/_16_*_1rem)] max-w-none absolute bottom-8 right-8 rounded-4 bg-snow p-8\" decoding=\"async\"\/><\/a><\/p>\n<p>US-Pr\u00e4sident Donald Trump geht nach einer Veranstaltung \u00fcber seine innenpolitische und haushaltspolitische Agenda im Ostzimmer des Wei\u00dfen Hauses. (Quelle: Mark Schiefelbein)<\/p>\n<p class=\"font-bold text-18 leading-17\">Die USA haben nach Angaben von Pr\u00e4sident Donald Trump ein Abkommen mit China unterzeichnet. Aus Peking gibt es noch keine Stellungnahme.<\/p>\n<p class=\"text-18 leading-17\">US-Pr\u00e4sident <a class=\"transition-colors duration-200 cursor-pointer text-inherit no-underline text-salemsfur md:hover:text-magenta md:hover:border-magenta md:focus:text-magenta border-current border-b border-solid break-words\" href=\"https:\/\/www.t-online.de\/themen\/donald-trump\/\" data-sctrack=\"BodyAnchor\" rel=\"nofollow noopener\" target=\"_blank\">Donald Trump<\/a> hat mitgeteilt, dass die <a class=\"transition-colors duration-200 cursor-pointer text-inherit no-underline text-salemsfur md:hover:text-magenta md:hover:border-magenta md:focus:text-magenta border-current border-b border-solid break-words\" href=\"https:\/\/www.t-online.de\/themen\/usa\/\" data-sctrack=\"BodyAnchor\" rel=\"nofollow noopener\" target=\"_blank\">USA<\/a> am Mittwoch ein Handelsabkommen mit <a class=\"transition-colors duration-200 cursor-pointer text-inherit no-underline text-salemsfur md:hover:text-magenta md:hover:border-magenta md:focus:text-magenta border-current border-b border-solid break-words\" href=\"https:\/\/www.t-online.de\/themen\/china\/\" data-sctrack=\"BodyAnchor\" rel=\"nofollow noopener\" target=\"_blank\">China<\/a> unterzeichnet h\u00e4tten. Er deutete zudem an, dass auch mit <a class=\"transition-colors duration-200 cursor-pointer text-inherit no-underline text-salemsfur md:hover:text-magenta md:hover:border-magenta md:focus:text-magenta border-current border-b border-solid break-words\" href=\"https:\/\/www.t-online.de\/themen\/indien\/\" data-sctrack=\"BodyAnchor\" rel=\"nofollow noopener\" target=\"_blank\">Indien<\/a> ein Abkommen bevorstehen w\u00fcrde. &#8222;Wir haben einige gro\u00dfartige Abkommen. Wir haben eines in Aussicht, vielleicht mit Indien, ein sehr gro\u00dfes, bei dem wir Indien \u00f6ffnen werden&#8220;, f\u00fcgte er hinzu. Trump \u00e4u\u00dferte dies bei einer Veranstaltung im Wei\u00dfen Haus.<\/p>\n<p class=\"text-18 leading-17\">&#8222;Mit dem China-Gesch\u00e4ft beginnen wir, China zu \u00f6ffnen. Dinge, die nie wirklich h\u00e4tten passieren k\u00f6nnen&#8220;, f\u00fcgte Trump hinzu. Vertreter der USA und Chinas trafen sich Anfang des Monats in <a class=\"transition-colors duration-200 cursor-pointer text-inherit no-underline text-salemsfur md:hover:text-magenta md:hover:border-magenta md:focus:text-magenta border-current border-b border-solid break-words\" href=\"https:\/\/www.t-online.de\/themen\/london\/\" data-sctrack=\"BodyAnchor\" rel=\"nofollow noopener\" target=\"_blank\">London<\/a>, um die Zollproblematik zu er\u00f6rtern. Im April hatten die USA begonnen, erhebliche Z\u00f6lle auf aus China importierte Waren zu erheben.<\/p>\n<p class=\"text-18 leading-17\">Bei dem Abkommen handelt es sich allerdings nur um eine Zusatzvereinbarung neben dem geplanten Handelsabkommen. &#8222;Die Regierung und China haben sich auf eine zus\u00e4tzliche Vereinbarung \u00fcber den Rahmen f\u00fcr die Umsetzung des Genfer Abkommens geeinigt&#8220;, sagte ein Sprecher des Wei\u00dfen Hauses der Nachrichtagentur Reuters. In der Vereinbarung gehe es darum, &#8222;wie wir die Lieferungen von Seltenen Erden in die USA wieder beschleunigen k\u00f6nnen&#8220;, so der Sprecher.<\/p>\n<p class=\"text-18 leading-17\">Aus Regierungskreisen hie\u00df es, die Vereinbarung sei bereits Anfang dieser Woche getroffen worden. US-Handelsminister Howard Lutnick wurde von Bloomberg mit den Worten zitiert: &#8222;Sie werden uns Seltene Erden liefern.&#8220; Sobald die Chinesen das t\u00e4ten, w\u00fcrden die USA auch Ma\u00dfnahmen ergreifen, so Lutnick weiter. Die chinesische Botschaft in <a class=\"transition-colors duration-200 cursor-pointer text-inherit no-underline text-salemsfur md:hover:text-magenta md:hover:border-magenta md:focus:text-magenta border-current border-b border-solid break-words\" href=\"https:\/\/www.t-online.de\/themen\/washington\/\" data-sctrack=\"BodyAnchor\" rel=\"nofollow noopener\" target=\"_blank\">Washington<\/a> reagierte nicht sofort auf eine Bitte um Stellungnahme.<\/p>\n<p class=\"text-18 leading-17\">Im Mai einigten sich die USA und China auf eine weitgehende R\u00fccknahme der Strafz\u00f6lle f\u00fcr 90 Tage. &#8222;Die USA haben 88 Milliarden Dollar durch Z\u00f6lle eingenommen&#8220;, sagte Trump.<\/p>\n<p class=\"text-18 leading-17\">Am 11. Juni hatte Trump bekannt gegeben, sich mit <a class=\"transition-colors duration-200 cursor-pointer text-inherit no-underline text-salemsfur md:hover:text-magenta md:hover:border-magenta md:focus:text-magenta border-current border-b border-solid break-words\" href=\"https:\/\/www.t-online.de\/themen\/peking\/\" data-sctrack=\"BodyAnchor\" rel=\"nofollow noopener\" target=\"_blank\">Peking<\/a> \u00fcber Lieferungen von Seltenen Erden geeinigt zu haben. China habe sich bereit erkl\u00e4rt, US-Unternehmen mit Magneten und Seltenen Erden zu beliefern, w\u00e4hrend die USA ihre Drohungen zur\u00fccknehmen w\u00fcrden, chinesischen Studenten die Visa zu entziehen. &#8222;Unser Deal mit China ist abgeschlossen, vorbehaltlich der endg\u00fcltigen Zustimmung von Pr\u00e4sident Xi und mir&#8220;, schrieb Trump auf seiner Medienplattform <a class=\"transition-colors duration-200 cursor-pointer text-inherit no-underline text-salemsfur md:hover:text-magenta md:hover:border-magenta md:focus:text-magenta border-current border-b border-solid break-words\" href=\"https:\/\/www.t-online.de\/themen\/truth-social\/\" data-sctrack=\"BodyAnchor\" rel=\"nofollow noopener\" target=\"_blank\">Truth Social<\/a>.<\/p>\n","protected":false},"excerpt":{"rendered":"Details noch unklar Trump: Haben Handelsabkommen mit China unterzeichnet Aktualisiert am 27.06.2025 &#8211; 02:39 UhrLesedauer: 2 Min. US-Pr\u00e4sident&hellip;\n","protected":false},"author":2,"featured_media":222133,"comment_status":"","ping_status":"","sticky":false,"template":"","format":"standard","meta":{"footnotes":""},"categories":[134],"tags":[1217,175,227,170,169,29,106,30,14952,7180,699,4036,171,174,70946,1614,105,173,172,64],"class_list":{"0":"post-222132","1":"post","2":"type-post","3":"status-publish","4":"format-standard","5":"has-post-thumbnail","7":"category-unternehmen-maerkte","8":"tag-1217","9":"tag-business","10":"tag-china","11":"tag-companies","12":"tag-companies-markets","13":"tag-deutschland","14":"tag-donald-trump","15":"tag-germany","16":"tag-handelsabkommen","17":"tag-howard-lutnick","18":"tag-indien","19":"tag-london","20":"tag-markets","21":"tag-maerkte","22":"tag-ostzimmer","23":"tag-peking","24":"tag-seltene-erden","25":"tag-unternehmen","26":"tag-unternehmen-maerkte","27":"tag-usa"},"share_on_mastodon":{"url":"https:\/\/pubeurope.com\/@de\/114752567596195457","error":""},"_links":{"self":[{"href":"https:\/\/www.europesays.com\/de\/wp-json\/wp\/v2\/posts\/222132","targetHints":{"allow":["GET"]}}],"collection":[{"href":"https:\/\/www.europesays.com\/de\/wp-json\/wp\/v2\/posts"}],"about":[{"href":"https:\/\/www.europesays.com\/de\/wp-json\/wp\/v2\/types\/post"}],"author":[{"embeddable":true,"href":"https:\/\/www.europesays.com\/de\/wp-json\/wp\/v2\/users\/2"}],"replies":[{"embeddable":true,"href":"https:\/\/www.europesays.com\/de\/wp-json\/wp\/v2\/comments?post=222132"}],"version-history":[{"count":0,"href":"https:\/\/www.europesays.com\/de\/wp-json\/wp\/v2\/posts\/222132\/revisions"}],"wp:featuredmedia":[{"embeddable":true,"href":"https:\/\/www.europesays.com\/de\/wp-json\/wp\/v2\/media\/222133"}],"wp:attachment":[{"href":"https:\/\/www.europesays.com\/de\/wp-json\/wp\/v2\/media?parent=222132"}],"wp:term":[{"taxonomy":"category","embeddable":true,"href":"https:\/\/www.europesays.com\/de\/wp-json\/wp\/v2\/categories?post=222132"},{"taxonomy":"post_tag","embeddable":true,"href":"https:\/\/www.europesays.com\/de\/wp-json\/wp\/v2\/tags?post=222132"}],"curies":[{"name":"wp","href":"https:\/\/api.w.org\/{rel}","templated":true}]}}