{"id":222462,"date":"2025-06-27T03:52:11","date_gmt":"2025-06-27T03:52:11","guid":{"rendered":"https:\/\/www.europesays.com\/de\/222462\/"},"modified":"2025-06-27T03:52:11","modified_gmt":"2025-06-27T03:52:11","slug":"polizisten-verhindern-entfuehrung-in-herne","status":"publish","type":"post","link":"https:\/\/www.europesays.com\/de\/222462\/","title":{"rendered":"Polizisten verhindern Entf\u00fchrung in Herne"},"content":{"rendered":"<p>Bei einer zuf\u00e4lligen Polizeikontrolle ist nach \u00dcberzeugung von Ermittlern in Herne im letzten Moment eine Entf\u00fchrung im Milieu der Organisierten Kriminalit\u00e4t verhindert worden. Dabei ging es angeblich um eine gestohlene Drogenfracht von bis zu sieben Tonnen Marihuana. \u201eOb das aber wirklich stimmt, wissen wir nicht\u201c, sagte ein Staatsanwalt, der nicht genannt werden wollte. \u201eGefunden haben wir die Drogen nicht.\u201c\u00a0 <\/p>\n<p>Ein Chinese habe in Kanada eine Gruppe von Profi-S\u00f6ldnern angeheuert, die die Drogen zur\u00fcckzuholen sowie den Dieb fassen sollten, hie\u00df es. Teil der Gruppe seien zwei Letten gewesen, die daraufhin nach Deutschland gereist waren, hei\u00dft es nun in einer Anklage der Einheit f\u00fcr Organisierte Kriminalit\u00e4t der D\u00fcsseldorfer Staatsanwaltschaft.\u00a0 <\/p>\n<p>Die beiden 29 und 37 Jahre alten Letten m\u00fcssen sich bald unter anderem wegen Verabredung zum erpresserischen Menschenraub vor dem D\u00fcsseldorfer Landgericht verantworten, wie eine Gerichtssprecherin mitteilte. Der Gruppe h\u00e4tten auch mehrere ehemalige Fremdenlegion\u00e4re angeh\u00f6rt, Anf\u00fchrer der Truppe sei ein ehemaliger Offizier der franz\u00f6sischen Fremdenlegion gewesen, der noch gesucht werde.\u00a0 <\/p>\n<p>          &#13;<br \/>\n              Professionelles Equipment <\/p>\n<p>Die S\u00f6ldner h\u00e4tten den angeblichen Marihuana-Dieb, einen Albaner, eine Weile gesucht und schlie\u00dflich im Ruhrgebiet gefunden und observiert, berichtete der Staatsanwalt. Zwischen 200 und 1.000 Euro Tageshonorar h\u00e4tten sie kassiert. Insgesamt seien 55.000 Euro gezahlt worden. Von besonderem Interesse sei bald eine Lagerhalle in Oberhausen gewesen, in der die gestohlenen Drogen vermutet wurden.\u00a0 <\/p>\n<p>Bei der Observation des Albaners sollen die Letten professionelle Observations- und Gegenobservationstechnik wie GPS-Sender, Drohnen, Kameras, GPS-Detektoren, Walkie-Talkies, Ferngl\u00e4ser und sogenannte Jammer zur St\u00f6rung fremder \u00dcberwachungstechnik benutzt haben. F\u00fcr die geplante Entf\u00fchrung hatte sich die Gruppe zudem mit Handschellen, Kabelbindern, Spezialscheren, Cuttermessern, Elektroschockern, Druckluftwaffen sowie Tierabwehrspray ausger\u00fcstet.\u00a0 <\/p>\n<p>Am 26. Oktober 2024 sollen die Angeklagten auf die R\u00fcckkehr des Albaners zu seinem Wagen gewartet haben. Gegen 19.40 Uhr h\u00e4tten sie eine Drohne \u00fcber dem Gebiet aufsteigen lassen, um sich einen \u00dcberblick \u00fcber die Gegend zu verschaffen und sich auf die geplante Entf\u00fchrung vorzubereiten.\u00a0 <\/p>\n<p>          &#13;<br \/>\n              \u201eTotaler Zufall\u201c <\/p>\n<p>Dann seien einer Polizeistreife die in einem Auto auf einem Parkplatz wartenden M\u00e4nner aufgefallen. \u201eDas war wirklich totaler Zufall\u201c, versicherte der Staatsanwalt. Bei der Kontrolle h\u00e4tten die Beamten zun\u00e4chst nichts Verd\u00e4chtiges bemerkt, bis ihr Blick zum Schluss ins Ablagefach der Beifahrert\u00fcr fiel: Aus dem ragte ein Magazin einer Druckluftwaffe heraus. Die beiden Letten wurden festgenommen, ihre in der Gegend postierten Teamkollegen machten sich aus dem Staub.\u00a0 <\/p>\n<p>In den Chat-Nachrichten der sichergestellten Handys konnten die Ermittler dann nachlesen, was die Verd\u00e4chtigen im Schilde f\u00fchrten. Unabh\u00e4ngig davon, ob die Geschichte mit der gestohlenen Drogenladung stimmt: Ganz unschuldig soll das potenzielle Entf\u00fchrungsopfer nicht sein. \u201eEr sitzt wegen einer anderen Drogensache in Spanien in Auslieferungshaft\u201c, sagte der Staatsanwalt.\u00a0 <\/p>\n<p>Der Prozess gegen die beiden Angeklagten beginnt am 15. Juli. Das Landgericht hat bis Mitte August acht Verhandlungstage vorgesehen.\u00a0 <\/p>\n<p>Eine gestohlene gro\u00dfe Menge Marihuana soll auch der Ausl\u00f6ser f\u00fcr eine Gewalteskalation im vergangenen Jahr im Ruhrgebiet und in K\u00f6ln gewesen sein. Die vermeintlichen Drogendiebe waren entf\u00fchrt und gefoltert worden. Dann kam es zu einer Reihe von Explosionen vor Wohn- und Gesch\u00e4ftsh\u00e4usern, die ebenfalls im Zusammenhang stehen sollen. <\/p>\n","protected":false},"excerpt":{"rendered":"Bei einer zuf\u00e4lligen Polizeikontrolle ist nach \u00dcberzeugung von Ermittlern in Herne im letzten Moment eine Entf\u00fchrung im Milieu&hellip;\n","protected":false},"author":2,"featured_media":222463,"comment_status":"","ping_status":"","sticky":false,"template":"","format":"standard","meta":{"footnotes":""},"categories":[1839],"tags":[7507,3364,29,71024,30,177,1209,2283],"class_list":{"0":"post-222462","1":"post","2":"type-post","3":"status-publish","4":"format-standard","5":"has-post-thumbnail","7":"category-bochum","8":"tag-bochum","9":"tag-de","10":"tag-deutschland","11":"tag-entfhrung","12":"tag-germany","13":"tag-kriminalitt","14":"tag-nordrhein-westfalen","15":"tag-prozess-gericht"},"share_on_mastodon":{"url":"https:\/\/pubeurope.com\/@de\/114753302943366319","error":""},"_links":{"self":[{"href":"https:\/\/www.europesays.com\/de\/wp-json\/wp\/v2\/posts\/222462","targetHints":{"allow":["GET"]}}],"collection":[{"href":"https:\/\/www.europesays.com\/de\/wp-json\/wp\/v2\/posts"}],"about":[{"href":"https:\/\/www.europesays.com\/de\/wp-json\/wp\/v2\/types\/post"}],"author":[{"embeddable":true,"href":"https:\/\/www.europesays.com\/de\/wp-json\/wp\/v2\/users\/2"}],"replies":[{"embeddable":true,"href":"https:\/\/www.europesays.com\/de\/wp-json\/wp\/v2\/comments?post=222462"}],"version-history":[{"count":0,"href":"https:\/\/www.europesays.com\/de\/wp-json\/wp\/v2\/posts\/222462\/revisions"}],"wp:featuredmedia":[{"embeddable":true,"href":"https:\/\/www.europesays.com\/de\/wp-json\/wp\/v2\/media\/222463"}],"wp:attachment":[{"href":"https:\/\/www.europesays.com\/de\/wp-json\/wp\/v2\/media?parent=222462"}],"wp:term":[{"taxonomy":"category","embeddable":true,"href":"https:\/\/www.europesays.com\/de\/wp-json\/wp\/v2\/categories?post=222462"},{"taxonomy":"post_tag","embeddable":true,"href":"https:\/\/www.europesays.com\/de\/wp-json\/wp\/v2\/tags?post=222462"}],"curies":[{"name":"wp","href":"https:\/\/api.w.org\/{rel}","templated":true}]}}