{"id":222551,"date":"2025-06-27T04:44:10","date_gmt":"2025-06-27T04:44:10","guid":{"rendered":"https:\/\/www.europesays.com\/de\/222551\/"},"modified":"2025-06-27T04:44:10","modified_gmt":"2025-06-27T04:44:10","slug":"gaeste-thema-am-26-6-25","status":"publish","type":"post","link":"https:\/\/www.europesays.com\/de\/222551\/","title":{"rendered":"G\u00e4ste &#038; Thema am 26.6.25"},"content":{"rendered":"<p class=\"mb-6 text-xs md:text-m lg:text-l font-serif group-[.font-sans]:font-sans \">\n    Bei \u201e<a href=\"https:\/\/www.augsburger-allgemeine.de\/personen\/aa-markus-lanz\" target=\"_self\" class=\"underline \" rel=\"nofollow noopener\">Markus Lanz<\/a>\u201c standen am Mittwochabend die aktuellen sicherheitspolitischen Herausforderungen im Zentrum der Diskussion. Nachdem am Dienstagabend bereits intensiv \u00fcber den Nahostkonflikt gesprochen wurde, lag der Fokus der gestrigen Ausgabe auf der wachsenden Bedrohung durch Russland, der Bilanz des NATO-Gipfels und den Folgen eines m\u00f6glichen Fl\u00e4chenbrandes im Nahen Osten f\u00fcr Deutschland und Europa.\n  <\/p>\n<p class=\"mb-6 text-xs md:text-m lg:text-l font-serif group-[.font-sans]:font-sans \">\n    Im Studio diskutierte Gr\u00fcnen-Fraktionschefin Katharina Dr\u00f6ge mit dem Milit\u00e4rhistoriker S\u00f6nke Neitzel, dem Nahost-Experten Andreas Reinicke und Handelsblatt-Journalist Julian Olk \u00fcber geopolitische Risiken, verteidigungspolitische Weichenstellungen und die Rolle Deutschlands auf der internationalen B\u00fchne. Neitzel warnte in der Sendung deutlich vor einer Versch\u00e4rfung der Lage in Osteuropa: \u201eDie n\u00e4chsten drei Jahre sind die gef\u00e4hrlichsten.\u201c\n  <\/p>\n<p class=\"mb-6 text-xs md:text-m lg:text-l font-serif group-[.font-sans]:font-sans \">\n    Neben der Analyse internationaler Konflikte stand auch die Frage im Raum, wie sich Deutschland auf neue Bedrohungslagen vorbereiten kann \u2013 sowohl politisch als auch finanziell. Olk betonte, dass h\u00f6here Verteidigungsausgaben \u00f6konomisch tragbar sein m\u00fcssten, w\u00e4hrend Dr\u00f6ge die au\u00dfenpolitische Verantwortung Deutschlands im Israel-Iran-Konflikt unterstrich.\n  <\/p>\n<p class=\"mb-6 text-xs md:text-m lg:text-l font-serif group-[.font-sans]:font-sans \">\n    Worum ging es gestern am 26. Juni 2025 bei \u201eMarkus Lanz\u201c? Wie lautete das Thema und welche G\u00e4ste waren im Studio? Antworten auf diese Fragen und alle wichtigen Infos zur gestrigen Ausgabe der Talkshow haben wir hier f\u00fcr Sie.\n  <\/p>\n<p>            Wo lief \u201eMarkus Lanz\u201c gestern am Donnerstag?<\/p>\n<p class=\"mb-6 text-xs md:text-m lg:text-l font-serif group-[.font-sans]:font-sans \">\n    Immer dienstags, mittwochs und donnerstags gibt es eine neue Ausgabe von \u201eMarkus Lanz\u201c am sp\u00e4ten Abend im TV-Programm des ZDF zu sehen. Neben der \u00dcbertragung im <a href=\"https:\/\/www.augsburger-allgemeine.de\/panorama\/tv\" target=\"_self\" class=\"underline \" rel=\"nofollow noopener\">Fernsehen<\/a> konnten Sie die gestrige Folge der Polit-Talkshow auch im <a href=\"https:\/\/www.zdf.de\/gesellschaft\/markus-lanz\/markus-lanz-vom-4-juli-2024-100.html\" rel=\"nofollow noopener\" target=\"_blank\" class=\"underline \">Live-Stream des Senders <\/a>verfolgen. Alle Infos zur \u00dcbertragung auf einen Blick:\n  <\/p>\n<ul rel=\"\" class=\"[&amp;&gt;li]:relative list-none  [&amp;&gt;li]:pl-[1.2em] [&amp;&gt;li]:marker:text-[0] [&amp;&gt;li]:relative [&amp;&gt;li]:before:absolute [&amp;&gt;li]:before:w-3 [&amp;&gt;li]:before:h-3 [&amp;&gt;li]:before:bg-brand [&amp;&gt;li]:before:left-0 [&amp;&gt;li]:before:top-[8px] [&amp;&gt;li]:before:rounded-full  my-5\">\n<li class=\" mb-3 text-xs md:text-m lg:text-l\">Was? \u201eMarkus Lanz\u201c (Folge 2102)<\/li>\n<li class=\" mb-3 text-xs md:text-m lg:text-l\">Wann? Donnerstag, 26. Juni 2025, 23.20 Uhr<\/li>\n<li class=\" mb-3 text-xs md:text-m lg:text-l\">Wo? ZDF (TV), ZDF-Livestream (Online)<\/li>\n<\/ul>\n<p>            Thema bei \u201eMarkus Lanz\u201c gestern am 26.6.25<\/p>\n<p class=\"mb-6 text-xs md:text-m lg:text-l font-serif group-[.font-sans]:font-sans \">\n    In der gestrigen Ausgabe von \u201eMarkus Lanz\u201c stand die Bildungspolitik im Mittelpunkt. Dabei wurden die Vorhaben der neuen Bundesregierung im Bildungsbereich sowie die Herausforderungen an deutschen Schulen thematisiert. Einblicke aus der Praxis beleuchteten den Lehrkr\u00e4ftemangel und die \u00dcberlastung im Schulalltag. Zudem wurden Vorschl\u00e4ge f\u00fcr bessere Lehrmethoden und mehr Chancengleichheit diskutiert. Abschlie\u00dfend ging es um eine politische Einordnung des j\u00fcngsten Regierungswechsels und des F\u00fchrungsstils des neuen Bundeskanzlers.\n  <\/p>\n<p>            \u201eMarkus Lanz\u201c gestern: G\u00e4ste am 26. Juni 2025 <\/p>\n<p class=\"mb-6 text-xs md:text-m lg:text-l font-serif group-[.font-sans]:font-sans \">\n    In jeder Folge begr\u00fc\u00dft Markus Lanz Politiker, Experten und Medienvertreter, die mit ihm ein aktuelles Thema besprechen. Am Mittwochabend war eine Politikerin, ein Milit\u00e4rhistoriker, zwei Journalisten und ein Ex-Diplomat zu Gast. Gestern, am 26.6.25, teilten folgende vier G\u00e4ste ihre Standpunkte bei \u201eMarkus Lanz\u201c:\n  <\/p>\n<ul rel=\"\" class=\"[&amp;&gt;li]:relative list-none  [&amp;&gt;li]:pl-[1.2em] [&amp;&gt;li]:marker:text-[0] [&amp;&gt;li]:relative [&amp;&gt;li]:before:absolute [&amp;&gt;li]:before:w-3 [&amp;&gt;li]:before:h-3 [&amp;&gt;li]:before:bg-brand [&amp;&gt;li]:before:left-0 [&amp;&gt;li]:before:top-[8px] [&amp;&gt;li]:before:rounded-full  my-5\">\n<li class=\" mb-3 text-xs md:text-m lg:text-l\">Karin Prien (CDU-Politikerin): Die ehemalige Kultusministerin von Schleswig-Holstein \u00e4u\u00dferte sich zu ihren Pl\u00e4nen als neue Bundesbildungsministerin.<\/li>\n<li class=\" mb-3 text-xs md:text-m lg:text-l\">Katja Giesler (Grundschullehrerin): Die Grundschullehrerin aus Wiesbaden beschrieb die Situation an ihrer Schule. Sie sprach von einer Vielzahl an Aufgaben, zunehmenden Herausforderungen und einem Mangel an qualifiziertem Personal. Ihre Einsch\u00e4tzung: \u201eWir sind komplett \u00fcberlastet.\u201c<\/li>\n<li class=\" mb-3 text-xs md:text-m lg:text-l\">Ahmad Mansour (Integrationsexperte): Der Psychologe und Autor mit dem Schwerpunkt auf Integration stellte seine Ans\u00e4tze f\u00fcr verbesserte Lehrmethoden und mehr Chancengleichheit im Bildungssystem vor.<\/li>\n<li class=\" mb-3 text-xs md:text-m lg:text-l\">Robin Alexander (Journalist): Der stellvertretende Chefredakteur der Welt sprach bei \u201eMarkus Lanz\u201c \u00fcber die j\u00fcngsten Entwicklungen im Kontext des Regierungswechsels und gab eine Einsch\u00e4tzung zum F\u00fchrungsstil von Bundeskanzler Friedrich Merz.<\/li>\n<\/ul>\n<p>            Folge verpasst? \u201eMarkus Lanz\u201c in der Wiederholung sehen<\/p>\n<p class=\"mb-6 text-xs md:text-m lg:text-l font-serif group-[.font-sans]:font-sans \">\n    Falls Sie keine Zeit hatten, sich die neueste Talkrunde mit Markus Lanz im TV anzusehen, dann haben Sie nachtr\u00e4glich die M\u00f6glichkeit, die Sendung auch im Nachhinein in der <a href=\"https:\/\/www.zdf.de\/\" target=\"_self\" class=\"underline \" rel=\"nofollow noopener\">ZDF-Mediathek<\/a> abzurufen. Dort bleiben die Talkrunden nach der Erstausstrahlung noch einige Monate verf\u00fcgbar. Eine Wiederholung im Fernsehen bietet das ZDF allerdings nicht an.\n  <\/p>\n<p>            Sendetermine: Wann l\u00e4uft \u201eMarkus Lanz\u201c n\u00e4chste Woche?<\/p>\n<p class=\"mb-6 text-xs md:text-m lg:text-l font-serif group-[.font-sans]:font-sans \">\n    Auch in der n\u00e4chsten Woche ist Markus Lanz wieder mit drei neuen Ausgaben auf Sendung. Wie die Sendetermine im Detail aussehen, k\u00f6nnen Sie der folgenden \u00dcbersicht entnehmen:\n  <\/p>\n<ul rel=\"\" class=\"[&amp;&gt;li]:relative list-none  [&amp;&gt;li]:pl-[1.2em] [&amp;&gt;li]:marker:text-[0] [&amp;&gt;li]:relative [&amp;&gt;li]:before:absolute [&amp;&gt;li]:before:w-3 [&amp;&gt;li]:before:h-3 [&amp;&gt;li]:before:bg-brand [&amp;&gt;li]:before:left-0 [&amp;&gt;li]:before:top-[8px] [&amp;&gt;li]:before:rounded-full  my-5\">\n<li class=\" mb-3 text-xs md:text-m lg:text-l\">Dienstag,\u202f1.\u00a0Juli\u00a02025:\u00a022.45\u202fUhr bis\u00a00.00\u202fUhr (ZDF)<\/li>\n<li class=\" mb-3 text-xs md:text-m lg:text-l\">Mittwoch,\u202f2.\u00a0Juli\u00a02025:\u00a023.15\u202fUhr bis\u00a00.30\u202fUhr (ZDF)<\/li>\n<li class=\" mb-3 text-xs md:text-m lg:text-l\">Donnerstag,\u202f3.\u00a0Juli\u00a02025:\u00a023.10\u202fUhr bis\u00a00.25\u202fUhr (ZDF)<\/li>\n<\/ul>\n<ul data-module-id=\"DragDropModule\" class=\"flex flex-wrap justify-start group-[.no-bookmarks]:hidden\">\n<li class=\"mb-3 mr-3\">\n    Christian Gerngras<\/p>\n<p>      Icon Haken im Kreis gesetzt<\/p>\n<p>      Icon Plus im Kreis<\/p>\n<\/li>\n<li class=\"mb-3 mr-3\">\n    Markus Lanz<\/p>\n<p>      Icon Haken im Kreis gesetzt<\/p>\n<p>      Icon Plus im Kreis<\/p>\n<\/li>\n<li class=\"mb-3 mr-3\">\n    ZDF<\/p>\n<p>      Icon Haken im Kreis gesetzt<\/p>\n<p>      Icon Plus im Kreis<\/p>\n<\/li>\n<\/ul>\n","protected":false},"excerpt":{"rendered":"Bei \u201eMarkus Lanz\u201c standen am Mittwochabend die aktuellen sicherheitspolitischen Herausforderungen im Zentrum der Diskussion. Nachdem am Dienstagabend bereits&hellip;\n","protected":false},"author":2,"featured_media":7562,"comment_status":"","ping_status":"","sticky":false,"template":"","format":"standard","meta":{"footnotes":""},"categories":[1773],"tags":[29,214,30,471,1780,215],"class_list":{"0":"post-222551","1":"post","2":"type-post","3":"status-publish","4":"format-standard","5":"has-post-thumbnail","7":"category-serien","8":"tag-deutschland","9":"tag-entertainment","10":"tag-germany","11":"tag-serien","12":"tag-series","13":"tag-unterhaltung"},"share_on_mastodon":{"url":"","error":""},"_links":{"self":[{"href":"https:\/\/www.europesays.com\/de\/wp-json\/wp\/v2\/posts\/222551","targetHints":{"allow":["GET"]}}],"collection":[{"href":"https:\/\/www.europesays.com\/de\/wp-json\/wp\/v2\/posts"}],"about":[{"href":"https:\/\/www.europesays.com\/de\/wp-json\/wp\/v2\/types\/post"}],"author":[{"embeddable":true,"href":"https:\/\/www.europesays.com\/de\/wp-json\/wp\/v2\/users\/2"}],"replies":[{"embeddable":true,"href":"https:\/\/www.europesays.com\/de\/wp-json\/wp\/v2\/comments?post=222551"}],"version-history":[{"count":0,"href":"https:\/\/www.europesays.com\/de\/wp-json\/wp\/v2\/posts\/222551\/revisions"}],"wp:featuredmedia":[{"embeddable":true,"href":"https:\/\/www.europesays.com\/de\/wp-json\/wp\/v2\/media\/7562"}],"wp:attachment":[{"href":"https:\/\/www.europesays.com\/de\/wp-json\/wp\/v2\/media?parent=222551"}],"wp:term":[{"taxonomy":"category","embeddable":true,"href":"https:\/\/www.europesays.com\/de\/wp-json\/wp\/v2\/categories?post=222551"},{"taxonomy":"post_tag","embeddable":true,"href":"https:\/\/www.europesays.com\/de\/wp-json\/wp\/v2\/tags?post=222551"}],"curies":[{"name":"wp","href":"https:\/\/api.w.org\/{rel}","templated":true}]}}