{"id":222598,"date":"2025-06-27T05:12:14","date_gmt":"2025-06-27T05:12:14","guid":{"rendered":"https:\/\/www.europesays.com\/de\/222598\/"},"modified":"2025-06-27T05:12:14","modified_gmt":"2025-06-27T05:12:14","slug":"auf-dem-stausee-sind-die-drachen-los","status":"publish","type":"post","link":"https:\/\/www.europesays.com\/de\/222598\/","title":{"rendered":"Auf dem Stausee sind die Drachen los"},"content":{"rendered":"<p class=\"text_ohne_einzug richtext text-em-55 !leading-serif mx-6 desktop:mx-0\">Am kommenden Wochenende (27. bis 28. Juni) findet die 30. Auflage des Bergischen Drachenbootfestes auf dem Beyenburger Stausee statt. Am Freitag paddeln zun\u00e4chst Schulklassen im WSW-Sch\u00fclercup um den Sieg, am Samstag gehen dann die Mannschaften im Erfurt-Cup der Gro\u00dfboote und Sparkassen-Cup der Kleinboote auf die Strecke. Eine Sonderwertung erhalten die Teams im PAKi-Azubi-Cup.<\/p>\n","protected":false},"excerpt":{"rendered":"Am kommenden Wochenende (27. bis 28. Juni) findet die 30. Auflage des Bergischen Drachenbootfestes auf dem Beyenburger Stausee&hellip;\n","protected":false},"author":2,"featured_media":222599,"comment_status":"","ping_status":"","sticky":false,"template":"","format":"standard","meta":{"footnotes":"","_share_on_mastodon":"0"},"categories":[1840],"tags":[24128,71066,11496,3364,29,71065,53959,71064,30,30422,48800,1209,14129,71063,4454,20622,64666,13763,4749,4418],"class_list":["post-222598","post","type-post","status-publish","format-standard","has-post-thumbnail","category-wuppertal","tag-beyenburg","tag-beyenburgerinnen","tag-cup","tag-de","tag-deutschland","tag-drachen","tag-drachenboot","tag-drachenbootfestes","tag-germany","tag-klasse","tag-mannschaften","tag-nordrhein-westfalen","tag-samstag","tag-schulklassen","tag-start","tag-startplatz","tag-stausee","tag-teams","tag-wochenende","tag-wuppertal"],"share_on_mastodon":{"url":"https:\/\/pubeurope.com\/@de\/114753617634705015","error":""},"_links":{"self":[{"href":"https:\/\/www.europesays.com\/de\/wp-json\/wp\/v2\/posts\/222598","targetHints":{"allow":["GET"]}}],"collection":[{"href":"https:\/\/www.europesays.com\/de\/wp-json\/wp\/v2\/posts"}],"about":[{"href":"https:\/\/www.europesays.com\/de\/wp-json\/wp\/v2\/types\/post"}],"author":[{"embeddable":true,"href":"https:\/\/www.europesays.com\/de\/wp-json\/wp\/v2\/users\/2"}],"replies":[{"embeddable":true,"href":"https:\/\/www.europesays.com\/de\/wp-json\/wp\/v2\/comments?post=222598"}],"version-history":[{"count":0,"href":"https:\/\/www.europesays.com\/de\/wp-json\/wp\/v2\/posts\/222598\/revisions"}],"wp:featuredmedia":[{"embeddable":true,"href":"https:\/\/www.europesays.com\/de\/wp-json\/wp\/v2\/media\/222599"}],"wp:attachment":[{"href":"https:\/\/www.europesays.com\/de\/wp-json\/wp\/v2\/media?parent=222598"}],"wp:term":[{"taxonomy":"category","embeddable":true,"href":"https:\/\/www.europesays.com\/de\/wp-json\/wp\/v2\/categories?post=222598"},{"taxonomy":"post_tag","embeddable":true,"href":"https:\/\/www.europesays.com\/de\/wp-json\/wp\/v2\/tags?post=222598"}],"curies":[{"name":"wp","href":"https:\/\/api.w.org\/{rel}","templated":true}]}}