{"id":223131,"date":"2025-06-27T10:10:10","date_gmt":"2025-06-27T10:10:10","guid":{"rendered":"https:\/\/www.europesays.com\/de\/223131\/"},"modified":"2025-06-27T10:10:10","modified_gmt":"2025-06-27T10:10:10","slug":"filmkomponist-lalo-schifrin-im-alter-von-93-gestorben","status":"publish","type":"post","link":"https:\/\/www.europesays.com\/de\/223131\/","title":{"rendered":"Filmkomponist Lalo Schifrin im Alter von 93 gestorben"},"content":{"rendered":"<p class=\"metatextline\">Stand: 27.06.2025 10:28 Uhr<\/p>\n<p class=\"textabsatz columns twelve  m-ten  m-offset-one l-eight l-offset-two\">\n        <strong>Mit seiner Musik machte er Filme unvergesslich &#8211; nun ist der argentinische Komponist, Pianist und Dirigent Lalo Schifrin im Alter von 93 Jahren gestorben. Weltweit bekannt wurde er mit dem Titelthema zum Film &#8222;Mission: Impossible&#8220;.<\/strong>\n    <\/p>\n<p class=\"textabsatz m-ten m-offset-one l-eight l-offset-two columns twelve\">\nDer Komponist Lalo Schifrin ist im Alter von 93 Jahren gestorben. Das best\u00e4tigten seine S\u00f6hne Ryan und William gegen\u00fcber US-Medien.<\/p>\n<p class=\"textabsatz m-ten m-offset-one l-eight l-offset-two columns twelve\">\nSchifrin komponierte die Musik f\u00fcr rund 100 Filme, viele davon wurden stilpr\u00e4gend. Ber\u00fchmt wurde er durch seine markanten Soundtracks, etwa f\u00fcr &#8222;Bullitt&#8220;, &#8222;Starsky &amp; Hutch&#8220;, mehrere &#8222;Dirty Harry&#8220;-Filme mit Clint Eastwood &#8211; und nat\u00fcrlich das ikonische Thema von &#8222;Mission: Impossible&#8220;.<\/p>\n<p class=\"textabsatz m-ten m-offset-one l-eight l-offset-two columns twelve\">\nDar\u00fcber hinaus war Schifrin ein international angesehener Jazzpianist und Orchesterdirigent. Zu seinen musikalischen Vorbildern z\u00e4hlte er Jazzgr\u00f6\u00dfen wie Charlie Parker, George Gershwin und Louis Armstrong.<\/p>\n<p>    Fr\u00fche musikalische Pr\u00e4gung<\/p>\n<p class=\"textabsatz m-ten m-offset-one l-eight l-offset-two columns twelve\">\nGeboren wurde Schifrin 1932 in Buenos Aires. Sein Vater war Konzertmeister des Philharmonischen Orchesters der Stadt. Fr\u00fch gepr\u00e4gt durch klassische Musik entdeckte Schifrin als Teenager den Jazz, den er sp\u00e4ter kunstvoll mit klassischen Elementen verband. Dieser genre\u00fcbergreifende Stil wurde zum Markenzeichen seiner Musik f\u00fcr Film und Fernsehen.<\/p>\n<p class=\"textabsatz m-ten m-offset-one l-eight l-offset-two columns twelve\">\nNach einem Soziologie-Studium erhielt Schifrin mit Anfang 20 ein Stipendium am Pariser Konservatorium. Tags\u00fcber studierte er dort Komposition, nachts spielte er in den Jazz-Clubs der franz\u00f6sischen Hauptstadt. Zur\u00fcck in Buenos Aires gr\u00fcndete er ein Jazz-Orchester, mit dem er w\u00f6chentlich in einer TV-Show auftrat.<\/p>\n<p>    Weg nach Hollywood<\/p>\n<p class=\"textabsatz m-ten m-offset-one l-eight l-offset-two columns twelve\">\nEine Begegnung mit dem Jazzmusiker Dizzy Gillespie erwies sich als wegweisend f\u00fcr seine zuk\u00fcnftige Karriere. Zun\u00e4chst komponierte er das Album &#8222;Gillespiana&#8220; f\u00fcr Gillespie, auf dem er auch Klavier spielte. Einige Jahre sp\u00e4ter holte ihn Gillespie als Pianist in sein Quintett. Schifrin zog daf\u00fcr Anfang der 60er Jahre nach New York City und machte sich in den USA mit Jazz und auch mit Bossa Nova einen Namen.<\/p>\n<p class=\"textabsatz m-ten m-offset-one l-eight l-offset-two columns twelve\">\nSp\u00e4ter nahm er die amerikanische Staatsb\u00fcrgerschaft an. In seiner alten Heimat hatte der Argentinier vereinzelt an Filmen mitgewirkt. Sein erstes Hollywood-Engagement wurde der Abenteuerfilm &#8222;Rhino!&#8220;<\/p>\n<p class=\"absatzbild__info__text\">\n                        Clint Eastwood \u00fcberreicht Schifrin 2018 einen Ehren-Oscar f\u00fcr sein Lebenswerk.\n                    <\/p>\n<p>    Mehrere Grammys und Oscar-Nominierungen<\/p>\n<p class=\"textabsatz m-ten m-offset-one l-eight l-offset-two columns twelve\">\nSein bekanntestes Werk, das Thema der Fernsehserie &#8222;Mission: Impossible&#8220;, entstand unter ungew\u00f6hnlichen Bedingungen. Ohne den Vorspann zu sehen, sollte Schifrin die Titelmelodie komponieren: &#8222;Du musst die Noten ohne irgendwas auf dem Bildschirm schreiben&#8220;, habe man ihm gesagt, erinnerte sich Schifrin sp\u00e4ter. &#8222;Wir richten uns nach deiner Musik. Gib uns etwas Rhythmisches.&#8220; Das Ergebnis war eine Komposition im seltenen 5\/4-Takt &#8211; und wurde weltber\u00fchmt.<\/p>\n<p class=\"textabsatz m-ten m-offset-one l-eight l-offset-two columns twelve\">\nF\u00fcr sein Werk wurde Schifrin mehrfach ausgezeichnet: Er gewann mehrere Grammys und war mehrfach f\u00fcr den Oscar nominiert &#8211; unter anderem f\u00fcr &#8222;Der Unbeugsame&#8220;. Im Jahr 2018 erhielt er einen Ehren-Oscar f\u00fcr sein Lebenswerk &#8211; \u00fcberreicht von Hollywoodstar Clint Eastwood pers\u00f6nlich.<\/p>\n","protected":false},"excerpt":{"rendered":"Stand: 27.06.2025 10:28 Uhr Mit seiner Musik machte er Filme unvergesslich &#8211; nun ist der argentinische Komponist, Pianist&hellip;\n","protected":false},"author":2,"featured_media":223132,"comment_status":"","ping_status":"","sticky":false,"template":"","format":"standard","meta":{"footnotes":""},"categories":[155],"tags":[29,214,92,30,15274,810,215],"class_list":{"0":"post-223131","1":"post","2":"type-post","3":"status-publish","4":"format-standard","5":"has-post-thumbnail","7":"category-unterhaltung","8":"tag-deutschland","9":"tag-entertainment","10":"tag-film","11":"tag-germany","12":"tag-komponist","13":"tag-musik","14":"tag-unterhaltung"},"share_on_mastodon":{"url":"https:\/\/pubeurope.com\/@de\/114754789499462779","error":""},"_links":{"self":[{"href":"https:\/\/www.europesays.com\/de\/wp-json\/wp\/v2\/posts\/223131","targetHints":{"allow":["GET"]}}],"collection":[{"href":"https:\/\/www.europesays.com\/de\/wp-json\/wp\/v2\/posts"}],"about":[{"href":"https:\/\/www.europesays.com\/de\/wp-json\/wp\/v2\/types\/post"}],"author":[{"embeddable":true,"href":"https:\/\/www.europesays.com\/de\/wp-json\/wp\/v2\/users\/2"}],"replies":[{"embeddable":true,"href":"https:\/\/www.europesays.com\/de\/wp-json\/wp\/v2\/comments?post=223131"}],"version-history":[{"count":0,"href":"https:\/\/www.europesays.com\/de\/wp-json\/wp\/v2\/posts\/223131\/revisions"}],"wp:featuredmedia":[{"embeddable":true,"href":"https:\/\/www.europesays.com\/de\/wp-json\/wp\/v2\/media\/223132"}],"wp:attachment":[{"href":"https:\/\/www.europesays.com\/de\/wp-json\/wp\/v2\/media?parent=223131"}],"wp:term":[{"taxonomy":"category","embeddable":true,"href":"https:\/\/www.europesays.com\/de\/wp-json\/wp\/v2\/categories?post=223131"},{"taxonomy":"post_tag","embeddable":true,"href":"https:\/\/www.europesays.com\/de\/wp-json\/wp\/v2\/tags?post=223131"}],"curies":[{"name":"wp","href":"https:\/\/api.w.org\/{rel}","templated":true}]}}