{"id":223212,"date":"2025-06-27T10:58:08","date_gmt":"2025-06-27T10:58:08","guid":{"rendered":"https:\/\/www.europesays.com\/de\/223212\/"},"modified":"2025-06-27T10:58:08","modified_gmt":"2025-06-27T10:58:08","slug":"bremen-so-schuetzen-sie-ihr-zuhause-vor-einbrechern-im-urlaub-regional","status":"publish","type":"post","link":"https:\/\/www.europesays.com\/de\/223212\/","title":{"rendered":"Bremen: So sch\u00fctzen Sie Ihr Zuhause vor Einbrechern im Urlaub | Regional"},"content":{"rendered":"<p>Bremen \u2013 <b>Die Sommerferien starten bald in Bremen und viele freuen sich auf den wohlverdienten Urlaub. Doch Vorsicht: Einbrecher k\u00f6nnten in Ihrer Abwesenheit zuschlagen.<\/b><\/p>\n<p>Ein \u00fcberf\u00fcllter Briefkasten oder dauerhaft geschlossene Rolll\u00e4den signalisieren Einbrechern, dass niemand zu Hause ist. Diese Gelegenheitsdiebe nutzen jede Chance, um einfach ins Haus zu gelangen.<\/p>\n<p>Auch interessant<\/p>\n<p>Anzeige<\/p>\n<p>Auch interessant<\/p>\n<p>Anzeige<\/p>\n<p>Ein paar einfache Ma\u00dfnahmen k\u00f6nnen helfen, Ihr Heim zu sch\u00fctzen. Lassen Sie es bewohnt aussehen: Bitten Sie Nachbarn, den Briefkasten zu leeren und die Rolll\u00e4den zu bewegen. Zeitschaltuhren f\u00fcr Licht und elektronische Rolll\u00e4den k\u00f6nnen ebenfalls Anwesenheit vort\u00e4uschen.<\/p>\n<p>Seien Sie vorsichtig mit sozialen Medien. Posten Sie keine Urlaubsfotos, solange Sie weg sind, denn Einbrecher k\u00f6nnten mitlesen. Schlie\u00dfen Sie alle Fenster und T\u00fcren sorgf\u00e4ltig ab. Gekippte Fenster gelten bei Einbrechern als offene Einladung.<\/p>\n<p>Mechanische Sicherungen an Fenstern und T\u00fcren sowie Alarmanlagen bieten zus\u00e4tzlichen Schutz. Falls Sie verd\u00e4chtige Aktivit\u00e4ten bemerken, z\u00f6gern Sie nicht, die Polizei unter 110 zu informieren.<\/p>\n<p>Die Polizei Bremen bietet kostenlose Pr\u00e4ventionsberatungen an, damit Sie beruhigt in den Urlaub fahren k\u00f6nnen. Weitere Informationen und Checklisten sind im Pr\u00e4ventionszentrum der Polizei Bremen und online unter www.polizei.bremen.de verf\u00fcgbar.<\/p>\n<p>Dieser Text basiert auf einer offiziellen Beh\u00f6rden-Information und wurde mit Hilfe von KI erstellt.<\/p>\n","protected":false},"excerpt":{"rendered":"Bremen \u2013 Die Sommerferien starten bald in Bremen und viele freuen sich auf den wohlverdienten Urlaub. Doch Vorsicht:&hellip;\n","protected":false},"author":2,"featured_media":159286,"comment_status":"","ping_status":"","sticky":false,"template":"","format":"standard","meta":{"footnotes":""},"categories":[1824],"tags":[2420,3364,29,1686,30,2509,121,45],"class_list":{"0":"post-223212","1":"post","2":"type-post","3":"status-publish","4":"format-standard","5":"has-post-thumbnail","7":"category-bremen","8":"tag-bremen","9":"tag-de","10":"tag-deutschland","11":"tag-diebstahl","12":"tag-germany","13":"tag-ki-ots","14":"tag-polizei","15":"tag-texttospeech"},"share_on_mastodon":{"url":"https:\/\/pubeurope.com\/@de\/114754978258354468","error":""},"_links":{"self":[{"href":"https:\/\/www.europesays.com\/de\/wp-json\/wp\/v2\/posts\/223212","targetHints":{"allow":["GET"]}}],"collection":[{"href":"https:\/\/www.europesays.com\/de\/wp-json\/wp\/v2\/posts"}],"about":[{"href":"https:\/\/www.europesays.com\/de\/wp-json\/wp\/v2\/types\/post"}],"author":[{"embeddable":true,"href":"https:\/\/www.europesays.com\/de\/wp-json\/wp\/v2\/users\/2"}],"replies":[{"embeddable":true,"href":"https:\/\/www.europesays.com\/de\/wp-json\/wp\/v2\/comments?post=223212"}],"version-history":[{"count":0,"href":"https:\/\/www.europesays.com\/de\/wp-json\/wp\/v2\/posts\/223212\/revisions"}],"wp:featuredmedia":[{"embeddable":true,"href":"https:\/\/www.europesays.com\/de\/wp-json\/wp\/v2\/media\/159286"}],"wp:attachment":[{"href":"https:\/\/www.europesays.com\/de\/wp-json\/wp\/v2\/media?parent=223212"}],"wp:term":[{"taxonomy":"category","embeddable":true,"href":"https:\/\/www.europesays.com\/de\/wp-json\/wp\/v2\/categories?post=223212"},{"taxonomy":"post_tag","embeddable":true,"href":"https:\/\/www.europesays.com\/de\/wp-json\/wp\/v2\/tags?post=223212"}],"curies":[{"name":"wp","href":"https:\/\/api.w.org\/{rel}","templated":true}]}}