{"id":224086,"date":"2025-06-27T18:51:17","date_gmt":"2025-06-27T18:51:17","guid":{"rendered":"https:\/\/www.europesays.com\/de\/224086\/"},"modified":"2025-06-27T18:51:17","modified_gmt":"2025-06-27T18:51:17","slug":"eu-terminvorschau-vom-28-juni-bis-6-juli","status":"publish","type":"post","link":"https:\/\/www.europesays.com\/de\/224086\/","title":{"rendered":"EU-Terminvorschau vom 28. Juni bis 6. Juli"},"content":{"rendered":"<p class=\"date\">27.06.2025 \u2013 14:45<\/p>\n<p class=\"customer\">\n                        <a class=\"story-customer\" title=\"weiter zum newsroom von Europ\u00e4ische Kommission\" href=\"https:\/\/www.presseportal.de\/nr\/35368\" target=\"_blank\" rel=\"noopener\">Europ\u00e4ische Kommission<\/a>\n                    <\/p>\n<p><a data-category=\"citylink-story-view\" data-action=\"click\" data-label=\"Citylink in Meldungsansicht\" class=\"story-city event-trigger\" href=\"https:\/\/www.presseportal.de\/regional\/Berlin\" title=\"News aus Berlin \" target=\"_blank\" rel=\"noopener\">Berlin<\/a> (ots)<\/p>\n<p><b>Die EU-Terminvorschau ist ein Service der Vertretungen der EU-Kommission in Deutschland f\u00fcr Journalistinnen und Journalisten. Sie k\u00fcndigt vor allem Termine der EU-Kommission, des Europ\u00e4ischen Parlaments, des Rates der Europ\u00e4ischen Union und des Europ\u00e4ischen Gerichtshofes mit besonderer Bedeutung f\u00fcr Deutschland an. <\/b><\/p>\n<p><b>Samstag, 28. Juni<\/b><\/p>\n<p><b>EU-weit: Inkrafttreten der Europ\u00e4ischen Richtlinie zur Barrierefreiheit<\/b><\/p>\n<p> Die EU wird zug\u00e4nglicher f\u00fcr alle. Mit dem Europ\u00e4ischen Rechtsakt zur Barrierefreiheit (EAA) m\u00fcssen wichtige Produkte und Dienstleistungen wie Telefone, Computer, E-Books, Bankdienstleistungen und elektronische Kommunikation f\u00fcr Menschen mit Behinderungen zug\u00e4nglich sein. Damit gelten EU-weit einheitliche Anforderungen an die Barrierefreiheit, von einer angemessenen Schriftgr\u00f6\u00dfe bis hin zu Text-to-Speech-Funktionen in Selbstbedienungszahlungsautomaten, E-Readern und Smartphones und mehr. Weitere Informationen  <a target=\"_blank\" class=\"uri-ext outbound\" rel=\"noopener\" href=\"https:\/\/commission.europa.eu\/strategy-and-policy\/policies\/justice-and-fundamental-rights\/disability\/union-equality-strategy-rights-persons-disabilities-2021-2030\/european-accessibility-act_en?prefLang=de\">hier<\/a> und auf den  <a target=\"_blank\" class=\"uri-ext outbound\" rel=\"noopener\" href=\"https:\/\/www.bundesregierung.de\/breg-de\/aktuelles\/barrierefreiheitsstaerkungsgesetz-2353790\">Seiten der Bundesregierung<\/a>. <\/p>\n<p><b>Sonntag, 29. Juni<\/b><\/p>\n<p><b>Ottobeuren: Rede von Kommissar Brunner zum Festakt 80 Jahre &#8211; Ende des 2.Weltkrieges in Europa<\/b><\/p>\n<p> Anl\u00e4sslich des Endes des 2. Weltkriegs in Europa veranstaltet die Stiftung &#8222;Europ\u00e4ische Kulturtage Ottobeuren&#8220; ab 11 Uhr im Studiersaal der Benediktinerabtei Ottobeuren einen Festakt. Es sprechen Magnus Brunner, EU-Kommissar f\u00fcr Inneres und Migration, Markus Ferber, Mitglied des Europ\u00e4ischen Parlaments, Markus Albrecht, stellv. B\u00fcrgermeister Markt Ottobeuren und P. Christoph Maria Kuen OSB, Benediktinerabtei Ottobeuren. Weitere Informationen:  <a target=\"_blank\" class=\"uri-ext outbound\" rel=\"noopener\" href=\"https:\/\/www.presseportal.de\/pm\/35368\/mailto:europaeische.kulturtage@ottobeuren.de\">europaeische.kulturtage@ottobeuren.de<\/a><\/p>\n<p><b>Montag, 30. Juni<\/b><\/p>\n<p><b>Berlin: EBD-Briefing zur D\u00e4nischen EU-Ratspr\u00e4sidentschaft<\/b><\/p>\n<p> Am 1. Juli 2025 \u00fcbernimmt D\u00e4nemark den Vorsitz im Rat der Europ\u00e4ischen Union und tritt damit seine, laut d\u00e4nischem Au\u00dfenministerium, wohl gr\u00f6\u00dfte au\u00dfenpolitische Aufgabe des Jahrzehnts an. Inmitten all dieser geopolitischen und politischen Spannungen setzt D\u00e4nemark unter anderem Fokus auf Sicherheit, Energiewende und Wettbewerbsf\u00e4higkeit und m\u00f6chte auch in diesen Bereichen die Zukunft Europas aktiv mitgestalten. Barbara Gessler, Vertreterin den Europ\u00e4ische Kommission in Deutschland, S.E. Botschafter Thomas Ostrup M\u00f8ller, Botschafter des K\u00f6nigreich D\u00e4nemark in Deutschland, Christoph Wolfrum, Leiter der Europaabteilung im Ausw\u00e4rtigen Amt, Gisela Hohensee, Leiterin der Unterabteilung f\u00fcr Grundsatzfragen, EU-Politik\/Koordinierung, EU-Recht, bilaterale Beziehungen im Bundesministerium f\u00fcr Wirtschaft und Energie, und Dr. Anna-Maija Mertens, Pr\u00e4sidentin der Europ\u00e4ischen Bewegung Deutschland, diskutieren die Ergebnisse des Europ\u00e4ischen Rates vom 26. und 27. Juni und die Priorit\u00e4ten und Herausforderungen der d\u00e4nischen EU-Ratspr\u00e4sidentschaft. Einlass ist um 14.30 Uhr, Ort: Felleshus der Nordischen Botschaften, Rauchstra\u00dfe 1, 10787 Berlin. Weitere Informationen  <a target=\"_blank\" class=\"uri-ext outbound\" rel=\"noopener\" href=\"https:\/\/netzwerk-ebd.de\/aktuelles\/events\/ebd-briefing-daenische-eu-ratspraesidentschaft-30-06-2025\/\">hier<\/a> . <\/p>\n<p><b>Dienstag, 1. Juli<\/b><\/p>\n<p><b>EU-weit: D\u00e4nemark \u00fcbernimmt den EU-Ratsvorsitz<\/b><\/p>\n<p> Der Vorsitz im Rat der EU wird von den EU-Mitgliedstaaten im Turnus wahrgenommen und wechselt alle sechs Monate. W\u00e4hrend dieser sechs Monate leitet der Vorsitz die Sitzungen und Tagungen auf allen Ebenen des Rates und sorgt f\u00fcr die Kontinuit\u00e4t der Arbeit der EU im Rat. D\u00e4nemark \u00fcbernimmt vom 1. Juli bis 31. Dezember den EU-Ratsvorsitz. Damit l\u00f6st D\u00e4nemark turnusm\u00e4\u00dfig Polen ab. Unter dem Motto &#8222;Ein starkes Europa in einer Welt im Wandel&#8220; wird sich die d\u00e4nische Pr\u00e4sidentschaft f\u00fcr ein sicheres, wettbewerbsf\u00e4higes und gr\u00fcnes Europa einsetzen. Weitere Informationen auf der  <a target=\"_blank\" class=\"uri-ext outbound\" rel=\"noopener\" href=\"https:\/\/danish-presidency.consilium.europa.eu\/\">Seite der d\u00e4nischen Ratspr\u00e4sidentschaft<\/a> und mehr zum Ratsprogramm  <a target=\"_blank\" class=\"uri-ext outbound\" rel=\"noopener\" href=\"https:\/\/danish-presidency.consilium.europa.eu\/en\/programme-for-the-danish-eu-presidency\/programme-of-the-danish-eu-presidency\/\">hier<\/a>. F\u00fcr den 3. Juli ist der traditionelle Besuch der EU-Kommission zu Beginn der Ratspr\u00e4sidentschaft in D\u00e4nemark geplant. <\/p>\n<p><b>Bonn: Podiumsdiskussion &#8222;Gemeinsam f\u00fcr<\/b> <b>Europa. Welche neuen Impulse m\u00fcssen Deutschland, Frankreich und Polen jetzt setzen?&#8220;<\/b><\/p>\n<p> Die Konrad-Adenauer-Stiftung l\u00e4dt gemeinsam mit dem Institut fran\u00e7ais Bonn, dem Centre Ernst Robert Curtius und dem Gustav-Stresemann-Institut zu einer Podiumsdiskussion ein. Im Mittelpunkt steht die Frage, ob Deutschland, Frankreich und Polen bereit sind, politische F\u00fchrung in der EU zu \u00fcbernehmen. G\u00e4ste aus drei L\u00e4ndern diskutieren, was es braucht, um Europa wieder voranzubringen. Ort: Festsaal der Rheinische Friedrich-Wilhelms-Universit\u00e4t Bonn, Regina-Pacis-Weg 3, 53113 Bonn. Zeit: 18.15 bis 19.45 Uhr. Anmeldung und weitere Informationen  <a target=\"_blank\" class=\"uri-ext outbound\" rel=\"noopener\" href=\"https:\/\/germany.representation.ec.europa.eu\/events\/gemeinsam-fur-europa-welche-neuen-impulse-mussen-deutschland-frankreich-und-polen-jetzt-setzen-2025-07-01_de\">hier<\/a>. <\/p>\n<p><b>Mittwoch, 2. Juli<\/b><\/p>\n<p><b>Br\u00fcssel: W\u00f6chentliche Kommissionssitzung<\/b><\/p>\n<p> Die Kommissarinnen und Kommissare besprechen laut  <a target=\"_blank\" class=\"uri-ext outbound\" rel=\"noopener\" href=\"http:\/\/ots.de\/OHTZX0\">vorl\u00e4ufiger Agenda<\/a> das Klimagesetz mit dem  <a target=\"_blank\" class=\"uri-ext outbound\" rel=\"noopener\" href=\"https:\/\/climate.ec.europa.eu\/eu-action\/climate-strategies-targets\/2040-climate-target_en?prefLang=de\">2040-Ziel<\/a>, die Quantenstrategie der EU sowie die Life-Science-Strategie. EBS \u00fcbertr\u00e4gt die anschlie\u00dfende(n) Pressekonferenz(en) nach Abschluss der Kommissionssitzung  <a target=\"_blank\" class=\"uri-ext outbound\" rel=\"noopener\" href=\"https:\/\/audiovisual.ec.europa.eu\/en\/ebs\/both\/20250702\">live<\/a>, Details folgen. <\/p>\n<p><b>Luxemburg: EuGH-Urteil zu Markenstreit um TESTAROSSA<\/b><\/p>\n<p> 2007 trug das Amt der Europ\u00e4ischen Union f\u00fcr geistiges Eigentum (EUIPO) zugunsten von Ferrari die Internationale Registrierung der Wortmarke TESTAROSSA mit Benennung der Europ\u00e4ischen Union ein, u.a. f\u00fcr Autos, Ersatzteile, Zubeh\u00f6r und Spielzeugautos. Auf Antrag von Kurt Hesse, N\u00fcrnberg, hob das EUIPO 2023 die Internationale Registrierung dieser Marke f\u00fcr die EU letztlich in Bezug auf alle von Ferrari beanspruchten Waren auf, da Ferrari nicht nachgewiesen habe, dass es die Marke f\u00fcr diese Waren w\u00e4hrend der letzten f\u00fcnf Jahre ernsthaft benutzt habe. Insbesondere habe der italienische Autohersteller nicht nachgewiesen, dass er am Handel mit gebrauchten Testarossas oder Ersatzteilen beteiligt gewesen sei und dass Spielzeugautos mit seinem Einverst\u00e4ndnis unter der Marke Testarossa vermarktet wurden (siehe auch die Zusammenfassungen im  <a target=\"_blank\" class=\"uri-ext outbound\" rel=\"noopener\" href=\"https:\/\/euipo.europa.eu\/tunnel-web\/secure\/webdav\/guest\/document_library\/contentPdfs\/law_and_practice\/appeal\/2023_decisions_overview_Q3_en.pdf\">EUIPO Bericht \u00fcber wichtige Entscheidungen von 2023<\/a>, S. 49 und 50, mit Links zu den Entscheidungen der EUIPO-Beschwerdekammer). Ferrari hat diese Entscheidungen der Beschwerdekammer des EUIPO vor dem Gericht der EU angefochten, das heute seine Urteile verk\u00fcndet. Ansprechpartner f\u00fcr die Presse beim EuGH  <a target=\"_blank\" class=\"uri-ext outbound\" rel=\"noopener\" href=\"https:\/\/curia.europa.eu\/jcms\/jcms\/Jo2_25870\/\">hier<\/a>. Weitere Informationen  <a target=\"_blank\" class=\"uri-ext outbound\" rel=\"noopener\" href=\"https:\/\/curia.europa.eu\/juris\/liste.jsf?num=T-1103\/23\">hier<\/a> und  <a target=\"_blank\" class=\"uri-ext outbound\" rel=\"noopener\" href=\"https:\/\/curia.europa.eu\/juris\/liste.jsf?num=T-1104\/23\">hier<\/a>. <\/p>\n<p><b>Donnerstag, 3. Juli <\/b><\/p>\n<p><b>Ulm: Ulmweltwoche 2025 Auftaktveranstaltung &#8222;Morgen beginnt heute &#8211; Gemeinsam f\u00fcr Klima und Umwelt&#8220;<\/b><\/p>\n<p> Mit der Mission auf politischer und pers\u00f6nlicher Ebene Handlungsans\u00e4tze aufzuzeigen und Mut zu machen, findet im Stadthaus Ulm um 18.30 Uhr die Auftaktveranstaltung der Ulmweltwoche 2025 statt. Welche konkreten Schritte k\u00f6nnen wir heute unternehmen, um morgen eine nachhaltigere Welt zu schaffen? Wie k\u00f6nnen lokale Initiativen und politische Ma\u00dfnahmen in Ulm und Neu-Ulm die europ\u00e4ischen Klimaziele unterst\u00fctzen? Welche europ\u00e4ischen Best Practices k\u00f6nnen wir auf unsere lokale Situation \u00fcbertragen? Diese und weitere Fragen diskutieren Katrin Albsteiger, Oberb\u00fcrgermeisterin der Stadt Neu-Ulm, Martin Ansbacher, Oberb\u00fcrgermeister der Stadt Ulm, Wolfgang B\u00fccherl, Leiter der Regionalvertretung der Europ\u00e4ischen Kommission in M\u00fcnchen, Florian Schlederer, \u00f6sterreichischer Klimaaktivist und Science Communicator und Emilia Schneider, j\u00fcngste Ulmer Stadtr\u00e4tin, Mitglied bei Jugend Aktiv in Ulm und Sch\u00fclerin, unter Einbezug des Publikums. Weitere Informationen zur Veranstaltung finden sie  <a target=\"_blank\" class=\"uri-ext outbound\" rel=\"noopener\" href=\"https:\/\/ulmweltwoche.de\/programm\/morgen-beginnt-heute-gemeinsam-fuer-klima-und-umwelt\/\">hier<\/a>. <\/p>\n<p><b>Freitag, 4. Juli<\/b><\/p>\n<p><b>Stuttgart: EU-Hackathon<\/b><\/p>\n<p> Von 10 bis 19 Uhr l\u00e4dt die Europ\u00e4ische Kommission in Zusammenarbeit mit dem Young Founders Network im Rahmen des Futuromundo-Festivals zu einem &#8222;EU Hackathon&#8220; ein. Weitere Kooperationspartner sind das Europa-Zentrum Baden-W\u00fcrttemberg, das Europe Direct Informationszentrum Stuttgart, die Wirtschaftsf\u00f6rderung Region Stuttgart sowie das Steinbeis Europazentrum. Teilnehmen werden rund 90 junge Menschen im Alter von 14 bis 25 Jahren, die sich f\u00fcr politische und wirtschaftliche Themen interessieren. Nach initialen Impulsen in einem &#8222;EU-Walk&#8220;-Workshop arbeiten die jungen Talente an dr\u00e4ngenden EU-Themen, f\u00f6rdern dabei ein europ\u00e4isches Bewusstsein, und ihre vielversprechendsten Ideen werden in professionellen Teams weiterentwickelt. Ziel ist die Erarbeitung innovativer L\u00f6sungen und Prototypen zu den Themen Wettbewerbsf\u00e4higkeit, Umwelt und Nachhaltigkeit, europ\u00e4ische Identit\u00e4t, B\u00fcrgerbeteiligung und Demokratie sowie soziale Gerechtigkeit. Die besten drei Teams werden mit einem Geldpreis und einem Platz im Young Founders Network Incubator (In acht Wochen von der Gesch\u00e4ftsidee zur Umsetzung) belohnt, um das Potenzial dieser Konzepte weiter auszusch\u00f6pfen. Ort: Universit\u00e4t Stuttgart, Campus Stadtmitte. Anmeldungen und weitere Informationen  <a target=\"_blank\" class=\"uri-ext outbound\" rel=\"noopener\" href=\"https:\/\/atpscan.global.hornetsecurity.com\/?d=kyiPfU1x1ud13TKfOzyqRzJCRmHHW6FGegZ4A0u55nU&amp;f=t61-j3PtyN4dwNKzoeaGIeScf384-SrVQ9euzRThE88bSLUE_7PGY2vDtwcGRXH7&amp;i=&amp;k=Mg1X&amp;m=FPhORG_T6gnpucWc3e_GiA24aOrqojIlqbpgvGisHn57-L1jq9KfeX1oIHf1W5cl0ganmaSsLCGrxo-b-HVc85w1tyakppK7OkJQfzx0pQXCl1OFsaAWRpB8b9qoUECA&amp;n=5wjmHvOtbWqAeHcCcFW_krYOedv1qiasEvBCaUV9onENCe-jFL_vwF8M9lN_HpXq&amp;r=iI_-a48fybnLbMss0PJt_GiI9Cspf2FgXY1IK4thB1-mbedY5GCE8yvv3FL5orwf&amp;s=ab1b6b50fc59784ace29133ef93f11edbb44ba2a92a8fc9dad49a6ec559c5305&amp;u=https%3A%2F%2Flu.ma%2Ffb4m2csi\">hier<\/a>. <\/p>\n<p><b>Chisinau: Gipfeltreffen EU-Moldau<\/b><\/p>\n<p> Der Pr\u00e4sident des Europ\u00e4ischen Rates, Ant\u00f3nio Costa, und Kommissionspr\u00e4sidentin Ursula von der Leyen treffen sich im Rahmen des ersten Gipfeltreffens EU-Moldau in Chisinau mit der Pr\u00e4sidentin der Republik Moldau, Maia Sandu, sowie mit den F\u00fchrungsspitzen der moldauischen Beh\u00f6rden. Im Mittelpunkt des Treffens steht die strategische Bedeutung der Zukunft Moldaus in der EU. Die EU wird ihre starke politische und finanzielle Unterst\u00fctzung f\u00fcr den Weg Moldaus zum EU-Beitritt, seine EU-bezogenen Reformbem\u00fchungen, wichtige Sektoren wie Energie und die Bew\u00e4ltigung hybrider Bedrohungen sowie ihr unersch\u00fctterliches Engagement f\u00fcr die Souver\u00e4nit\u00e4t, Sicherheit und Resilienz Moldaus bekr\u00e4ftigen. EBS \u00fcbertr\u00e4gt die abschlie\u00dfende Pressekonferenz  <a target=\"_blank\" class=\"uri-ext outbound\" rel=\"noopener\" href=\"https:\/\/audiovisual.ec.europa.eu\/en\/ebs\/live\/1\">live<\/a>. Weitere Informationen  <a target=\"_blank\" class=\"uri-ext outbound\" rel=\"noopener\" href=\"https:\/\/www.consilium.europa.eu\/de\/meetings\/international-summit\/2025\/07\/04\/\">hier<\/a>. <\/p>\n<p class=\"contact-headline\">Pressekontakt:<\/p>\n<p class=\"contact-text\">Vertretung der Europ\u00e4ischen Kommission in Deutschland<br \/>Pressestelle Berlin<br \/>Unter den Linden 78<br \/>10117 Berlin<\/p>\n<p>eMail: <a href=\"https:\/\/www.presseportal.de\/pm\/35368\/mailto: COMM-REP-DE-PRESS@ec.europa.eu\" class=\"uri-mailto\" target=\"_blank\" rel=\"noopener\"> COMM-REP-DE-PRESS@ec.europa.eu<\/a><\/p>\n<p class=\"originator\">Original-Content von: Europ\u00e4ische Kommission, \u00fcbermittelt durch news aktuell<\/p>\n","protected":false},"excerpt":{"rendered":"27.06.2025 \u2013 14:45 Europ\u00e4ische Kommission Berlin (ots) Die EU-Terminvorschau ist ein Service der Vertretungen der EU-Kommission in Deutschland&hellip;\n","protected":false},"author":2,"featured_media":108,"comment_status":"","ping_status":"","sticky":false,"template":"","format":"standard","meta":{"footnotes":""},"categories":[3933],"tags":[331,332,6800,548,663,158,3934,3935,13,14,15,178,180,179,181,12,18867],"class_list":{"0":"post-224086","1":"post","2":"type-post","3":"status-publish","4":"format-standard","5":"has-post-thumbnail","7":"category-eu","8":"tag-aktuelle-nachrichten","9":"tag-aktuelle-news","10":"tag-auenpolitik","11":"tag-eu","12":"tag-europa","13":"tag-europaeische-union","14":"tag-europe","15":"tag-european-union","16":"tag-headlines","17":"tag-nachrichten","18":"tag-news","19":"tag-presse","20":"tag-pressemeldung","21":"tag-pressemitteilung","22":"tag-pressemitteilungen","23":"tag-schlagzeilen","24":"tag-terminvorschau"},"share_on_mastodon":{"url":"https:\/\/pubeurope.com\/@de\/114756837926181071","error":""},"_links":{"self":[{"href":"https:\/\/www.europesays.com\/de\/wp-json\/wp\/v2\/posts\/224086","targetHints":{"allow":["GET"]}}],"collection":[{"href":"https:\/\/www.europesays.com\/de\/wp-json\/wp\/v2\/posts"}],"about":[{"href":"https:\/\/www.europesays.com\/de\/wp-json\/wp\/v2\/types\/post"}],"author":[{"embeddable":true,"href":"https:\/\/www.europesays.com\/de\/wp-json\/wp\/v2\/users\/2"}],"replies":[{"embeddable":true,"href":"https:\/\/www.europesays.com\/de\/wp-json\/wp\/v2\/comments?post=224086"}],"version-history":[{"count":0,"href":"https:\/\/www.europesays.com\/de\/wp-json\/wp\/v2\/posts\/224086\/revisions"}],"wp:featuredmedia":[{"embeddable":true,"href":"https:\/\/www.europesays.com\/de\/wp-json\/wp\/v2\/media\/108"}],"wp:attachment":[{"href":"https:\/\/www.europesays.com\/de\/wp-json\/wp\/v2\/media?parent=224086"}],"wp:term":[{"taxonomy":"category","embeddable":true,"href":"https:\/\/www.europesays.com\/de\/wp-json\/wp\/v2\/categories?post=224086"},{"taxonomy":"post_tag","embeddable":true,"href":"https:\/\/www.europesays.com\/de\/wp-json\/wp\/v2\/tags?post=224086"}],"curies":[{"name":"wp","href":"https:\/\/api.w.org\/{rel}","templated":true}]}}