{"id":224107,"date":"2025-06-27T19:02:27","date_gmt":"2025-06-27T19:02:27","guid":{"rendered":"https:\/\/www.europesays.com\/de\/224107\/"},"modified":"2025-06-27T19:02:27","modified_gmt":"2025-06-27T19:02:27","slug":"unwetter-im-norden-bahnstrecke-wieder-freigegeben","status":"publish","type":"post","link":"https:\/\/www.europesays.com\/de\/224107\/","title":{"rendered":"Unwetter im Norden: Bahnstrecke wieder freigegeben"},"content":{"rendered":"<p>        <img decoding=\"async\" src=\"https:\/\/www.europesays.com\/de\/wp-content\/uploads\/2025\/06\/unwetter-1082.webp\" alt=\"Eine Unwetterfront ist in der Region Hannover am Horizont zu sehen.\" title=\"Eine Unwetterfront ist in der Region Hannover am Horizont zu sehen. | dpa\/Julian Stratenschulte\" class=\"responsive\"\/><\/p>\n<p>\n            Stand: 27.06.2025 18:17 Uhr<\/p>\n<p class=\"preface\">Nachdem starke Gewitter am Donnerstag \u00fcber Teile Niedersachsens und Mecklenburg-Vorpommerns gezogen sind, kam es noch am Freitag im Bahnverkehr zu Behinderungen. Inzwischen ist die Strecke wieder befahrbar.<\/p>\n<p class=\"\">\nSie sei am Freitag gegen 14.20 Uhr freigegeben worden, sagte eine Sprecherin der Deutschen Bahn dem NDR Niedersachsen. Infolge des Unwetters war ein Baum bei Stendal (Sachsen-Anhalt) auf Oberleitung und Schienen gest\u00fcrzt, danach war dort nur ein Gleis befahrbar. Einige ICE und IC-Z\u00fcge von Hannover und Braunschweig nach Berlin fielen aus oder versp\u00e4teten sich. Ebenfalls betroffen war der Regionalverkehr zwischen Wolfsburg und Braunschweig. Bereits vorab aufgehoben wurden am Freitagmittag Einschr\u00e4nkungen auf der ICE-Verbindung Hamburg &#8211; Berlin.<\/p>\n<p>    Vollgelaufene Keller und umgest\u00fcrzte B\u00e4ume<\/p>\n<p>                    <a href=\"https:\/\/www.europesays.com\/de\/wp-content\/uploads\/2025\/06\/unwetter-1086.webp\" class=\"zoomimage\" title=\"Bild vergr\u00f6\u00dfern\"><\/p>\n<p>        <img decoding=\"async\" src=\"https:\/\/www.europesays.com\/de\/wp-content\/uploads\/2025\/06\/unwetter-1086.webp\" alt=\"Ein abgebrochener Ast liegt nach einem Sturm auf Bahngleisen.\" title=\"Nahe der Ortschaft Lehre (Landkreis Helmstedt) war am Donnerstag ein Zug \u00fcber einen herabgefallenen Ast gefahren. In der Folge kam es zu Ausf\u00e4llen und Versp\u00e4tungen. | News5\" class=\"responsive\" loading=\"lazy\"\/><\/p>\n<p>                    <\/a><\/p>\n<p>                    Nahe der Ortschaft Lehre (Landkreis Helmstedt) war am Donnerstag ein Zug \u00fcber einen herabgefallenen Ast gefahren. In der Folge kam es zu Ausf\u00e4llen und Versp\u00e4tungen.<\/p>\n<p class=\"\">\nAm Donnerstag war unter anderem in V\u00f6hrum (Landkreis Peine) ein Baum auf die Gleise gest\u00fcrzt. Der Bahnverkehr zwischen Hannover und Braunschweig war bis zum sp\u00e4ten Abend eingestellt &#8211; von Hannover nach Braunschweig ging es nur per Bus. Allein in Niedersachsen hatte das am Donnerstag aufgezogene Unwetter f\u00fcr zahlreiche Eins\u00e4tze gesorgt. Betroffen war insbesondere der S\u00fcdosten des Landes rund um Braunschweig. In Peine, Helmstedt und Wolfsburg liefen bei einem heftigen Gewitter mit Starkregen am Nachmittag Keller voll. Starke Windb\u00f6en rissen \u00c4ste ab und entwurzelten B\u00e4ume. Auch in den Landkreisen Hildesheim und Hameln-Pyrmont musste die Feuerwehr wegen umgest\u00fcrzter B\u00e4ume ausr\u00fccken.<\/p>\n<p>        <img decoding=\"async\" src=\"https:\/\/www.europesays.com\/de\/wp-content\/uploads\/2025\/06\/fahrgastschiff-100.webp\" alt=\"Ein leeres Fahrgastschiff in Gifhorn. Es hatte sich in Algen verheddert.\" title=\"Ein leeres Fahrgastschiff in Gifhorn. Es hatte sich in Algen verheddert. | TeleNewsNetwork\" class=\"responsive\" loading=\"lazy\"\/><\/p>\n<p>\n                                    1 Min<\/p>\n<p>Die 43 Passagiere wurden von der Feuerwehr gerettet. Das Boot hatte sich in Gifhorn laut Feuerwehr in Pflanzen verfangen.<\/p>\n<p>    Ausflugsboot in Not, Schulausfall in Velpke<\/p>\n<p class=\"\">\nIn Wolfsburg st\u00fcrzte das Dach eines Baumarktes teilweise ein, bei Gifhorn musste die Feuerwehr w\u00e4hrend des Gewitters ein man\u00f6vrierunf\u00e4higes Ausflugsboot mit mehr als 40 Passagieren retten. Einen Wasserschaden gab es nach dem Unwetter an der Carl-Friedrich-Gau\u00df-Oberschule in Velpke (Landkreis Helmstedt) gegeben. Dort fiel am Donnerstag der Unterricht aus, das Geb\u00e4ude gab ein Statiker am Freitag wieder frei. Am Montag soll die Schule wieder \u00f6ffnen, hie\u00df es vom Landkreis Helmstedt.<\/p>\n<p>    Wetter hat sich beruhigt &#8211; keine Unwetter erwartet<\/p>\n<p class=\"\">\nAm Donnerstag hatte der Deutsche Wetterdienst f\u00fcr Teile Niedersachsens und Mecklenburg-Vorpommerns am Nachmittag und Abend zeitweise vor starken Gewittern sowie Sturmb\u00f6en, Starkregen und Hagel gewarnt. Ursache war laut Meteorologen ein kleines Tiefdruckgebiet, das von den Niederlanden in Richtung Ostsee zog. In der Nacht hatte sich die Lage beruhigt.<\/p>\n<p>        <img decoding=\"async\" src=\"https:\/\/www.europesays.com\/de\/wp-content\/uploads\/2025\/06\/mdr-baumreste-liegen-auf-einem-campingwagen-und-ein-zelt-ist-beschaedigt-100.webp\" alt=\"Baumreste liegen auf einem Campingwagen und ein Zelt ist besch\u00e4digt.\" title=\"Baumreste liegen auf einem Campingwagen und ein Zelt ist besch\u00e4digt. | picture alliance\/dpa | Matthias Bein\" class=\"responsive\" loading=\"lazy\"\/><\/p>\n<p>Unwetter haben in Sachsen-Anhalt f\u00fcr umgest\u00fcrzte B\u00e4ume und blockierte Stra\u00dfen gesorgt. Die Feuerwehren mussten zu Hunderten Eins\u00e4tzen ausr\u00fccken.<\/p>\n<p>Dieses Thema im Programm:<\/p>\n<p>                NDR 1 Niedersachsen | Aktuell | 27.06.2025 | 07:00 Uhr<\/p>\n","protected":false},"excerpt":{"rendered":"Stand: 27.06.2025 18:17 Uhr Nachdem starke Gewitter am Donnerstag \u00fcber Teile Niedersachsens und Mecklenburg-Vorpommerns gezogen sind, kam es&hellip;\n","protected":false},"author":2,"featured_media":224108,"comment_status":"","ping_status":"","sticky":false,"template":"","format":"standard","meta":{"footnotes":""},"categories":[1836],"tags":[2227,3364,29,4906,17989,30,19634,46,1411,16051,4028,26245,1973],"class_list":{"0":"post-224107","1":"post","2":"type-post","3":"status-publish","4":"format-standard","5":"has-post-thumbnail","7":"category-hannover","8":"tag-bahnverkehr","9":"tag-de","10":"tag-deutschland","11":"tag-dwd","12":"tag-extremwetter","13":"tag-germany","14":"tag-gewitter","15":"tag-hannover","16":"tag-niedersachsen","17":"tag-starkregen","18":"tag-unwetter","19":"tag-unwetterwarnung","20":"tag-wetter"},"share_on_mastodon":{"url":"https:\/\/pubeurope.com\/@de\/114756881432964663","error":""},"_links":{"self":[{"href":"https:\/\/www.europesays.com\/de\/wp-json\/wp\/v2\/posts\/224107","targetHints":{"allow":["GET"]}}],"collection":[{"href":"https:\/\/www.europesays.com\/de\/wp-json\/wp\/v2\/posts"}],"about":[{"href":"https:\/\/www.europesays.com\/de\/wp-json\/wp\/v2\/types\/post"}],"author":[{"embeddable":true,"href":"https:\/\/www.europesays.com\/de\/wp-json\/wp\/v2\/users\/2"}],"replies":[{"embeddable":true,"href":"https:\/\/www.europesays.com\/de\/wp-json\/wp\/v2\/comments?post=224107"}],"version-history":[{"count":0,"href":"https:\/\/www.europesays.com\/de\/wp-json\/wp\/v2\/posts\/224107\/revisions"}],"wp:featuredmedia":[{"embeddable":true,"href":"https:\/\/www.europesays.com\/de\/wp-json\/wp\/v2\/media\/224108"}],"wp:attachment":[{"href":"https:\/\/www.europesays.com\/de\/wp-json\/wp\/v2\/media?parent=224107"}],"wp:term":[{"taxonomy":"category","embeddable":true,"href":"https:\/\/www.europesays.com\/de\/wp-json\/wp\/v2\/categories?post=224107"},{"taxonomy":"post_tag","embeddable":true,"href":"https:\/\/www.europesays.com\/de\/wp-json\/wp\/v2\/tags?post=224107"}],"curies":[{"name":"wp","href":"https:\/\/api.w.org\/{rel}","templated":true}]}}